{"id":11431,"date":"2021-10-01T15:39:30","date_gmt":"2021-10-01T15:39:30","guid":{"rendered":"http:\/\/www.pasadenahoy.com\/primero\/?p=11431"},"modified":"2021-10-01T15:39:32","modified_gmt":"2021-10-01T15:39:32","slug":"las-hospitalizaciones-por-covid-19-en-el-condado-continuan-disminuyendo-comienzan-los-nuevos-requisitos-de-vacunacion","status":"publish","type":"post","link":"http:\/\/www.pasadenahoy.com\/primero\/la-comunidad\/las-hospitalizaciones-por-covid-19-en-el-condado-continuan-disminuyendo-comienzan-los-nuevos-requisitos-de-vacunacion\/","title":{"rendered":"Las hospitalizaciones por COVID-19 en el condado contin\u00faan disminuyendo, comienzan los nuevos requisitos de vacunaci\u00f3n"},"content":{"rendered":"\n<figure class=\"wp-block-image alignnone size-large\"><figure class=\"alignnone\"><img loading=\"lazy\" width=\"700\" height=\"378\" src=\"http:\/\/www.pasadenahoy.com\/primero\/wp-content\/uploads\/2021\/10\/pic-5.jpg\" alt=\"\" class=\"wp-image-11432\" srcset=\"http:\/\/www.pasadenahoy.com\/primero\/wp-content\/uploads\/2021\/10\/pic-5.jpg 700w, http:\/\/www.pasadenahoy.com\/primero\/wp-content\/uploads\/2021\/10\/pic-5-300x162.jpg 300w, http:\/\/www.pasadenahoy.com\/primero\/wp-content\/uploads\/2021\/10\/pic-5-241x130.jpg 241w, http:\/\/www.pasadenahoy.com\/primero\/wp-content\/uploads\/2021\/10\/pic-5-333x180.jpg 333w, http:\/\/www.pasadenahoy.com\/primero\/wp-content\/uploads\/2021\/10\/pic-5-360x194.jpg 360w\" sizes=\"100vw\" \/><\/figure><\/figure>\n\n\n\n<p>El n\u00famero de pacientes hospitalizados con COVID-19 en todo el condado de Los \u00c1ngeles continu\u00f3 disminuyendo el jueves despu\u00e9s de caer por debajo de 900 por primera vez desde julio.<\/p>\n\n\n\n<p>Los funcionarios de salud p\u00fablica del condado de Los \u00c1ngeles informaron que 872 pacientes estaban siendo tratados por el virus, y el 29% de ellos estaban alojados en unidades de cuidados intensivos.<\/p>\n\n\n\n<p>Las autoridades enumeraron 892 hospitalizaciones hasta el mi\u00e9rcoles y 992 hasta hace una semana.<\/p>\n\n\n\n<p>La variante Delta continu\u00f3 constituyendo el 100% de las muestras secuenciadas en el condado, dijeron funcionarios de salud p\u00fablica del condado en una declaraci\u00f3n escrita.<\/p>\n\n\n\n<p>Las autoridades informaron 1,535 nuevas infecciones en todo el condado y 28 nuevas muertes, elevando el total de la pandemia a 1,459,182 casos de COVID-19 y 26,106 muertes.<\/p>\n\n\n\n<p>La tasa de positividad de la prueba en todo el condado del jueves se midi\u00f3 en 1.6%.<\/p>\n\n\n\n<p>Los funcionarios de salud p\u00fablica de Pasadena anunciaron 18 nuevas infecciones y no nuevas muertes el jueves. En total, la ciudad hab\u00eda visto 13.233 casos confirmados del virus y 361 muertes.<\/p>\n\n\n\n<p>Durante la semana anterior, se descubri\u00f3 un promedio de 13,1 nuevas infecciones diarias, seg\u00fan los registros de la ciudad.<\/p>\n\n\n\n<p>El Distrito Escolar Unificado de Pasadena enumer\u00f3 10 infecciones estudiantiles y dos entre los miembros del personal durante la semana anterior.<\/p>\n\n\n\n<p>Numerosas pol\u00edticas y restricciones nuevas relacionadas con los mandatos de vacunaci\u00f3n se acercan r\u00e1pidamente a los plazos.<\/p>\n\n\n\n<p>Los trabajadores de atenci\u00f3n m\u00e9dica y de salud domiciliaria en el condado deb\u00edan mostrar prueba de vacunaci\u00f3n completa a partir del jueves, dijeron las autoridades.<\/p>\n\n\n\n<p>\u201cA principios de esta semana, el estado emiti\u00f3 una nueva orden que exige que los trabajadores en centros de atenci\u00f3n para adultos y personas mayores y en entornos de atenci\u00f3n domiciliaria directa est\u00e9n completamente vacunados antes del 30 de noviembre\u201d, seg\u00fan la declaraci\u00f3n del Departamento de Salud P\u00fablica del Condado de L.A. &#8220;LA. Los empleados del condado tienen hasta el 1 de octubre y los empleados de la ciudad de Los \u00c1ngeles tienen hasta el 5 de octubre &#8220;.<\/p>\n\n\n\n<p>La fecha l\u00edmite para los empleados de la ciudad de Pasadena pas\u00f3 el 17 de septiembre.<\/p>\n\n\n\n<p>La prueba de la vacunaci\u00f3n completa o un resultado negativo reciente de la prueba ser\u00e1 obligatoria para los &#8220;megaeventos&#8221; al aire libre en la jurisdicci\u00f3n del condado a partir del 7 de octubre, dijeron los funcionarios del condado. Los empleados de las partes interiores de bares, salones, clubes nocturnos, cervecer\u00edas, destiler\u00edas y bodegas deber\u00e1n mostrar un comprobante de al menos una dosis antes de la misma fecha.<\/p>\n\n\n\n<p>&#8220;El 4 de noviembre, los bares y establecimientos similares en todo el condado de L.A. deber\u00e1n verificar la vacunaci\u00f3n completa de todos los clientes y empleados antes de ingresar a las partes interiores de sus establecimientos&#8221;, agreg\u00f3 el comunicado.<\/p>\n\n\n\n<p>Seg\u00fan un mandato estatal, todos los maestros de California deben estar vacunados antes del 15 de octubre o someterse a pruebas semanales.<\/p>\n\n\n\n<p>Los estudiantes de 12 a\u00f1os o m\u00e1s en el Distrito Escolar Unificado de Los \u00c1ngeles deben mostrar un comprobante de vacunaci\u00f3n antes del 19 de diciembre.<\/p>\n\n\n\n<p>Y bajo una orden federal, todos los trabajadores federales deben estar completamente vacunados antes del 22 de noviembre.<\/p>\n\n\n\n<p>La directora de salud p\u00fablica del condado de Los \u00c1ngeles, Barbara Ferrer, dijo que esperaba que las nuevas pol\u00edticas aumentaran las tasas de vacunaci\u00f3n, salvando as\u00ed vidas.<\/p>\n\n\n\n<p>\u201cA medida que avancemos en los pr\u00f3ximos meses, ayudar a las organizaciones y establecimientos a cumplir con los requisitos de vacunaci\u00f3n ser\u00e1 un enfoque para nuestros equipos de salud p\u00fablica. Seguimos viendo altas tasas de cumplimiento con otras medidas de seguridad y anticipamos una cooperaci\u00f3n similar con la implementaci\u00f3n de los requisitos de verificaci\u00f3n de vacunaci\u00f3n \u201d, dijo.<\/p>\n\n\n\n<p>\u201cLos requisitos de vacunaci\u00f3n selectiva son una estrategia cr\u00edtica para mantener a las personas seguras, y tienen mucho en com\u00fan con muchas otras medidas de salud p\u00fablica empleadas para proteger a las personas de da\u00f1os\u201d, seg\u00fan Ferrer. \u201cLas personas no vacunadas tienen m\u00e1s probabilidades de infectarse y propagar el virus, que se transmite por el aire. El objetivo de estos mandatos de vacunaci\u00f3n dirigida es reducir los riesgos para mantener a todos a salvo mientras nos trasladamos lo m\u00e1s r\u00e1pido posible hacia el final de la pandemia &#8220;.<\/p>\n\n\n\n<p>Los funcionarios estatales de salud p\u00fablica informaron el jueves 5,967 nuevos casos de COVID-19 y 153 muertes, lo que elev\u00f3 las cifras en todo el estado a 4,488,848 infecciones y 68,670 muertes.<\/p>\n\n\n\n<p>La tasa de positividad semanal del estado se midi\u00f3 en 2.6%, seg\u00fan datos del Departamento de Salud P\u00fablica de California.<\/p>\n\n\n\n<p>Hasta el jueves, el condado de Los \u00c1ngeles representaba el 33% de los casos de COVID-19 de California y el 38% de las muertes del estado.<\/p>\n","protected":false},"excerpt":{"rendered":"<p>El n\u00famero de pacientes hospitalizados con COVID-19 en todo el condado de Los \u00c1ngeles continu\u00f3 disminuyendo el jueves despu\u00e9s de caer por debajo de 900 por primera vez desde julio. Los funcionarios de salud p\u00fablica del condado de Los \u00c1ngeles informaron que 872 pacientes estaban siendo tratados por el virus, y el 29% de ellos estaban alojados en unidades de cuidados intensivos. Las autoridades enumeraron 892 hospitalizaciones hasta el mi\u00e9rcoles y 992 hasta hace una semana. La variante Delta continu\u00f3 [&hellip;]<\/p>\n","protected":false},"author":4,"featured_media":0,"comment_status":"open","ping_status":"closed","sticky":false,"template":"","format":"standard","meta":[],"categories":[4],"tags":[],"acf":[],"_links":{"self":[{"href":"http:\/\/www.pasadenahoy.com\/primero\/wp-json\/wp\/v2\/posts\/11431"}],"collection":[{"href":"http:\/\/www.pasadenahoy.com\/primero\/wp-json\/wp\/v2\/posts"}],"about":[{"href":"http:\/\/www.pasadenahoy.com\/primero\/wp-json\/wp\/v2\/types\/post"}],"author":[{"embeddable":true,"href":"http:\/\/www.pasadenahoy.com\/primero\/wp-json\/wp\/v2\/users\/4"}],"replies":[{"embeddable":true,"href":"http:\/\/www.pasadenahoy.com\/primero\/wp-json\/wp\/v2\/comments?post=11431"}],"version-history":[{"count":2,"href":"http:\/\/www.pasadenahoy.com\/primero\/wp-json\/wp\/v2\/posts\/11431\/revisions"}],"predecessor-version":[{"id":11434,"href":"http:\/\/www.pasadenahoy.com\/primero\/wp-json\/wp\/v2\/posts\/11431\/revisions\/11434"}],"wp:attachment":[{"href":"http:\/\/www.pasadenahoy.com\/primero\/wp-json\/wp\/v2\/media?parent=11431"}],"wp:term":[{"taxonomy":"category","embeddable":true,"href":"http:\/\/www.pasadenahoy.com\/primero\/wp-json\/wp\/v2\/categories?post=11431"},{"taxonomy":"post_tag","embeddable":true,"href":"http:\/\/www.pasadenahoy.com\/primero\/wp-json\/wp\/v2\/tags?post=11431"}],"curies":[{"name":"wp","href":"https:\/\/api.w.org\/{rel}","templated":true}]}}