{"id":11435,"date":"2021-10-01T15:45:08","date_gmt":"2021-10-01T15:45:08","guid":{"rendered":"http:\/\/www.pasadenahoy.com\/primero\/?p=11435"},"modified":"2021-10-01T15:45:10","modified_gmt":"2021-10-01T15:45:10","slug":"la-junta-escolar-de-pasadena-aprueba-un-memorando-sobre-el-uso-de-los-parques-del-condado-de-los-angeles","status":"publish","type":"post","link":"http:\/\/www.pasadenahoy.com\/primero\/la-comunidad\/la-junta-escolar-de-pasadena-aprueba-un-memorando-sobre-el-uso-de-los-parques-del-condado-de-los-angeles\/","title":{"rendered":"La Junta Escolar de Pasadena aprueba un memorando sobre el uso de los parques del condado de Los \u00c1ngeles"},"content":{"rendered":"\n<figure class=\"wp-block-image alignnone size-large\"><figure class=\"alignnone\"><img loading=\"lazy\" width=\"700\" height=\"378\" src=\"http:\/\/www.pasadenahoy.com\/primero\/wp-content\/uploads\/2021\/10\/pic-6.png\" alt=\"\" class=\"wp-image-11436\" srcset=\"http:\/\/www.pasadenahoy.com\/primero\/wp-content\/uploads\/2021\/10\/pic-6.png 700w, http:\/\/www.pasadenahoy.com\/primero\/wp-content\/uploads\/2021\/10\/pic-6-300x162.png 300w, http:\/\/www.pasadenahoy.com\/primero\/wp-content\/uploads\/2021\/10\/pic-6-241x130.png 241w, http:\/\/www.pasadenahoy.com\/primero\/wp-content\/uploads\/2021\/10\/pic-6-333x180.png 333w, http:\/\/www.pasadenahoy.com\/primero\/wp-content\/uploads\/2021\/10\/pic-6-360x194.png 360w\" sizes=\"100vw\" \/><\/figure><\/figure>\n\n\n\n<p>La junta del Distrito Escolar Unificado de Pasadena (PUSD) aprob\u00f3 por unanimidad el jueves un memorando de acuerdo con el condado de Los \u00c1ngeles que permitir\u00eda el uso de los parques del condado para actividades deportivas relacionadas con las reuniones de Mission Valley League Cross Country.<\/p>\n\n\n\n<p>El memorando tambi\u00e9n permite que Marshall Fundamental School sea el anfitri\u00f3n de las reuniones de la liga.<\/p>\n\n\n\n<p>Seg\u00fan el PUSD, los parques que se utilizar\u00e1n para las reuniones de grupo de la Mission Valley League son Whittier Narrows y Bonelli Park.<\/p>\n\n\n\n<p>La segunda reuni\u00f3n del grupo est\u00e1 programada para el 6 de octubre y las finales de la liga se llevar\u00e1n a cabo el 1 de noviembre.<\/p>\n\n\n\n<p>El condado de Los \u00c1ngeles, que es propietario de los lugares mencionados, tiene la autoridad para permitir que las escuelas usen sus parques con el prop\u00f3sito de realizar eventos deportivos bajo el C\u00f3digo de Gobierno.<\/p>\n\n\n\n<p>De acuerdo con el C\u00f3digo de Educaci\u00f3n, los contratos con los distritos escolares no se pueden hacer cumplir a menos que sean aprobados por la junta escolar del distrito.<\/p>\n\n\n\n<p>El Memorando de Acuerdo entrar\u00e1 en vigencia el 1 de octubre y caducar\u00e1 despu\u00e9s de un a\u00f1o, a menos que se rescinda antes.<\/p>\n","protected":false},"excerpt":{"rendered":"<p>La junta del Distrito Escolar Unificado de Pasadena (PUSD) aprob\u00f3 por unanimidad el jueves un memorando de acuerdo con el condado de Los \u00c1ngeles que permitir\u00eda el uso de los parques del condado para actividades deportivas relacionadas con las reuniones de Mission Valley League Cross Country. El memorando tambi\u00e9n permite que Marshall Fundamental School sea el anfitri\u00f3n de las reuniones de la liga. Seg\u00fan el PUSD, los parques que se utilizar\u00e1n para las reuniones de grupo de la Mission Valley [&hellip;]<\/p>\n","protected":false},"author":4,"featured_media":0,"comment_status":"open","ping_status":"closed","sticky":false,"template":"","format":"standard","meta":[],"categories":[4],"tags":[],"acf":[],"_links":{"self":[{"href":"http:\/\/www.pasadenahoy.com\/primero\/wp-json\/wp\/v2\/posts\/11435"}],"collection":[{"href":"http:\/\/www.pasadenahoy.com\/primero\/wp-json\/wp\/v2\/posts"}],"about":[{"href":"http:\/\/www.pasadenahoy.com\/primero\/wp-json\/wp\/v2\/types\/post"}],"author":[{"embeddable":true,"href":"http:\/\/www.pasadenahoy.com\/primero\/wp-json\/wp\/v2\/users\/4"}],"replies":[{"embeddable":true,"href":"http:\/\/www.pasadenahoy.com\/primero\/wp-json\/wp\/v2\/comments?post=11435"}],"version-history":[{"count":2,"href":"http:\/\/www.pasadenahoy.com\/primero\/wp-json\/wp\/v2\/posts\/11435\/revisions"}],"predecessor-version":[{"id":11438,"href":"http:\/\/www.pasadenahoy.com\/primero\/wp-json\/wp\/v2\/posts\/11435\/revisions\/11438"}],"wp:attachment":[{"href":"http:\/\/www.pasadenahoy.com\/primero\/wp-json\/wp\/v2\/media?parent=11435"}],"wp:term":[{"taxonomy":"category","embeddable":true,"href":"http:\/\/www.pasadenahoy.com\/primero\/wp-json\/wp\/v2\/categories?post=11435"},{"taxonomy":"post_tag","embeddable":true,"href":"http:\/\/www.pasadenahoy.com\/primero\/wp-json\/wp\/v2\/tags?post=11435"}],"curies":[{"name":"wp","href":"https:\/\/api.w.org\/{rel}","templated":true}]}}