{"id":11447,"date":"2021-10-04T15:25:07","date_gmt":"2021-10-04T15:25:07","guid":{"rendered":"http:\/\/www.pasadenahoy.com\/primero\/?p=11447"},"modified":"2021-10-04T15:25:09","modified_gmt":"2021-10-04T15:25:09","slug":"la-ordenanza-de-contribucion-de-campana-sin-limite-de-pasadena-mas-cerca-de-convertirse-en-ley","status":"publish","type":"post","link":"http:\/\/www.pasadenahoy.com\/primero\/el-gobierno-local\/la-ordenanza-de-contribucion-de-campana-sin-limite-de-pasadena-mas-cerca-de-convertirse-en-ley\/","title":{"rendered":"La Ordenanza de Contribuci\u00f3n de Campa\u00f1a Sin L\u00edmite de Pasadena m\u00e1s cerca de convertirse en ley"},"content":{"rendered":"\n<p><\/p>\n\n\n\n<figure class=\"wp-block-image alignnone size-large\"><figure class=\"alignnone\"><img loading=\"lazy\" width=\"700\" height=\"378\" src=\"http:\/\/www.pasadenahoy.com\/primero\/wp-content\/uploads\/2021\/10\/pic2.jpg\" alt=\"\" class=\"wp-image-11448\" srcset=\"http:\/\/www.pasadenahoy.com\/primero\/wp-content\/uploads\/2021\/10\/pic2.jpg 700w, http:\/\/www.pasadenahoy.com\/primero\/wp-content\/uploads\/2021\/10\/pic2-300x162.jpg 300w, http:\/\/www.pasadenahoy.com\/primero\/wp-content\/uploads\/2021\/10\/pic2-241x130.jpg 241w, http:\/\/www.pasadenahoy.com\/primero\/wp-content\/uploads\/2021\/10\/pic2-333x180.jpg 333w, http:\/\/www.pasadenahoy.com\/primero\/wp-content\/uploads\/2021\/10\/pic2-360x194.jpg 360w\" sizes=\"100vw\" \/><\/figure><\/figure>\n\n\n\n<p>El Ayuntamiento tiene previsto realizar el lunes la primera lectura de una ordenanza que permitir\u00eda realizar campa\u00f1as locales sin l\u00edmites de contribuci\u00f3n.<\/p>\n\n\n\n<p>Hist\u00f3ricamente, las campa\u00f1as locales del Concejo Municipal no han tenido l\u00edmites de contribuci\u00f3n de campa\u00f1a, pero esa pr\u00e1ctica se vio amenazada por una nueva ley estatal que oblig\u00f3 al Concejo a tomar medidas.<\/p>\n\n\n\n<p>El Proyecto de Ley de la Asamblea 571, que entr\u00f3 en vigor en enero, limita las contribuciones de campa\u00f1a a $ 4,900 por contribuyente durante una elecci\u00f3n. Con el fin de controlar los l\u00edmites de contribuci\u00f3n al financiamiento de campa\u00f1as locales, el consejo se vio obligado a aprobar la ordenanza.<\/p>\n\n\n\n<p>Cuando el asunto lleg\u00f3 al Concejo Municipal en agosto, el alcalde Victor Gordo y los concejales Tyron Hampton, John Kennedy, Steve Madison, Gene Masuda y Felicia Williams votaron a favor de la ordenanza.<\/p>\n\n\n\n<p>Jess Rivas, concejal del Distrito 5, vot\u00f3 en contra del tema. El vicealcalde Andy Wilson estuvo ausente.<\/p>\n\n\n\n<p>Rivas expres\u00f3 su preocupaci\u00f3n sobre c\u00f3mo el p\u00fablico puede percibir las grandes contribuciones de campa\u00f1a, y agreg\u00f3 que el p\u00fablico podr\u00eda pensar que los funcionarios estar\u00e1n en deuda con los donantes que aportaron grandes cantidades y priorizar\u00e1n sus intereses a expensas de la gente.<\/p>\n\n\n\n<p>\u201cNo apoyar\u00eda contribuciones ilimitadas. Personalmente, creo que el saldo l\u00edmite estatal no es tan peque\u00f1o \u201d, dijo Rivas.<\/p>\n\n\n\n<p>Una vez que se hayan realizado dos lecturas de la ordenanza, la ordenanza reemplazar\u00e1 a AB 571.<\/p>\n\n\n\n<p>Durante su reuni\u00f3n, el Ayuntamiento tambi\u00e9n ha decidido discutir m\u00e1s a fondo si limitar\u00e1 o no las contribuciones de campa\u00f1a de grupos e individuos que hacen negocios con la ciudad.<\/p>\n\n\n\n<p>La ordenanza entrar\u00e1 en vigor mucho antes del pr\u00f3ximo ciclo de elecciones de la ciudad, cuando se decidir\u00e1n los puestos para los distritos 3, 5 y 7 del Concejo Municipal.<\/p>\n\n\n\n<p>El per\u00edodo oficial de nominaciones para las elecciones del 7 de junio comienza el 14 de febrero.<\/p>\n","protected":false},"excerpt":{"rendered":"<p>El Ayuntamiento tiene previsto realizar el lunes la primera lectura de una ordenanza que permitir\u00eda realizar campa\u00f1as locales sin l\u00edmites de contribuci\u00f3n. Hist\u00f3ricamente, las campa\u00f1as locales del Concejo Municipal no han tenido l\u00edmites de contribuci\u00f3n de campa\u00f1a, pero esa pr\u00e1ctica se vio amenazada por una nueva ley estatal que oblig\u00f3 al Concejo a tomar medidas. El Proyecto de Ley de la Asamblea 571, que entr\u00f3 en vigor en enero, limita las contribuciones de campa\u00f1a a $ 4,900 por contribuyente durante [&hellip;]<\/p>\n","protected":false},"author":4,"featured_media":11448,"comment_status":"open","ping_status":"closed","sticky":false,"template":"","format":"standard","meta":[],"categories":[6],"tags":[],"acf":[],"_links":{"self":[{"href":"http:\/\/www.pasadenahoy.com\/primero\/wp-json\/wp\/v2\/posts\/11447"}],"collection":[{"href":"http:\/\/www.pasadenahoy.com\/primero\/wp-json\/wp\/v2\/posts"}],"about":[{"href":"http:\/\/www.pasadenahoy.com\/primero\/wp-json\/wp\/v2\/types\/post"}],"author":[{"embeddable":true,"href":"http:\/\/www.pasadenahoy.com\/primero\/wp-json\/wp\/v2\/users\/4"}],"replies":[{"embeddable":true,"href":"http:\/\/www.pasadenahoy.com\/primero\/wp-json\/wp\/v2\/comments?post=11447"}],"version-history":[{"count":2,"href":"http:\/\/www.pasadenahoy.com\/primero\/wp-json\/wp\/v2\/posts\/11447\/revisions"}],"predecessor-version":[{"id":11450,"href":"http:\/\/www.pasadenahoy.com\/primero\/wp-json\/wp\/v2\/posts\/11447\/revisions\/11450"}],"wp:featuredmedia":[{"embeddable":true,"href":"http:\/\/www.pasadenahoy.com\/primero\/wp-json\/wp\/v2\/media\/11448"}],"wp:attachment":[{"href":"http:\/\/www.pasadenahoy.com\/primero\/wp-json\/wp\/v2\/media?parent=11447"}],"wp:term":[{"taxonomy":"category","embeddable":true,"href":"http:\/\/www.pasadenahoy.com\/primero\/wp-json\/wp\/v2\/categories?post=11447"},{"taxonomy":"post_tag","embeddable":true,"href":"http:\/\/www.pasadenahoy.com\/primero\/wp-json\/wp\/v2\/tags?post=11447"}],"curies":[{"name":"wp","href":"https:\/\/api.w.org\/{rel}","templated":true}]}}