{"id":11452,"date":"2021-10-04T15:32:49","date_gmt":"2021-10-04T15:32:49","guid":{"rendered":"http:\/\/www.pasadenahoy.com\/primero\/?p=11452"},"modified":"2021-10-04T15:32:51","modified_gmt":"2021-10-04T15:32:51","slug":"el-ayuntamiento-y-el-publico-dan-un-primer-vistazo-al-proyecto-de-viviendas-para-personas-mayores-que-se-construira-frente-al-ayuntamiento","status":"publish","type":"post","link":"http:\/\/www.pasadenahoy.com\/primero\/el-gobierno-local\/el-ayuntamiento-y-el-publico-dan-un-primer-vistazo-al-proyecto-de-viviendas-para-personas-mayores-que-se-construira-frente-al-ayuntamiento\/","title":{"rendered":"El ayuntamiento y el p\u00fablico dan un primer vistazo al proyecto de viviendas para personas mayores que se construir\u00e1 frente al ayuntamiento"},"content":{"rendered":"\n<figure class=\"wp-block-image alignnone size-large\"><figure class=\"alignnone\"><img loading=\"lazy\" width=\"700\" height=\"378\" src=\"http:\/\/www.pasadenahoy.com\/primero\/wp-content\/uploads\/2021\/10\/pic-3.png\" alt=\"\" class=\"wp-image-11453\" srcset=\"http:\/\/www.pasadenahoy.com\/primero\/wp-content\/uploads\/2021\/10\/pic-3.png 700w, http:\/\/www.pasadenahoy.com\/primero\/wp-content\/uploads\/2021\/10\/pic-3-300x162.png 300w, http:\/\/www.pasadenahoy.com\/primero\/wp-content\/uploads\/2021\/10\/pic-3-241x130.png 241w, http:\/\/www.pasadenahoy.com\/primero\/wp-content\/uploads\/2021\/10\/pic-3-333x180.png 333w, http:\/\/www.pasadenahoy.com\/primero\/wp-content\/uploads\/2021\/10\/pic-3-360x194.png 360w\" sizes=\"100vw\" \/><\/figure><\/figure>\n\n\n\n<p>El Ayuntamiento de Pasadena examinar\u00e1 por primera vez un plan para construir un proyecto de vivienda asequible para personas mayores de 112 unidades y cinco pisos en 280 Ramona St. o 279 E. Holly St. en Pasadena, que actualmente est\u00e1 siendo revisado por el plan de predesarrollo. Departamento de Planificaci\u00f3n y Desarrollo Comunitario.<\/p>\n\n\n\n<p>Un informe de la agenda del Departamento de Planificaci\u00f3n muestra que el sitio, con un \u00e1rea de 43.258 pies cuadrados, est\u00e1 ubicado en el Centro C\u00edvico, adyacente al antiguo edificio de la YMCA con fachada en East Holly Street, Garfield Avenue y Ramona Street. Se divide en zonas CD-2 (Plan espec\u00edfico del distrito central) y actualmente est\u00e1 vacante, excepto por un peque\u00f1o contenedor de almacenamiento que se encuentra en el sitio.<\/p>\n\n\n\n<p>El proyecto de viviendas para personas mayores planificado tendr\u00e1 comodidades en el lugar, dos patios, incluido uno semip\u00fablico, y un nivel de estacionamiento subterr\u00e1neo con 44 espacios de estacionamiento, mostr\u00f3 el informe.<\/p>\n\n\n\n<p>El solicitante, National CORE (Community Renaissance) de California, planea instalar una comunidad de viviendas para personas mayores que sea 100 por ciento asequible, con un 50% reservado para personas mayores con ingresos medios promedio y un m\u00ednimo del 10% reservado para viviendas de apoyo permanente. El plan muestra que el edificio tendr\u00e1 hasta 26 unidades de estudio, 78 unidades de un dormitorio y ocho unidades de dos dormitorios cuando est\u00e9 terminado.<\/p>\n\n\n\n<p>El edificio tendr\u00e1 60 pies de altura y su arquitectura ser\u00e1 &#8220;complementaria del Ayuntamiento y los edificios circundantes con (una) entrada monumental que da al Ayuntamiento&#8221;, dice una descripci\u00f3n en el sitio web del solicitante. El arquitecto es ONYX Architects, con sede en Pasadena, que seg\u00fan la descripci\u00f3n tiene &#8220;una amplia experiencia en la integraci\u00f3n de edificios en entornos hist\u00f3ricos&#8221;.<\/p>\n\n\n\n<p>El Departamento de Planificaci\u00f3n dijo que el solicitante est\u00e1 solicitando un bono de densidad del 30% ya que las 112 unidades propuestas exceden la densidad m\u00e1xima permitida por el Plan General. El informe agreg\u00f3 que esto est\u00e1 permitido por la Ley de Bonificaci\u00f3n por Densidad del estado.<\/p>\n\n\n\n<p>\u201cPor lo tanto, la densidad y la intensidad del proyecto propuesto son consistentes con el Mapa de Uso del Suelo del Plan General\u201d, agrega el informe.<\/p>\n\n\n\n<p>Se espera que el personal del Departamento de Planificaci\u00f3n haga una presentaci\u00f3n inicial del proyecto el lunes, aunque no se espera que el Ayuntamiento decida de inmediato ning\u00fan curso de acci\u00f3n al respecto, ya que el proyecto es solo un \u201celemento informativo\u201d en la agenda.<\/p>\n\n\n\n<p>Las reuniones del Ayuntamiento siguen siendo \u00fanicamente por videoconferencia. Los miembros de la comunidad pueden ver los procedimientos a trav\u00e9s de <a href=\"http:\/\/www.pasadenamedia.org\/\">www.pasadenamedia.org <\/a>o en Zoom, <a href=\"https:\/\/us02web.zoom.us\/j\/161482446. \">https:\/\/us02web.zoom.us\/j\/161482446. <\/a>El ID de la reuni\u00f3n es 161 482 446.<\/p>\n","protected":false},"excerpt":{"rendered":"<p>El Ayuntamiento de Pasadena examinar\u00e1 por primera vez un plan para construir un proyecto de vivienda asequible para personas mayores de 112 unidades y cinco pisos en 280 Ramona St. o 279 E. Holly St. en Pasadena, que actualmente est\u00e1 siendo revisado por el plan de predesarrollo. Departamento de Planificaci\u00f3n y Desarrollo Comunitario. Un informe de la agenda del Departamento de Planificaci\u00f3n muestra que el sitio, con un \u00e1rea de 43.258 pies cuadrados, est\u00e1 ubicado en el Centro C\u00edvico, adyacente [&hellip;]<\/p>\n","protected":false},"author":4,"featured_media":11453,"comment_status":"open","ping_status":"closed","sticky":false,"template":"","format":"standard","meta":[],"categories":[6],"tags":[],"acf":[],"_links":{"self":[{"href":"http:\/\/www.pasadenahoy.com\/primero\/wp-json\/wp\/v2\/posts\/11452"}],"collection":[{"href":"http:\/\/www.pasadenahoy.com\/primero\/wp-json\/wp\/v2\/posts"}],"about":[{"href":"http:\/\/www.pasadenahoy.com\/primero\/wp-json\/wp\/v2\/types\/post"}],"author":[{"embeddable":true,"href":"http:\/\/www.pasadenahoy.com\/primero\/wp-json\/wp\/v2\/users\/4"}],"replies":[{"embeddable":true,"href":"http:\/\/www.pasadenahoy.com\/primero\/wp-json\/wp\/v2\/comments?post=11452"}],"version-history":[{"count":2,"href":"http:\/\/www.pasadenahoy.com\/primero\/wp-json\/wp\/v2\/posts\/11452\/revisions"}],"predecessor-version":[{"id":11455,"href":"http:\/\/www.pasadenahoy.com\/primero\/wp-json\/wp\/v2\/posts\/11452\/revisions\/11455"}],"wp:featuredmedia":[{"embeddable":true,"href":"http:\/\/www.pasadenahoy.com\/primero\/wp-json\/wp\/v2\/media\/11453"}],"wp:attachment":[{"href":"http:\/\/www.pasadenahoy.com\/primero\/wp-json\/wp\/v2\/media?parent=11452"}],"wp:term":[{"taxonomy":"category","embeddable":true,"href":"http:\/\/www.pasadenahoy.com\/primero\/wp-json\/wp\/v2\/categories?post=11452"},{"taxonomy":"post_tag","embeddable":true,"href":"http:\/\/www.pasadenahoy.com\/primero\/wp-json\/wp\/v2\/tags?post=11452"}],"curies":[{"name":"wp","href":"https:\/\/api.w.org\/{rel}","templated":true}]}}