{"id":11468,"date":"2021-10-04T15:52:27","date_gmt":"2021-10-04T15:52:27","guid":{"rendered":"http:\/\/www.pasadenahoy.com\/primero\/?p=11468"},"modified":"2021-10-04T15:52:29","modified_gmt":"2021-10-04T15:52:29","slug":"se-sospecha-el-primer-suicidio-en-el-puente-de-colorado-street-en-2021-despues-de-que-se-encontrara-el-cuerpo-en-arroyo","status":"publish","type":"post","link":"http:\/\/www.pasadenahoy.com\/primero\/la-comunidad\/se-sospecha-el-primer-suicidio-en-el-puente-de-colorado-street-en-2021-despues-de-que-se-encontrara-el-cuerpo-en-arroyo\/","title":{"rendered":"Se sospecha el primer suicidio en el puente de Colorado Street en 2021 despu\u00e9s de que se encontrara el cuerpo en Arroyo"},"content":{"rendered":"\n<figure class=\"wp-block-image alignnone size-large\"><figure class=\"alignnone\"><img loading=\"lazy\" width=\"700\" height=\"378\" src=\"http:\/\/www.pasadenahoy.com\/primero\/wp-content\/uploads\/2021\/10\/pic-7.png\" alt=\"\" class=\"wp-image-11469\" srcset=\"http:\/\/www.pasadenahoy.com\/primero\/wp-content\/uploads\/2021\/10\/pic-7.png 700w, http:\/\/www.pasadenahoy.com\/primero\/wp-content\/uploads\/2021\/10\/pic-7-300x162.png 300w, http:\/\/www.pasadenahoy.com\/primero\/wp-content\/uploads\/2021\/10\/pic-7-241x130.png 241w, http:\/\/www.pasadenahoy.com\/primero\/wp-content\/uploads\/2021\/10\/pic-7-333x180.png 333w, http:\/\/www.pasadenahoy.com\/primero\/wp-content\/uploads\/2021\/10\/pic-7-360x194.png 360w\" sizes=\"100vw\" \/><figcaption><span class=\"caption-text\">\u00a9 Colaboradores de OpenStreetMap<\/span><\/figcaption><\/figure><\/figure>\n\n\n\n<p>Un cuerpo fue descubierto debajo del puente de Colorado Street en Pasadena el domingo por la ma\u00f1ana en lo que inicialmente estaba siendo investigado como un suicidio, dijeron las autoridades.<\/p>\n\n\n\n<p>Un excursionista descubri\u00f3 el cuerpo, inicialmente descrito solo como hombre, poco despu\u00e9s de las 8:30 a.m. en el Arroyo Seco debajo del puente, seg\u00fan los registros de despacho de la polic\u00eda de Pasadena y del departamento de bomberos.<\/p>\n\n\n\n<p>El incidente fue el primer suicidio reportado desde el puente en 2021.<\/p>\n\n\n\n<p>No hubo signos iniciales de juego sucio, dijo la polic\u00eda. La investigaci\u00f3n estaba en curso.<\/p>\n\n\n\n<p>Los incidentes fatales han disminuido dr\u00e1sticamente desde que el administrador de la ciudad, Steve Mermell, tom\u00f3 medidas de emergencia para mitigar los suicidios en el puente de la calle Colorado.<\/p>\n\n\n\n<p>En 2017, 10 personas saltaron a la muerte desde el puente, otras 22 o fueron disuadidas, subieron al puente o estaban parados cerca contemplando el suicidio.<\/p>\n\n\n\n<p>Mermell declar\u00f3 una emergencia local despu\u00e9s de que la polic\u00eda pas\u00f3 13 horas hablando con \u00e9xito de un hombre angustiado durante el fin de semana del D\u00eda del Trabajo.<\/p>\n\n\n\n<p>Usando sus poderes de emergencia, Mermell gast\u00f3 $ 295,932 en cercas para abarcar ambos lados del puente de 1,400 pies de largo.<\/p>\n\n\n\n<p>Las preocupaciones sobre los saltadores aumentaron despu\u00e9s de que la ciudad aprob\u00f3 un proyecto de vivienda de H\u00e1bitat para la Humanidad debajo de la famosa estructura.<\/p>\n\n\n\n<p>Cualquier persona que est\u00e9 lidiando con una crisis de salud mental debe comunicarse con la L\u00ednea <a href=\"https:\/\/suicidepreventionlifeline.org\/\">Nacional de Prevenci\u00f3n del Suicidio<\/a> al (800) 273-8255.<\/p>\n","protected":false},"excerpt":{"rendered":"<p>Un cuerpo fue descubierto debajo del puente de Colorado Street en Pasadena el domingo por la ma\u00f1ana en lo que inicialmente estaba siendo investigado como un suicidio, dijeron las autoridades. Un excursionista descubri\u00f3 el cuerpo, inicialmente descrito solo como hombre, poco despu\u00e9s de las 8:30 a.m. en el Arroyo Seco debajo del puente, seg\u00fan los registros de despacho de la polic\u00eda de Pasadena y del departamento de bomberos. El incidente fue el primer suicidio reportado desde el puente en 2021. [&hellip;]<\/p>\n","protected":false},"author":4,"featured_media":0,"comment_status":"open","ping_status":"closed","sticky":false,"template":"","format":"standard","meta":[],"categories":[4],"tags":[],"acf":[],"_links":{"self":[{"href":"http:\/\/www.pasadenahoy.com\/primero\/wp-json\/wp\/v2\/posts\/11468"}],"collection":[{"href":"http:\/\/www.pasadenahoy.com\/primero\/wp-json\/wp\/v2\/posts"}],"about":[{"href":"http:\/\/www.pasadenahoy.com\/primero\/wp-json\/wp\/v2\/types\/post"}],"author":[{"embeddable":true,"href":"http:\/\/www.pasadenahoy.com\/primero\/wp-json\/wp\/v2\/users\/4"}],"replies":[{"embeddable":true,"href":"http:\/\/www.pasadenahoy.com\/primero\/wp-json\/wp\/v2\/comments?post=11468"}],"version-history":[{"count":2,"href":"http:\/\/www.pasadenahoy.com\/primero\/wp-json\/wp\/v2\/posts\/11468\/revisions"}],"predecessor-version":[{"id":11471,"href":"http:\/\/www.pasadenahoy.com\/primero\/wp-json\/wp\/v2\/posts\/11468\/revisions\/11471"}],"wp:attachment":[{"href":"http:\/\/www.pasadenahoy.com\/primero\/wp-json\/wp\/v2\/media?parent=11468"}],"wp:term":[{"taxonomy":"category","embeddable":true,"href":"http:\/\/www.pasadenahoy.com\/primero\/wp-json\/wp\/v2\/categories?post=11468"},{"taxonomy":"post_tag","embeddable":true,"href":"http:\/\/www.pasadenahoy.com\/primero\/wp-json\/wp\/v2\/tags?post=11468"}],"curies":[{"name":"wp","href":"https:\/\/api.w.org\/{rel}","templated":true}]}}