{"id":11508,"date":"2021-10-05T15:52:55","date_gmt":"2021-10-05T15:52:55","guid":{"rendered":"http:\/\/www.pasadenahoy.com\/primero\/?p=11508"},"modified":"2021-10-05T15:52:57","modified_gmt":"2021-10-05T15:52:57","slug":"disparos-en-pasadena-no-se-encontraron-victimas","status":"publish","type":"post","link":"http:\/\/www.pasadenahoy.com\/primero\/la-comunidad\/disparos-en-pasadena-no-se-encontraron-victimas\/","title":{"rendered":"Disparos en Pasadena; No se encontraron v\u00edctimas"},"content":{"rendered":"\n<figure class=\"wp-block-image alignnone size-large\"><figure class=\"alignnone\"><img loading=\"lazy\" width=\"700\" height=\"378\" src=\"http:\/\/www.pasadenahoy.com\/primero\/wp-content\/uploads\/2021\/10\/pic-6-1.png\" alt=\"\" class=\"wp-image-11509\" srcset=\"http:\/\/www.pasadenahoy.com\/primero\/wp-content\/uploads\/2021\/10\/pic-6-1.png 700w, http:\/\/www.pasadenahoy.com\/primero\/wp-content\/uploads\/2021\/10\/pic-6-1-300x162.png 300w, http:\/\/www.pasadenahoy.com\/primero\/wp-content\/uploads\/2021\/10\/pic-6-1-241x130.png 241w, http:\/\/www.pasadenahoy.com\/primero\/wp-content\/uploads\/2021\/10\/pic-6-1-333x180.png 333w, http:\/\/www.pasadenahoy.com\/primero\/wp-content\/uploads\/2021\/10\/pic-6-1-360x194.png 360w\" sizes=\"100vw\" \/><figcaption><span class=\"caption-text\">\u00a9 Colaboradores de OpenStreetMap<\/span><\/figcaption><\/figure><\/figure>\n\n\n\n<p>La polic\u00eda recuper\u00f3 casquillos de bala gastados, pero no encontr\u00f3 v\u00edctimas luego de un tiroteo en Pasadena el lunes temprano, dijeron las autoridades.<\/p>\n\n\n\n<p>Varios testigos llamaron al 911 alrededor de las 12:30 a.m. para informar que escucharon disparos en el \u00e1rea de Raymond Avenue y Maple Street, dijo el teniente de la polic\u00eda de Pasadena, Sean Dawkins.<\/p>\n\n\n\n<p>Los oficiales de investigaci\u00f3n encontraron casquillos de bala a lo largo de Raymond Avenue, justo al norte de Maple Street, dijo. Pero no hubo se\u00f1ales de v\u00edctimas, ni en el lugar ni en los hospitales locales.<\/p>\n\n\n\n<p>No se dispon\u00eda de una descripci\u00f3n del sospechoso.<\/p>\n\n\n\n<p>Cualquier persona que tenga informaci\u00f3n puede comunicarse con el Departamento de Polic\u00eda de Pasadena al (626) 744-4501. Las pistas tambi\u00e9n se pueden enviar de forma an\u00f3nima a <a href=\"https:\/\/www.lacrimestoppers.org\/\">L.A. Regional Crime Stoppers <\/a>al (800) 222-8477.<\/p>\n","protected":false},"excerpt":{"rendered":"<p>La polic\u00eda recuper\u00f3 casquillos de bala gastados, pero no encontr\u00f3 v\u00edctimas luego de un tiroteo en Pasadena el lunes temprano, dijeron las autoridades. Varios testigos llamaron al 911 alrededor de las 12:30 a.m. para informar que escucharon disparos en el \u00e1rea de Raymond Avenue y Maple Street, dijo el teniente de la polic\u00eda de Pasadena, Sean Dawkins. Los oficiales de investigaci\u00f3n encontraron casquillos de bala a lo largo de Raymond Avenue, justo al norte de Maple Street, dijo. Pero no [&hellip;]<\/p>\n","protected":false},"author":4,"featured_media":0,"comment_status":"open","ping_status":"closed","sticky":false,"template":"","format":"standard","meta":[],"categories":[4],"tags":[],"acf":[],"_links":{"self":[{"href":"http:\/\/www.pasadenahoy.com\/primero\/wp-json\/wp\/v2\/posts\/11508"}],"collection":[{"href":"http:\/\/www.pasadenahoy.com\/primero\/wp-json\/wp\/v2\/posts"}],"about":[{"href":"http:\/\/www.pasadenahoy.com\/primero\/wp-json\/wp\/v2\/types\/post"}],"author":[{"embeddable":true,"href":"http:\/\/www.pasadenahoy.com\/primero\/wp-json\/wp\/v2\/users\/4"}],"replies":[{"embeddable":true,"href":"http:\/\/www.pasadenahoy.com\/primero\/wp-json\/wp\/v2\/comments?post=11508"}],"version-history":[{"count":2,"href":"http:\/\/www.pasadenahoy.com\/primero\/wp-json\/wp\/v2\/posts\/11508\/revisions"}],"predecessor-version":[{"id":11511,"href":"http:\/\/www.pasadenahoy.com\/primero\/wp-json\/wp\/v2\/posts\/11508\/revisions\/11511"}],"wp:attachment":[{"href":"http:\/\/www.pasadenahoy.com\/primero\/wp-json\/wp\/v2\/media?parent=11508"}],"wp:term":[{"taxonomy":"category","embeddable":true,"href":"http:\/\/www.pasadenahoy.com\/primero\/wp-json\/wp\/v2\/categories?post=11508"},{"taxonomy":"post_tag","embeddable":true,"href":"http:\/\/www.pasadenahoy.com\/primero\/wp-json\/wp\/v2\/tags?post=11508"}],"curies":[{"name":"wp","href":"https:\/\/api.w.org\/{rel}","templated":true}]}}