{"id":11520,"date":"2021-10-06T15:22:44","date_gmt":"2021-10-06T15:22:44","guid":{"rendered":"http:\/\/www.pasadenahoy.com\/primero\/?p=11520"},"modified":"2021-10-06T15:45:24","modified_gmt":"2021-10-06T15:45:24","slug":"la-tasa-de-covid-19-cae-en-el-condado-de-los-angeles-lo-que-impulsa-la-discusion-sobre-el-mandato-de-levantar-la-mascara-en-entornos-al-aire-libre","status":"publish","type":"post","link":"http:\/\/www.pasadenahoy.com\/primero\/la-comunidad\/la-tasa-de-covid-19-cae-en-el-condado-de-los-angeles-lo-que-impulsa-la-discusion-sobre-el-mandato-de-levantar-la-mascara-en-entornos-al-aire-libre\/","title":{"rendered":"La tasa de COVID-19 cae en el condado de Los \u00c1ngeles, lo que impulsa la discusi\u00f3n sobre el mandato de levantar la m\u00e1scara en entornos al aire libre"},"content":{"rendered":"\n<figure class=\"wp-block-image alignnone size-large\"><figure class=\"alignnone\"><img loading=\"lazy\" width=\"700\" height=\"378\" src=\"http:\/\/www.pasadenahoy.com\/primero\/wp-content\/uploads\/2021\/10\/pic-2-2.jpg\" alt=\"\" class=\"wp-image-11521\" srcset=\"http:\/\/www.pasadenahoy.com\/primero\/wp-content\/uploads\/2021\/10\/pic-2-2.jpg 700w, http:\/\/www.pasadenahoy.com\/primero\/wp-content\/uploads\/2021\/10\/pic-2-2-300x162.jpg 300w, http:\/\/www.pasadenahoy.com\/primero\/wp-content\/uploads\/2021\/10\/pic-2-2-241x130.jpg 241w, http:\/\/www.pasadenahoy.com\/primero\/wp-content\/uploads\/2021\/10\/pic-2-2-333x180.jpg 333w, http:\/\/www.pasadenahoy.com\/primero\/wp-content\/uploads\/2021\/10\/pic-2-2-360x194.jpg 360w\" sizes=\"100vw\" \/><\/figure><\/figure>\n\n\n\n<p>Con la tasa de transmisi\u00f3n de COVID-19 disminuyendo en el condado y el n\u00famero de vacunas aumentando lentamente, probablemente impulsado por los requisitos de vacunaci\u00f3n actuales y futuros, la directora de salud p\u00fablica del condado dijo que puede prever un momento en que los residentes ya no tendr\u00e1n que usar m\u00e1scaras en la mayor\u00eda de los interiores. ajustes.<\/p>\n\n\n\n<p>Pero abandonar el mandato del condado de usar m\u00e1scaras depender\u00e1 de las continuas ca\u00eddas en la transmisi\u00f3n, vacunaciones m\u00e1s generalizadas y la ausencia de cepas potencialmente m\u00e1s virulentas del coronavirus.<\/p>\n\n\n\n<p>Cuando se produzca, el levantamiento del mandato de la mascarilla por parte del condado no ser\u00e1 efectivo autom\u00e1ticamente en Pasadena, que est\u00e1 controlada por su propio departamento de salud.<\/p>\n\n\n\n<p>&#8220;Soy muy consciente de que cuando presentamos el mandato de la mascarilla en junio, notamos que estaba realmente relacionado con una mayor transmisi\u00f3n y sentir que necesit\u00e1bamos agregar otra capa de protecci\u00f3n&#8221;, dijo la directora de salud p\u00fablica Barbara Ferrer a la Junta de Supervisores el martes. . \u201cY creo que hicimos lo correcto. Pero tambi\u00e9n soy consciente de que cuando tenemos una transmisi\u00f3n muy baja y m\u00e1s personas vacunadas, no necesariamente tiene sentido mantener ese mandato de m\u00e1scara en todas partes, asumiendo, por supuesto, que no tenemos una variante peligrosa de la que debemos protegernos.<\/p>\n\n\n\n<p>\u201cTenemos la esperanza de que con una transmisi\u00f3n m\u00e1s baja y m\u00e1s personas vacunadas, podr\u00edamos levantar el mandato de la m\u00e1scara en lugares donde se puede contar con muchas, muchas personas completamente vacunadas\u201d, dijo.<\/p>\n\n\n\n<p>No est\u00e1 claro cu\u00e1ndo llegar\u00e1 el d\u00eda en que se pueda levantar el mandato, y Ferrer se\u00f1al\u00f3: &#8220;Creo que vamos a vivir con el enmascaramiento como herramienta durante un tiempo&#8221;. Tambi\u00e9n dijo que el mandato probablemente se mantendr\u00e1 en las escuelas, particularmente en los grados m\u00e1s j\u00f3venes, ya que los ni\u00f1os menores de 12 a\u00f1os a\u00fan no son elegibles para las vacunas.<\/p>\n\n\n\n<p>Las mascarillas tambi\u00e9n podr\u00edan seguir siendo un requisito en otros entornos grandes donde no se verifica el estado de vacunaci\u00f3n de las personas.<\/p>\n\n\n\n<p>&#8220;Pero veo un d\u00eda en el que con tasas de transmisi\u00f3n m\u00e1s bajas, tasas de transmisi\u00f3n significativamente m\u00e1s bajas y muchas personas vacunadas \u2026 estaremos en un lugar diferente y no necesitar\u00edamos esas mascarillas en todos los lugares donde las necesitemos ahora&#8221;. ella dijo.<\/p>\n\n\n\n<p>La supervisora \u200b\u200bJanice Hahn se\u00f1al\u00f3 que, si bien los n\u00fameros de casos del condado han tenido una tendencia a la baja, ella sabe que &#8220;hemos estado aqu\u00ed antes&#8221;.<\/p>\n\n\n\n<p>\u201cCreo que muchos de nosotros nos preguntamos si necesitamos prepararnos para otro oleaje invernal o si, de hecho, lo peor ya pas\u00f3\u201d, dijo. &#8220;Personalmente, tengo la esperanza de que esta vez las vacunas marquen la diferencia incluso si tenemos otro aumento&#8221;.<\/p>\n\n\n\n<p>La supervisora \u200b\u200bHolly Mitchell se\u00f1al\u00f3, sin embargo, que si bien la tasa de casos general del condado est\u00e1 disminuyendo, la tasa es un promedio de todo el condado y hay algunas comunidades donde los residentes siguen en mayor riesgo.<\/p>\n\n\n\n<p>&#8220;La tasa no ha bajado por igual en todo el condado, esa es nuestra tasa promedio&#8221;, dijo.<\/p>\n\n\n\n<p>Ferrer coincidi\u00f3 y dijo que persisten tasas de transmisi\u00f3n m\u00e1s altas en \u00e1reas con bajos niveles de vacunaci\u00f3n entre los residentes. Los residentes negros llevan mucho tiempo a la zaga de otros grupos \u00e9tnicos en t\u00e9rminos de tasas de vacunaci\u00f3n, particularmente entre los residentes m\u00e1s j\u00f3venes.<\/p>\n\n\n\n<p>El condado comenzar\u00e1 el jueves a imponer un mandato de vacunaci\u00f3n para que las personas trabajen o frecuentan bares, bodegas, cervecer\u00edas y destiler\u00edas bajo techo, pero Ferrer dijo que el requisito pendiente a\u00fan no se ha traducido en un aumento en las vacunas entre los residentes m\u00e1s j\u00f3venes.<\/p>\n\n\n\n<p>Tambi\u00e9n entrar\u00e1 en vigencia este jueves la regla de que cualquier persona que asista a un megaevento al aire libre de 10,000 personas o m\u00e1s, como un juego de f\u00fatbol americano de la NFL, debe mostrar un comprobante de vacunaci\u00f3n o una prueba de COVID negativa dentro de las 72 horas.<\/p>\n\n\n\n<p>Seg\u00fan Ferrer, al 30 de septiembre, el 78% de los residentes elegibles del condado de 12 a\u00f1os en adelante han recibido al menos una dosis de la vacuna, mientras que el 69% est\u00e1n completamente vacunados. De la poblaci\u00f3n total del condado de 10,3 millones de personas, incluidas las que a\u00fan no son elegibles para las vacunas, el 67% ha recibido al menos una dosis y el 60% est\u00e1 completamente vacunada.<\/p>\n\n\n\n<p>El condado inform\u00f3 el martes de otras 35 muertes debido al COVID-19, lo que elev\u00f3 el n\u00famero total de muertos a 26.195. Se notificaron otros 964 casos nuevos, para un total de pandemia de 1.464.793.<\/p>\n\n\n\n<p>La tasa diaria promedio de personas que dieron positivo por el virus se mantuvo baja, alrededor del 1%.<\/p>\n\n\n\n<p>Seg\u00fan cifras estatales, hab\u00eda 748 pacientes COVID positivos hospitalizados en el condado hasta el martes, frente a los 768 del lunes. Hab\u00eda 218 de esos pacientes en cuidados intensivos, frente a los 227 del d\u00eda anterior.<\/p>\n\n\n\n<p>El n\u00famero de personas con COVID positivo hospitalizadas en el condado se ha reducido 32 veces en los \u00faltimos 36 d\u00edas, lo que reduce el n\u00famero de un pico de verano de casi 1.800.<\/p>\n","protected":false},"excerpt":{"rendered":"<p>Con la tasa de transmisi\u00f3n de COVID-19 disminuyendo en el condado y el n\u00famero de vacunas aumentando lentamente, probablemente impulsado por los requisitos de vacunaci\u00f3n actuales y futuros, la directora de salud p\u00fablica del condado dijo que puede prever un momento en que los residentes ya no tendr\u00e1n que usar m\u00e1scaras en la mayor\u00eda de los interiores. ajustes. Pero abandonar el mandato del condado de usar m\u00e1scaras depender\u00e1 de las continuas ca\u00eddas en la transmisi\u00f3n, vacunaciones m\u00e1s generalizadas y la [&hellip;]<\/p>\n","protected":false},"author":4,"featured_media":11521,"comment_status":"open","ping_status":"closed","sticky":false,"template":"","format":"standard","meta":[],"categories":[4],"tags":[],"acf":[],"_links":{"self":[{"href":"http:\/\/www.pasadenahoy.com\/primero\/wp-json\/wp\/v2\/posts\/11520"}],"collection":[{"href":"http:\/\/www.pasadenahoy.com\/primero\/wp-json\/wp\/v2\/posts"}],"about":[{"href":"http:\/\/www.pasadenahoy.com\/primero\/wp-json\/wp\/v2\/types\/post"}],"author":[{"embeddable":true,"href":"http:\/\/www.pasadenahoy.com\/primero\/wp-json\/wp\/v2\/users\/4"}],"replies":[{"embeddable":true,"href":"http:\/\/www.pasadenahoy.com\/primero\/wp-json\/wp\/v2\/comments?post=11520"}],"version-history":[{"count":2,"href":"http:\/\/www.pasadenahoy.com\/primero\/wp-json\/wp\/v2\/posts\/11520\/revisions"}],"predecessor-version":[{"id":11523,"href":"http:\/\/www.pasadenahoy.com\/primero\/wp-json\/wp\/v2\/posts\/11520\/revisions\/11523"}],"wp:featuredmedia":[{"embeddable":true,"href":"http:\/\/www.pasadenahoy.com\/primero\/wp-json\/wp\/v2\/media\/11521"}],"wp:attachment":[{"href":"http:\/\/www.pasadenahoy.com\/primero\/wp-json\/wp\/v2\/media?parent=11520"}],"wp:term":[{"taxonomy":"category","embeddable":true,"href":"http:\/\/www.pasadenahoy.com\/primero\/wp-json\/wp\/v2\/categories?post=11520"},{"taxonomy":"post_tag","embeddable":true,"href":"http:\/\/www.pasadenahoy.com\/primero\/wp-json\/wp\/v2\/tags?post=11520"}],"curies":[{"name":"wp","href":"https:\/\/api.w.org\/{rel}","templated":true}]}}