{"id":11553,"date":"2021-10-07T15:24:59","date_gmt":"2021-10-07T15:24:59","guid":{"rendered":"http:\/\/www.pasadenahoy.com\/primero\/?p=11553"},"modified":"2021-10-07T15:25:01","modified_gmt":"2021-10-07T15:25:01","slug":"la-junta-de-educacion-de-pasadena-se-reune-el-jueves-para-enfocarse-en-la-educacion-especial","status":"publish","type":"post","link":"http:\/\/www.pasadenahoy.com\/primero\/la-comunidad\/la-junta-de-educacion-de-pasadena-se-reune-el-jueves-para-enfocarse-en-la-educacion-especial\/","title":{"rendered":"La Junta de Educaci\u00f3n de Pasadena se re\u00fane el jueves para enfocarse en la educaci\u00f3n especial"},"content":{"rendered":"\n<figure class=\"wp-block-image alignnone size-large\"><figure class=\"alignnone\"><img loading=\"lazy\" width=\"700\" height=\"523\" src=\"http:\/\/www.pasadenahoy.com\/primero\/wp-content\/uploads\/2021\/10\/pic-3-2.jpg\" alt=\"\" class=\"wp-image-11554\" srcset=\"http:\/\/www.pasadenahoy.com\/primero\/wp-content\/uploads\/2021\/10\/pic-3-2.jpg 700w, http:\/\/www.pasadenahoy.com\/primero\/wp-content\/uploads\/2021\/10\/pic-3-2-300x224.jpg 300w, http:\/\/www.pasadenahoy.com\/primero\/wp-content\/uploads\/2021\/10\/pic-3-2-174x130.jpg 174w, http:\/\/www.pasadenahoy.com\/primero\/wp-content\/uploads\/2021\/10\/pic-3-2-241x180.jpg 241w, http:\/\/www.pasadenahoy.com\/primero\/wp-content\/uploads\/2021\/10\/pic-3-2-360x269.jpg 360w\" sizes=\"100vw\" \/><\/figure><\/figure>\n\n\n\n<p>La Junta del Distrito Escolar Unificado de Pasadena (PUSD) ser\u00e1 informada el jueves sobre los programas y proyectos actuales y futuros destinados a los estudiantes de educaci\u00f3n especial inscritos en el distrito.<\/p>\n\n\n\n<p>En la reuni\u00f3n, la junta discutir\u00e1 propuestas para mejorar los programas del distrito para estudiantes con discapacidades. Entre los temas de discusi\u00f3n se proponen mejoras en las brechas de aprendizaje y los resultados de los estudiantes y el fortalecimiento de la asociaci\u00f3n entre padres y maestros.<\/p>\n\n\n\n<p>La junta tambi\u00e9n discutir\u00e1 propuestas para psic\u00f3logos adicionales y personal de apoyo en los campus del Distrito Escolar Unificado de Pasadena para acomodar el creciente n\u00famero de ni\u00f1os con necesidades de educaci\u00f3n especial.<\/p>\n\n\n\n<p>Los datos del PUSD muestran que ha habido un ligero aumento en los estudiantes de educaci\u00f3n especial inscritos en el distrito desde 2019.<\/p>\n\n\n\n<p>De 2019 a 2020, el 15% de los 15.951 estudiantes del distrito, un total de 2.395 estudiantes, recibieron servicios de educaci\u00f3n especial.<\/p>\n\n\n\n<p>Desde 2020, el 16.7% de los 15,106 estudiantes inscritos en PUSD, un total de 2,478 estudiantes, est\u00e1n recibiendo servicios de educaci\u00f3n especial del distrito.<\/p>\n\n\n\n<p>De la cifra actual, se inform\u00f3 que 125 estudiantes tienen una discapacidad intelectual, 26 estudiantes tienen una discapacidad auditiva, 539 estudiantes tienen una discapacidad relacionada con el habla, cuatro estudiantes tienen discapacidad visual, 127 estudiantes tienen trastornos emocionales y 25 estudiantes tienen discapacidades ortop\u00e9dicas.<\/p>\n\n\n\n<p>Un total de 456 estudiantes tienen otras discapacidades de salud, seis estudiantes tienen discapacidades m\u00e9dicas establecidas, 735 estudiantes tienen discapacidades espec\u00edficas de aprendizaje, 20 estudiantes tienen discapacidades m\u00faltiples, 379 estudiantes tienen autismo y se inform\u00f3 que 5 estudiantes sufrieron una lesi\u00f3n cerebral traum\u00e1tica. Las discapacidades de unos 26 estudiantes no est\u00e1n categorizadas.<\/p>\n\n\n\n<p>Los programas de educaci\u00f3n especial que se proponen para los estudiantes de educaci\u00f3n especial en el PUSD incluyen:<\/p>\n\n\n\n<p>\u2022 Programas de primera infancia<br>\u2022 Equipo de evaluaci\u00f3n preescolar<br>\u2022 Programa de recursos<br>\u2022 Clase diurna especial moderada moderada<br>\u2022 Programas severos moderados<br>\u2022 Programas terap\u00e9uticos<br>\u2022 Viabilidad<br>\u2022 Habilidades de aprendizaje para adultos en Pasadena<br>\u2022 Servicios relacionados<\/p>\n\n\n\n<p>Seg\u00fan los datos del PUSD, en el a\u00f1o escolar 2019-20, el distrito gast\u00f3 $ 58.42 millones en servicios de educaci\u00f3n especial.<\/p>\n\n\n\n<p>Para este a\u00f1o escolar, ya se han gastado unos $ 55,54 millones para los programas para estudiantes con necesidades especiales. La mayor parte de los fondos se destin\u00f3 a salarios y beneficios de los empleados y a servicios contratados, seg\u00fan el informe del personal.<\/p>\n\n\n\n<p>Seg\u00fan los datos del PUSD, en el a\u00f1o escolar 2019-20, el distrito gast\u00f3 $ 58.42 millones en servicios de educaci\u00f3n especial.<\/p>\n\n\n\n<p>Para este a\u00f1o escolar, ya se han gastado unos $ 55,54 millones para los programas para estudiantes con necesidades especiales. La mayor parte de los fondos se destin\u00f3 a salarios y beneficios de los empleados y a servicios contratados, seg\u00fan el informe del personal.<\/p>\n","protected":false},"excerpt":{"rendered":"<p>La Junta del Distrito Escolar Unificado de Pasadena (PUSD) ser\u00e1 informada el jueves sobre los programas y proyectos actuales y futuros destinados a los estudiantes de educaci\u00f3n especial inscritos en el distrito. En la reuni\u00f3n, la junta discutir\u00e1 propuestas para mejorar los programas del distrito para estudiantes con discapacidades. Entre los temas de discusi\u00f3n se proponen mejoras en las brechas de aprendizaje y los resultados de los estudiantes y el fortalecimiento de la asociaci\u00f3n entre padres y maestros. La junta [&hellip;]<\/p>\n","protected":false},"author":4,"featured_media":11554,"comment_status":"open","ping_status":"closed","sticky":false,"template":"","format":"standard","meta":[],"categories":[4],"tags":[],"acf":[],"_links":{"self":[{"href":"http:\/\/www.pasadenahoy.com\/primero\/wp-json\/wp\/v2\/posts\/11553"}],"collection":[{"href":"http:\/\/www.pasadenahoy.com\/primero\/wp-json\/wp\/v2\/posts"}],"about":[{"href":"http:\/\/www.pasadenahoy.com\/primero\/wp-json\/wp\/v2\/types\/post"}],"author":[{"embeddable":true,"href":"http:\/\/www.pasadenahoy.com\/primero\/wp-json\/wp\/v2\/users\/4"}],"replies":[{"embeddable":true,"href":"http:\/\/www.pasadenahoy.com\/primero\/wp-json\/wp\/v2\/comments?post=11553"}],"version-history":[{"count":2,"href":"http:\/\/www.pasadenahoy.com\/primero\/wp-json\/wp\/v2\/posts\/11553\/revisions"}],"predecessor-version":[{"id":11556,"href":"http:\/\/www.pasadenahoy.com\/primero\/wp-json\/wp\/v2\/posts\/11553\/revisions\/11556"}],"wp:featuredmedia":[{"embeddable":true,"href":"http:\/\/www.pasadenahoy.com\/primero\/wp-json\/wp\/v2\/media\/11554"}],"wp:attachment":[{"href":"http:\/\/www.pasadenahoy.com\/primero\/wp-json\/wp\/v2\/media?parent=11553"}],"wp:term":[{"taxonomy":"category","embeddable":true,"href":"http:\/\/www.pasadenahoy.com\/primero\/wp-json\/wp\/v2\/categories?post=11553"},{"taxonomy":"post_tag","embeddable":true,"href":"http:\/\/www.pasadenahoy.com\/primero\/wp-json\/wp\/v2\/tags?post=11553"}],"curies":[{"name":"wp","href":"https:\/\/api.w.org\/{rel}","templated":true}]}}