{"id":11573,"date":"2021-10-08T15:05:21","date_gmt":"2021-10-08T15:05:21","guid":{"rendered":"http:\/\/www.pasadenahoy.com\/primero\/?p=11573"},"modified":"2021-10-08T15:05:24","modified_gmt":"2021-10-08T15:05:24","slug":"miembro-de-la-junta-escolar-amenaza-al-pusd-con-un-litigio-sobre-la-politica-que-afirma-que-limita-su-libertad-de-expresion","status":"publish","type":"post","link":"http:\/\/www.pasadenahoy.com\/primero\/la-comunidad\/miembro-de-la-junta-escolar-amenaza-al-pusd-con-un-litigio-sobre-la-politica-que-afirma-que-limita-su-libertad-de-expresion\/","title":{"rendered":"Miembro de la junta escolar amenaza al PUSD con un litigio sobre la pol\u00edtica que afirma que limita su libertad de expresi\u00f3n"},"content":{"rendered":"\n<figure class=\"wp-block-image alignnone size-large\"><figure class=\"alignnone\"><img loading=\"lazy\" width=\"700\" height=\"378\" src=\"http:\/\/www.pasadenahoy.com\/primero\/wp-content\/uploads\/2021\/10\/pic-1-2.jpg\" alt=\"\" class=\"wp-image-11574\" srcset=\"http:\/\/www.pasadenahoy.com\/primero\/wp-content\/uploads\/2021\/10\/pic-1-2.jpg 700w, http:\/\/www.pasadenahoy.com\/primero\/wp-content\/uploads\/2021\/10\/pic-1-2-300x162.jpg 300w, http:\/\/www.pasadenahoy.com\/primero\/wp-content\/uploads\/2021\/10\/pic-1-2-241x130.jpg 241w, http:\/\/www.pasadenahoy.com\/primero\/wp-content\/uploads\/2021\/10\/pic-1-2-333x180.jpg 333w, http:\/\/www.pasadenahoy.com\/primero\/wp-content\/uploads\/2021\/10\/pic-1-2-360x194.jpg 360w\" sizes=\"100vw\" \/><\/figure><\/figure>\n\n\n\n<p>Un miembro de la Junta de Educaci\u00f3n de Pasadena que apoy\u00f3 el mandato de una vacuna est\u00e1 amenazando con un litigio sobre las afirmaciones de que la junta ha violado sus derechos a la libertad de expresi\u00f3n.<\/p>\n\n\n\n<p>El abogado Dale Gronemeir dijo que los derechos de libertad de expresi\u00f3n y libertad de expresi\u00f3n de la miembro de la junta Tina Wu Fredericks fueron violados despu\u00e9s de que ella habl\u00f3 en apoyo de un mandato de vacuna COVID-19.<\/p>\n\n\n\n<p>&#8220;En un proceso plagado de irregularidades procesales, los miembros de la junta [Michelle Richardson] Bailey, [Jennifer Hall] Lee y [Scott] Phelps intentaron enfriar las actividades expresivas externas del miembro [Wu] Fredericks&#8221;, escribi\u00f3 Gronemeir en una carta que se envi\u00f3 a todos los miembros de la junta y al superintendente Brian McDonald.<\/p>\n\n\n\n<p>\u201cSu m\u00e9todo fue avergonzar p\u00fablicamente a la miembro [Wu] Fredericks por ser poco \u00e9tica porque no estaban de acuerdo con sus actividades expresivas externas protegidas constitucionalmente que abogaban por un mandato de vacunaci\u00f3n del PUSD, un problema de salud p\u00fablica con consecuencias inmediatas de vida o muerte que est\u00e1 al m\u00e1s alto nivel de p\u00fablico inter\u00e9s protegido por los derechos expresivos constitucionales debido a la actual pandemia de no vacunados que amenaza especialmente la vida y la salud de los estudiantes no elegibles para vacunas del PUSD que son menores de 12 a\u00f1os \u201d, dice la carta.<\/p>\n\n\n\n<p>De acuerdo con el protocolo del distrito, las opiniones escritas deben enviarse al superintendente y al presidente de la junta antes de su publicaci\u00f3n.<\/p>\n\n\n\n<p>La junta act\u00faa colectivamente como el jefe del superintendente y el superintendente instruye al personal.<\/p>\n\n\n\n<p>Wu Fredericks provoc\u00f3 la ira de varios miembros de la junta despu\u00e9s de que escribi\u00f3 varios art\u00edculos de opini\u00f3n que aparecieron en los medios de comunicaci\u00f3n locales, incluido Pasadena Now, pidiendo un mandato que requerir\u00eda que todo el personal fuera vacunado. Tambi\u00e9n apareci\u00f3 con el alcalde V\u00edctor Gordo en una conferencia de prensa en la que expres\u00f3 su apoyo al mandato de la vacuna.<\/p>\n\n\n\n<p>En una reuni\u00f3n en agosto, Fredericks fue criticado por las piezas publicadas y por aparecer en una conferencia de prensa con Gordo.<\/p>\n\n\n\n<p>Seg\u00fan la carta, Richardson Bailey pidi\u00f3 que se incluyera una revisi\u00f3n del c\u00f3digo de \u00e9tica del distrito en la agenda de la junta para su consideraci\u00f3n.<\/p>\n\n\n\n<p>\u201cEste tipo de cosas va a continuar si los miembros no se hablan m\u00e1s entre s\u00ed, siendo arrastrados por el barro. Mi coraz\u00f3n est\u00e1 roto por lo que experiment\u00e9 la semana pasada y me consterna que los estudiantes del PUSD est\u00e9n leyendo sobre la Junta en los peri\u00f3dicos \u201d, dijo Richardson Bailey.<\/p>\n\n\n\n<p>No mencion\u00f3 a Wu Fredericks por su nombre.<\/p>\n\n\n\n<p>Hall Lee luego afirm\u00f3 que las acciones tomadas el 9 de agosto da\u00f1aron el tablero. El 9 de agosto fue el d\u00eda en que Wu Fredericks apareci\u00f3 en la conferencia de prensa con Gordo para pedirle al PUSD que promulgara un mandato de vacunaci\u00f3n.<\/p>\n\n\n\n<p>Hall Lee envi\u00f3 una columna a un medio de comunicaci\u00f3n ese mismo mes en la que escribi\u00f3: &#8220;Las juntas directivas pueden romperse a trav\u00e9s de pol\u00edticas partidistas o, a veces, de forma no deliberada, los miembros de la junta pueden decidir &#8216;hacerlo solos&#8217;. Estas son t\u00e1cticas alarmantes porque una fractura la junta escolar funciona deficientemente e inhibe el rendimiento de los estudiantes &#8220;.<\/p>\n\n\n\n<p>No se sab\u00eda si McDonald firm\u00f3 la columna de Hall Lee. El jueves, Hall Lee envi\u00f3 un art\u00edculo no relacionado a Pasadena Now.<\/p>\n\n\n\n<p>A pesar de esa referencia en su columna, algunos miembros de la comunidad dijeron que se refer\u00eda a Wu Fredericks. Durante la \u00faltima reuni\u00f3n, Hall Lee dijo que los miembros de la junta no deber\u00edan llamarse entre s\u00ed.<\/p>\n\n\n\n<p>\u201cNo solo varios miembros fueron llamados p\u00fablicamente este mes, sino tambi\u00e9n el superintendente\u201d, dijo. &#8220;No derribamos a los miembros de la junta p\u00fablicamente, no les pintamos objetivos&#8221;.<\/p>\n\n\n\n<p>Hall Lee tambi\u00e9n declar\u00f3: &#8220;No celebramos conferencias de prensa&#8221; y &#8220;hacerlo es trabajar agresivamente con una agenda para romper una junta escolar&#8221;.<\/p>\n\n\n\n<p>Aunque ni Richardson Bailey ni Hall Lee identificaron a Wu Fredericks por su nombre, Phelps lo hizo.<\/p>\n\n\n\n<p>&#8220;No creo que las acciones de la Sra. Fredericks reconozcan mi integridad y el m\u00e9rito de mi trabajo&#8221;, dijo Phelps.<\/p>\n\n\n\n<p>&#8220;No siento eso en absoluto. No creo que se respetara mi integridad. No creo que el miembro de la junta se haya abstenido de tener una intenci\u00f3n particular por parte de la junta. No siento que haya sido un honor en absoluto. Y para que mi objeci\u00f3n sea la organizaci\u00f3n de ataques contra miembros individuales de la junta, no creo que est\u00e9 de acuerdo con el c\u00f3digo de \u00e9tica y los protocolos &#8220;.<\/p>\n\n\n\n<p>La carta de Gronomeier no identifica a los miembros de la Junta Patrick Cahalan, Kim Kenne o Elizabeth Pomeroy como intentos de aplastar los derechos de libertad de expresi\u00f3n de Wu Fredericks.<\/p>\n\n\n\n<p>Seg\u00fan Gronomeier, Wu Fredericks no emprender\u00e1 un litigio si los funcionarios del distrito &#8220;remedian las restricciones inconstitucionales sobre ella, sus electores y las actividades expresivas externas de la prensa y sus derechos constitucionales de Protecci\u00f3n Igualitaria que surgen de la Constituci\u00f3n de California&#8221; que est\u00e1n contenidos en varios protocolos de la junta.<\/p>\n\n\n\n<p>Gronomeier dijo que la junta tiene hasta el 15 de octubre para cumplir con sus demandas.<\/p>\n\n\n\n<p>El mandato se convirti\u00f3 en un problema poco despu\u00e9s de que el administrador de la ciudad, Steve Mermell, exigiera que todos los empleados de la ciudad fueran vacunados.<\/p>\n\n\n\n<p>Gordo <\/p>\n\n\n\n<p>M\u00e1s tarde dijo que el distrito escolar deber\u00eda instituir un mandato similar, lo que provoc\u00f3 cr\u00edticas de dos miembros de la junta.<\/p>\n\n\n\n<p>Millones de fondos de la Medida J aprobados por los votantes fluyen de la ciudad al distrito cada a\u00f1o.<\/p>\n\n\n\n<p>Phelps dijo que no responder\u00e1 a la carta en este momento.<\/p>\n\n\n\n<p>\u201cComo es una demanda legal, como cuesti\u00f3n de pr\u00e1ctica, el distrito no comenta\u201d, dijo Phelps<\/p>\n\n\n\n<p><\/p>\n","protected":false},"excerpt":{"rendered":"<p>Un miembro de la Junta de Educaci\u00f3n de Pasadena que apoy\u00f3 el mandato de una vacuna est\u00e1 amenazando con un litigio sobre las afirmaciones de que la junta ha violado sus derechos a la libertad de expresi\u00f3n. El abogado Dale Gronemeir dijo que los derechos de libertad de expresi\u00f3n y libertad de expresi\u00f3n de la miembro de la junta Tina Wu Fredericks fueron violados despu\u00e9s de que ella habl\u00f3 en apoyo de un mandato de vacuna COVID-19. &#8220;En un proceso [&hellip;]<\/p>\n","protected":false},"author":4,"featured_media":11574,"comment_status":"open","ping_status":"closed","sticky":false,"template":"","format":"standard","meta":[],"categories":[4],"tags":[],"acf":[],"_links":{"self":[{"href":"http:\/\/www.pasadenahoy.com\/primero\/wp-json\/wp\/v2\/posts\/11573"}],"collection":[{"href":"http:\/\/www.pasadenahoy.com\/primero\/wp-json\/wp\/v2\/posts"}],"about":[{"href":"http:\/\/www.pasadenahoy.com\/primero\/wp-json\/wp\/v2\/types\/post"}],"author":[{"embeddable":true,"href":"http:\/\/www.pasadenahoy.com\/primero\/wp-json\/wp\/v2\/users\/4"}],"replies":[{"embeddable":true,"href":"http:\/\/www.pasadenahoy.com\/primero\/wp-json\/wp\/v2\/comments?post=11573"}],"version-history":[{"count":2,"href":"http:\/\/www.pasadenahoy.com\/primero\/wp-json\/wp\/v2\/posts\/11573\/revisions"}],"predecessor-version":[{"id":11576,"href":"http:\/\/www.pasadenahoy.com\/primero\/wp-json\/wp\/v2\/posts\/11573\/revisions\/11576"}],"wp:featuredmedia":[{"embeddable":true,"href":"http:\/\/www.pasadenahoy.com\/primero\/wp-json\/wp\/v2\/media\/11574"}],"wp:attachment":[{"href":"http:\/\/www.pasadenahoy.com\/primero\/wp-json\/wp\/v2\/media?parent=11573"}],"wp:term":[{"taxonomy":"category","embeddable":true,"href":"http:\/\/www.pasadenahoy.com\/primero\/wp-json\/wp\/v2\/categories?post=11573"},{"taxonomy":"post_tag","embeddable":true,"href":"http:\/\/www.pasadenahoy.com\/primero\/wp-json\/wp\/v2\/tags?post=11573"}],"curies":[{"name":"wp","href":"https:\/\/api.w.org\/{rel}","templated":true}]}}