{"id":11581,"date":"2021-10-08T15:15:32","date_gmt":"2021-10-08T15:15:32","guid":{"rendered":"http:\/\/www.pasadenahoy.com\/primero\/?p=11581"},"modified":"2021-10-08T15:15:34","modified_gmt":"2021-10-08T15:15:34","slug":"tonight-artnight-pasadena-se-vuelve-hibrido-con-exhibiciones-en-persona-y-en-linea","status":"publish","type":"post","link":"http:\/\/www.pasadenahoy.com\/primero\/la-comunidad\/tonight-artnight-pasadena-se-vuelve-hibrido-con-exhibiciones-en-persona-y-en-linea\/","title":{"rendered":"Tonight ArtNight Pasadena se vuelve h\u00edbrido, con exhibiciones en persona y en l\u00ednea"},"content":{"rendered":"\n<figure class=\"wp-block-image alignnone size-large\"><figure class=\"alignnone\"><img loading=\"lazy\" width=\"700\" height=\"378\" src=\"http:\/\/www.pasadenahoy.com\/primero\/wp-content\/uploads\/2021\/10\/pic4-1.jpg\" alt=\"\" class=\"wp-image-11582\" srcset=\"http:\/\/www.pasadenahoy.com\/primero\/wp-content\/uploads\/2021\/10\/pic4-1.jpg 700w, http:\/\/www.pasadenahoy.com\/primero\/wp-content\/uploads\/2021\/10\/pic4-1-300x162.jpg 300w, http:\/\/www.pasadenahoy.com\/primero\/wp-content\/uploads\/2021\/10\/pic4-1-241x130.jpg 241w, http:\/\/www.pasadenahoy.com\/primero\/wp-content\/uploads\/2021\/10\/pic4-1-333x180.jpg 333w, http:\/\/www.pasadenahoy.com\/primero\/wp-content\/uploads\/2021\/10\/pic4-1-360x194.jpg 360w\" sizes=\"100vw\" \/><\/figure><\/figure>\n\n\n\n<p>Despu\u00e9s de pasar a un formato solo en l\u00ednea el a\u00f1o pasado, ArtNight Pasadena se llevar\u00e1 a cabo el viernes por la noche en un formato h\u00edbrido, para incluir una variedad de eventos virtuales, al aire libre y en interiores destinados a celebrar el arte en todas sus formas, dijeron los organizadores.<\/p>\n\n\n\n<p>Diecinueve organizaciones art\u00edsticas locales est\u00e1n planeando presentaciones, conciertos, galer\u00edas y otros eventos como parte de la tradici\u00f3n anual planificada para las 6 p.m. a las 10 p.m. el 8 de octubre, incluidos 10 que est\u00e1n planeando eventos en persona, dijo el coordinador de ArtNight Pasadena, Jayme Filippini.<\/p>\n\n\n\n<p>\u201cAlgunas de nuestras organizaciones ya han comenzado a tener eventos en persona y quieren que sea en persona, y otras se sienten m\u00e1s c\u00f3modas con lo virtual\u201d, dijo. &#8220;As\u00ed que decidimos hacer un evento h\u00edbrido en el que pudi\u00e9ramos tener lo mejor de ambos mundos&#8221;.<\/p>\n\n\n\n<p>Debido a las preocupaciones constantes sobre la variante Delta altamente contagiosa, se implementar\u00e1n estrictos protocolos de seguridad ante una pandemia, dijeron los organizadores.<\/p>\n\n\n\n<p>Algunos eventos requieren registro anticipado y todas las actividades en interiores requerir\u00e1n m\u00e1scaras. En algunos eventos de interior m\u00e1s grandes, es posible que se requiera prueba de vacunaci\u00f3n o prueba de una prueba COVID-19 negativa reciente para ingresar.<\/p>\n\n\n\n<p>Este a\u00f1o no se proporcionar\u00e1n servicios de transporte, con la excepci\u00f3n de dos autobuses con acceso para sillas de ruedas para ayudar a los hu\u00e9spedes con discapacidades.<\/p>\n\n\n\n<p>Despu\u00e9s de ArtNight solo en l\u00ednea del a\u00f1o pasado, Filippini dijo que era bueno estar de regreso en la comunidad, al menos parcialmente.<\/p>\n\n\n\n<p>\u201cLa ciudad ha estado trabajando arduamente para apoyar a nuestras organizaciones de artes culturales durante la pandemia y tener una noche de arte es una forma de que el p\u00fablico sepa que nuestras organizaciones a\u00fan est\u00e1n funcionando. Todav\u00eda est\u00e1n activos. Todav\u00eda est\u00e1n creando arte y oportunidades para que la gente se involucre en las artes &#8220;.<\/p>\n\n\n\n<p>&#8220;Incluso si una gran parte est\u00e1 en l\u00ednea, estamos comenzando a verlos abrirse y est\u00e1n comenzando a tener m\u00e1s eventos en persona&#8221;, agreg\u00f3 Filippini, &#8220;y por eso esperamos que la gente use ArtNight para investigar los sitios web de las organizaciones para que puedan ver lo que est\u00e1 sucediendo mientras regresamos a un tipo de vida m\u00e1s normal aqu\u00ed en Pasadena &#8220;.<\/p>\n\n\n\n<p>Puede encontrar m\u00e1s informaci\u00f3n, incluida una lista completa de los eventos, horarios y requisitos de ArtNight Pasadena en l\u00ednea en <a href=\"http:\/\/www.artnightpasadena.org\/\">www.artnightpasadena.org.<\/a><\/p>\n","protected":false},"excerpt":{"rendered":"<p>Despu\u00e9s de pasar a un formato solo en l\u00ednea el a\u00f1o pasado, ArtNight Pasadena se llevar\u00e1 a cabo el viernes por la noche en un formato h\u00edbrido, para incluir una variedad de eventos virtuales, al aire libre y en interiores destinados a celebrar el arte en todas sus formas, dijeron los organizadores. Diecinueve organizaciones art\u00edsticas locales est\u00e1n planeando presentaciones, conciertos, galer\u00edas y otros eventos como parte de la tradici\u00f3n anual planificada para las 6 p.m. a las 10 p.m. el [&hellip;]<\/p>\n","protected":false},"author":4,"featured_media":11582,"comment_status":"open","ping_status":"closed","sticky":false,"template":"","format":"standard","meta":[],"categories":[4],"tags":[],"acf":[],"_links":{"self":[{"href":"http:\/\/www.pasadenahoy.com\/primero\/wp-json\/wp\/v2\/posts\/11581"}],"collection":[{"href":"http:\/\/www.pasadenahoy.com\/primero\/wp-json\/wp\/v2\/posts"}],"about":[{"href":"http:\/\/www.pasadenahoy.com\/primero\/wp-json\/wp\/v2\/types\/post"}],"author":[{"embeddable":true,"href":"http:\/\/www.pasadenahoy.com\/primero\/wp-json\/wp\/v2\/users\/4"}],"replies":[{"embeddable":true,"href":"http:\/\/www.pasadenahoy.com\/primero\/wp-json\/wp\/v2\/comments?post=11581"}],"version-history":[{"count":2,"href":"http:\/\/www.pasadenahoy.com\/primero\/wp-json\/wp\/v2\/posts\/11581\/revisions"}],"predecessor-version":[{"id":11584,"href":"http:\/\/www.pasadenahoy.com\/primero\/wp-json\/wp\/v2\/posts\/11581\/revisions\/11584"}],"wp:featuredmedia":[{"embeddable":true,"href":"http:\/\/www.pasadenahoy.com\/primero\/wp-json\/wp\/v2\/media\/11582"}],"wp:attachment":[{"href":"http:\/\/www.pasadenahoy.com\/primero\/wp-json\/wp\/v2\/media?parent=11581"}],"wp:term":[{"taxonomy":"category","embeddable":true,"href":"http:\/\/www.pasadenahoy.com\/primero\/wp-json\/wp\/v2\/categories?post=11581"},{"taxonomy":"post_tag","embeddable":true,"href":"http:\/\/www.pasadenahoy.com\/primero\/wp-json\/wp\/v2\/tags?post=11581"}],"curies":[{"name":"wp","href":"https:\/\/api.w.org\/{rel}","templated":true}]}}