{"id":11585,"date":"2021-10-08T15:26:23","date_gmt":"2021-10-08T15:26:23","guid":{"rendered":"http:\/\/www.pasadenahoy.com\/primero\/?p=11585"},"modified":"2021-10-08T15:26:25","modified_gmt":"2021-10-08T15:26:25","slug":"joyero-azotado-con-pistola-durante-el-robo-de-una-invasion-domiciliaria-en-pasadena","status":"publish","type":"post","link":"http:\/\/www.pasadenahoy.com\/primero\/la-comunidad\/joyero-azotado-con-pistola-durante-el-robo-de-una-invasion-domiciliaria-en-pasadena\/","title":{"rendered":"Joyero azotado con pistola durante el robo de una invasi\u00f3n domiciliaria en Pasadena"},"content":{"rendered":"\n<figure class=\"wp-block-image alignnone size-large\"><figure class=\"alignnone\"><img loading=\"lazy\" width=\"700\" height=\"378\" src=\"http:\/\/www.pasadenahoy.com\/primero\/wp-content\/uploads\/2021\/10\/pic-4-2.png\" alt=\"\" class=\"wp-image-11586\" srcset=\"http:\/\/www.pasadenahoy.com\/primero\/wp-content\/uploads\/2021\/10\/pic-4-2.png 700w, http:\/\/www.pasadenahoy.com\/primero\/wp-content\/uploads\/2021\/10\/pic-4-2-300x162.png 300w, http:\/\/www.pasadenahoy.com\/primero\/wp-content\/uploads\/2021\/10\/pic-4-2-241x130.png 241w, http:\/\/www.pasadenahoy.com\/primero\/wp-content\/uploads\/2021\/10\/pic-4-2-333x180.png 333w, http:\/\/www.pasadenahoy.com\/primero\/wp-content\/uploads\/2021\/10\/pic-4-2-360x194.png 360w\" sizes=\"100vw\" \/><figcaption><span class=\"caption-text\">\u00a9 Colaboradores de OpenStreetMap<\/span><\/figcaption><\/figure><\/figure>\n\n\n\n<p>Dos hombres armados entraron a la fuerza en la casa de un joyero, lo azotaron con una pistola y huyeron con varios relojes de lujo en un apartamento de Pasadena el mi\u00e9rcoles por la noche, dijo la polic\u00eda.<\/p>\n\n\n\n<p>El robo por allanamiento de morada tuvo lugar poco despu\u00e9s de las 10:20 a.m.en la cuadra 200 de South De Lacey Avenue, dijo el teniente Anthony Burgess de la polic\u00eda de Pasadena.<\/p>\n\n\n\n<p>Dos hombres, ambos armados con pistolas, entraron a la fuerza en la casa de la v\u00edctima, descrita como un hombre de 32 a\u00f1os que trabaja como joyero independiente, seg\u00fan el teniente.<\/p>\n\n\n\n<p>Azotaron a la v\u00edctima con una pistola y exigieron joyas, dijo. Finalmente obtuvieron varios relojes de &#8220;alta gama&#8221;.<\/p>\n\n\n\n<p>Un guardia de seguridad inform\u00f3 haber visto a los ladrones subirse a un autom\u00f3vil que los esperaba y alejarse a toda velocidad, dijo Burgess. Las descripciones detalladas de los ladrones y su veh\u00edculo no estaban disponibles.<\/p>\n\n\n\n<p>La polic\u00eda dijo que la v\u00edctima ten\u00eda heridas visibles en la cabeza, pero que no se consideraron graves.<\/p>\n\n\n\n<p>La investigaci\u00f3n estaba en curso, incluida una verificaci\u00f3n de las c\u00e1maras de vigilancia del \u00e1rea.<\/p>\n\n\n\n<p>Cualquier persona que tenga informaci\u00f3n puede comunicarse con el Departamento de Polic\u00eda de Pasadena al (626) 744-4501. Las pistas tambi\u00e9n se pueden enviar de forma an\u00f3nima a <a href=\"https:\/\/t.sidekickopen90.com\/s3t\/c\/5\/f18dQhb0S7kv8cp85kW21GymG59hl3kW7_k2847sCHKtMtftXPvM6wGW1Hnf132bzNKBf9hCY6701?te=W3R5hFj4cm2zwW4mKLS-3ZSy7xW3T0Ww14fLMZqW3K8R3x43Wg2w0&amp;si=6034060113739776&amp;pi=b2438950-32e6-4a3b-e700-5894b45977b3\">L.A. Regional Crime Stoppers <\/a>al (800) 222-8477.<\/p>\n","protected":false},"excerpt":{"rendered":"<p>Dos hombres armados entraron a la fuerza en la casa de un joyero, lo azotaron con una pistola y huyeron con varios relojes de lujo en un apartamento de Pasadena el mi\u00e9rcoles por la noche, dijo la polic\u00eda. El robo por allanamiento de morada tuvo lugar poco despu\u00e9s de las 10:20 a.m.en la cuadra 200 de South De Lacey Avenue, dijo el teniente Anthony Burgess de la polic\u00eda de Pasadena. Dos hombres, ambos armados con pistolas, entraron a la fuerza [&hellip;]<\/p>\n","protected":false},"author":4,"featured_media":0,"comment_status":"open","ping_status":"closed","sticky":false,"template":"","format":"standard","meta":[],"categories":[4],"tags":[],"acf":[],"_links":{"self":[{"href":"http:\/\/www.pasadenahoy.com\/primero\/wp-json\/wp\/v2\/posts\/11585"}],"collection":[{"href":"http:\/\/www.pasadenahoy.com\/primero\/wp-json\/wp\/v2\/posts"}],"about":[{"href":"http:\/\/www.pasadenahoy.com\/primero\/wp-json\/wp\/v2\/types\/post"}],"author":[{"embeddable":true,"href":"http:\/\/www.pasadenahoy.com\/primero\/wp-json\/wp\/v2\/users\/4"}],"replies":[{"embeddable":true,"href":"http:\/\/www.pasadenahoy.com\/primero\/wp-json\/wp\/v2\/comments?post=11585"}],"version-history":[{"count":2,"href":"http:\/\/www.pasadenahoy.com\/primero\/wp-json\/wp\/v2\/posts\/11585\/revisions"}],"predecessor-version":[{"id":11588,"href":"http:\/\/www.pasadenahoy.com\/primero\/wp-json\/wp\/v2\/posts\/11585\/revisions\/11588"}],"wp:attachment":[{"href":"http:\/\/www.pasadenahoy.com\/primero\/wp-json\/wp\/v2\/media?parent=11585"}],"wp:term":[{"taxonomy":"category","embeddable":true,"href":"http:\/\/www.pasadenahoy.com\/primero\/wp-json\/wp\/v2\/categories?post=11585"},{"taxonomy":"post_tag","embeddable":true,"href":"http:\/\/www.pasadenahoy.com\/primero\/wp-json\/wp\/v2\/tags?post=11585"}],"curies":[{"name":"wp","href":"https:\/\/api.w.org\/{rel}","templated":true}]}}