{"id":11600,"date":"2021-10-11T15:26:01","date_gmt":"2021-10-11T15:26:01","guid":{"rendered":"http:\/\/www.pasadenahoy.com\/primero\/?p=11600"},"modified":"2021-10-11T15:26:03","modified_gmt":"2021-10-11T15:26:03","slug":"el-monumento-a-van-halen-se-develara-en-pasadena-el-lunes","status":"publish","type":"post","link":"http:\/\/www.pasadenahoy.com\/primero\/la-comunidad\/el-monumento-a-van-halen-se-develara-en-pasadena-el-lunes\/","title":{"rendered":"El Monumento a Van Halen se develar\u00e1 en Pasadena el lunes"},"content":{"rendered":"\n<figure class=\"wp-block-image alignnone size-large\"><figure class=\"alignnone\"><img loading=\"lazy\" width=\"740\" height=\"397\" src=\"http:\/\/www.pasadenahoy.com\/primero\/wp-content\/uploads\/2021\/10\/pic-1-2.png\" alt=\"\" class=\"wp-image-11601\" srcset=\"http:\/\/www.pasadenahoy.com\/primero\/wp-content\/uploads\/2021\/10\/pic-1-2.png 740w, http:\/\/www.pasadenahoy.com\/primero\/wp-content\/uploads\/2021\/10\/pic-1-2-300x161.png 300w, http:\/\/www.pasadenahoy.com\/primero\/wp-content\/uploads\/2021\/10\/pic-1-2-242x130.png 242w, http:\/\/www.pasadenahoy.com\/primero\/wp-content\/uploads\/2021\/10\/pic-1-2-336x180.png 336w, http:\/\/www.pasadenahoy.com\/primero\/wp-content\/uploads\/2021\/10\/pic-1-2-700x376.png 700w, http:\/\/www.pasadenahoy.com\/primero\/wp-content\/uploads\/2021\/10\/pic-1-2-360x193.png 360w, http:\/\/www.pasadenahoy.com\/primero\/wp-content\/uploads\/2021\/10\/pic-1-2-720x386.png 720w\" sizes=\"100vw\" \/><figcaption><span class=\"caption-text\">Eddie Van Halen (derecha) y David Lee Roth de Van Halen act\u00faan en el escenario del Jones Beach Theatre el 14 de agosto de 2015 en Wantagh, Nueva York. (Foto de Debby Wong. Shutterstock)<\/span><\/figcaption><\/figure><\/figure>\n\n\n\n<p>La ciudad develar\u00e1 el lunes una placa dedicada al legendario guitarrista y ex residente de Pasadena Eddie Van Halen.<\/p>\n\n\n\n<p>Van Halen muri\u00f3 de complicaciones causadas por un c\u00e1ncer de garganta el 6 de octubre de 2020. Ten\u00eda 65 a\u00f1os.<\/p>\n\n\n\n<p>La placa se instalar\u00e1 cerca del Centro de Convenciones de Pasadena, que est\u00e1 al lado del Auditorio C\u00edvico, donde la banda toc\u00f3 una docena de veces entre 1975 y 1978.<\/p>\n\n\n\n<p>El evento de inauguraci\u00f3n no est\u00e1 abierto al p\u00fablico.<\/p>\n\n\n\n<p>\u201cTras el fallecimiento de Eddie Van Halen el 6 de octubre de 2020, la ciudad recibi\u00f3 solicitudes y sugerencias de la comunidad para hacer o nombrar algo en el honor del Sr. Van Halen para reconocer tanto su conexi\u00f3n local con Pasadena como el impacto que su el arte ten\u00eda en la m\u00fasica \u201d, dijeron los funcionarios de la ciudad en un comunicado de prensa embargado la semana pasada. &#8220;Dada la conexi\u00f3n de la banda con Pasadena, el Comit\u00e9 Ejecutivo de la Compa\u00f1\u00eda Operativa del Centro de Pasadena respald\u00f3 el esfuerzo de la ciudad de colocar una placa fuera del Auditorio C\u00edvico, un lugar donde la banda toc\u00f3 varias de sus primeras actuaciones&#8221;.<\/p>\n\n\n\n<p>La familia Van Halen se mud\u00f3 a Pasadena desde Holanda en 1962. Seg\u00fan los informes, viv\u00edan en la calle Las Lunas. Eddie y su hermano Alex m\u00e1s tarde se unieron a David Lee Roth para iniciar el legendario grupo Van Halen.<\/p>\n\n\n\n<p>Roth record\u00f3 a Eddie Van Halen la semana pasada cuando anunci\u00f3 su jubilaci\u00f3n pendiente.<\/p>\n\n\n\n<p>\u201cMe siento alentado y obligado a entender realmente lo corto que es el tiempo, y mi tiempo probablemente sea a\u00fan m\u00e1s corto\u201d, dijo Roth al recordar a Eddie durante su anuncio de retiro.<\/p>\n\n\n\n<p>Roth asisti\u00f3 a la escuela secundaria John Muir. Los hermanos Van Halen asistieron a Pasadena High School.<\/p>\n\n\n\n<p>El esfuerzo por recordar al ic\u00f3nico m\u00fasico en la ciudad natal de su ni\u00f1ez comenz\u00f3 casi inmediatamente despu\u00e9s de que se dio a conocer la noticia de su muerte.<\/p>\n\n\n\n<p>El grupo local Pasadena 4 Van Halen ha recaudado dinero para financiar una placa en honor al fallecido cantante.<\/p>\n\n\n\n<p>Pasadena Center Operating Co. recientemente revis\u00f3 y aprob\u00f3 el idioma y la ubicaci\u00f3n de una placa conmemorativa que se colocar\u00e1 en honor a Van Halen.<\/p>\n\n\n\n<p>\u201cHe pensado mucho en este hombre, especialmente en el \u00faltimo a\u00f1o\u201d, dijo Randa Schmalfeld, una de las organizadoras. \u201cTodos somos muy afortunados de haber sido testigos de su brillantez durante nuestras vidas. Edward Van Halen fue un verdadero virtuoso, un m\u00fasico notable y un innovador asombroso. Para m\u00ed, algo m\u00e1s de Edward realmente se destaca, y esa es la alegr\u00eda obvia que encontr\u00f3 al compartir su m\u00fasica con el mundo. Todos lo hemos visto tocar, esa hermosa sonrisa iluminaba cualquier escenario, \u00a1su esp\u00edritu alegre era contagioso! &#8220;<\/p>\n\n\n\n<p>El esfuerzo de base no es el \u00fanico monumento relacionado con Pasadena. La firma AR, con sede en Pasadena, se asoci\u00f3 con el artista de Los \u00c1ngeles Robert Vargas para aumentar el mural de Robert de Eddie Van Halen en el Guitar Center Hollywood.<\/p>\n\n\n\n<p>Despu\u00e9s de escanear un c\u00f3digo QR en el sitio del mural y pararse directamente frente a la obra de arte, los espectadores pueden ver c\u00f3mo el mural cobra vida mientras el legendario rockero toca su guitarra.<\/p>\n\n\n\n<p>En las entrevistas, Alex y Eddie asistieron a escuelas locales donde los empujaban porque eran mestizos y hablaban poco ingl\u00e9s.<\/p>\n\n\n\n<p>En una entrevista de 2017 con la revista Smithsonian, Eddie Van Halen record\u00f3 que sus primeros amigos en Estados Unidos eran negros y lo protegieron de los matones locales.<\/p>\n\n\n\n<p>A pesar de esos incidentes, Van Halen dijo que estaba agradecido por su experiencia como inmigrante.<\/p>\n\n\n\n<p>\u201cVenir aqu\u00ed con aproximadamente 50 d\u00f3lares y un piano, no poder hablar el idioma, pasar por todo para llegar a donde estamos, si ese no es el sue\u00f1o americano, no s\u00e9 qu\u00e9 es\u201d, dijo en la entrevista.<\/p>\n\n\n\n<p>La colocaci\u00f3n de monumentos, incluidas las placas conmemorativas, est\u00e1 bajo la jurisdicci\u00f3n administrativa del administrador de la ciudad.<\/p>\n\n\n\n<p>Los monumentos deben cumplir con los criterios de idoneidad, compatibilidad con el medio ambiente circundante e impactos en el uso existente de la ubicaci\u00f3n.<\/p>\n","protected":false},"excerpt":{"rendered":"<p>La ciudad develar\u00e1 el lunes una placa dedicada al legendario guitarrista y ex residente de Pasadena Eddie Van Halen. Van Halen muri\u00f3 de complicaciones causadas por un c\u00e1ncer de garganta el 6 de octubre de 2020. Ten\u00eda 65 a\u00f1os. La placa se instalar\u00e1 cerca del Centro de Convenciones de Pasadena, que est\u00e1 al lado del Auditorio C\u00edvico, donde la banda toc\u00f3 una docena de veces entre 1975 y 1978. El evento de inauguraci\u00f3n no est\u00e1 abierto al p\u00fablico. \u201cTras el [&hellip;]<\/p>\n","protected":false},"author":4,"featured_media":11601,"comment_status":"open","ping_status":"closed","sticky":false,"template":"","format":"standard","meta":[],"categories":[4],"tags":[],"acf":[],"_links":{"self":[{"href":"http:\/\/www.pasadenahoy.com\/primero\/wp-json\/wp\/v2\/posts\/11600"}],"collection":[{"href":"http:\/\/www.pasadenahoy.com\/primero\/wp-json\/wp\/v2\/posts"}],"about":[{"href":"http:\/\/www.pasadenahoy.com\/primero\/wp-json\/wp\/v2\/types\/post"}],"author":[{"embeddable":true,"href":"http:\/\/www.pasadenahoy.com\/primero\/wp-json\/wp\/v2\/users\/4"}],"replies":[{"embeddable":true,"href":"http:\/\/www.pasadenahoy.com\/primero\/wp-json\/wp\/v2\/comments?post=11600"}],"version-history":[{"count":2,"href":"http:\/\/www.pasadenahoy.com\/primero\/wp-json\/wp\/v2\/posts\/11600\/revisions"}],"predecessor-version":[{"id":11603,"href":"http:\/\/www.pasadenahoy.com\/primero\/wp-json\/wp\/v2\/posts\/11600\/revisions\/11603"}],"wp:featuredmedia":[{"embeddable":true,"href":"http:\/\/www.pasadenahoy.com\/primero\/wp-json\/wp\/v2\/media\/11601"}],"wp:attachment":[{"href":"http:\/\/www.pasadenahoy.com\/primero\/wp-json\/wp\/v2\/media?parent=11600"}],"wp:term":[{"taxonomy":"category","embeddable":true,"href":"http:\/\/www.pasadenahoy.com\/primero\/wp-json\/wp\/v2\/categories?post=11600"},{"taxonomy":"post_tag","embeddable":true,"href":"http:\/\/www.pasadenahoy.com\/primero\/wp-json\/wp\/v2\/tags?post=11600"}],"curies":[{"name":"wp","href":"https:\/\/api.w.org\/{rel}","templated":true}]}}