{"id":11604,"date":"2021-10-11T15:31:25","date_gmt":"2021-10-11T15:31:25","guid":{"rendered":"http:\/\/www.pasadenahoy.com\/primero\/?p=11604"},"modified":"2021-10-11T15:31:28","modified_gmt":"2021-10-11T15:31:28","slug":"el-comite-de-la-ciudad-escuchara-la-presentacion-sobre-las-politicas-del-departamento-de-policia-sobre-las-investigaciones-de-tiroteos-involucrados-por-oficiales","status":"publish","type":"post","link":"http:\/\/www.pasadenahoy.com\/primero\/la-comunidad\/el-comite-de-la-ciudad-escuchara-la-presentacion-sobre-las-politicas-del-departamento-de-policia-sobre-las-investigaciones-de-tiroteos-involucrados-por-oficiales\/","title":{"rendered":"El comit\u00e9 de la ciudad escuchar\u00e1 la presentaci\u00f3n sobre las pol\u00edticas del departamento de polic\u00eda sobre las investigaciones de tiroteos involucrados por oficiales"},"content":{"rendered":"\n<figure class=\"wp-block-image alignnone size-large\"><figure class=\"alignnone\"><img loading=\"lazy\" width=\"700\" height=\"378\" src=\"http:\/\/www.pasadenahoy.com\/primero\/wp-content\/uploads\/2021\/10\/pic-2-4.jpg\" alt=\"\" class=\"wp-image-11605\" srcset=\"http:\/\/www.pasadenahoy.com\/primero\/wp-content\/uploads\/2021\/10\/pic-2-4.jpg 700w, http:\/\/www.pasadenahoy.com\/primero\/wp-content\/uploads\/2021\/10\/pic-2-4-300x162.jpg 300w, http:\/\/www.pasadenahoy.com\/primero\/wp-content\/uploads\/2021\/10\/pic-2-4-241x130.jpg 241w, http:\/\/www.pasadenahoy.com\/primero\/wp-content\/uploads\/2021\/10\/pic-2-4-333x180.jpg 333w, http:\/\/www.pasadenahoy.com\/primero\/wp-content\/uploads\/2021\/10\/pic-2-4-360x194.jpg 360w\" sizes=\"100vw\" \/><\/figure><\/figure>\n\n\n\n<p>El Comit\u00e9 de Seguridad P\u00fablica (PSC) del Ayuntamiento est\u00e1 listo para escuchar una presentaci\u00f3n sobre el proceso de investigaci\u00f3n de tiroteos involucrados por oficiales de polic\u00eda (OIS) de Pasadena y las pol\u00edticas relacionadas.<\/p>\n\n\n\n<p>El comit\u00e9 se re\u00fane a las 4:30 p.m. Mi\u00e9rcoles.<\/p>\n\n\n\n<p>Programado como un art\u00edculo solo de informaci\u00f3n, el art\u00edculo no resultar\u00e1 en una votaci\u00f3n que podr\u00eda conducir a un cambio en la pol\u00edtica policial.<\/p>\n\n\n\n<p>De acuerdo con la pol\u00edtica de la polic\u00eda, luego de un OIS, una muerte bajo custodia y otros incidentes cr\u00edticos, los detectives de Pasadena y la Oficina del Fiscal de Distrito del Condado de Los \u00c1ngeles llevan a cabo investigaciones criminales por separado.<\/p>\n\n\n\n<p>El equipo de respuesta del fiscal de distrito se despliega al mismo tiempo que los detectives locales despu\u00e9s de que ocurre el tiroteo. El da. produce un hallazgo basado tanto en la investigaci\u00f3n policial como en su investigaci\u00f3n, para determinar si los agentes actuaron en el marco de la ley.<\/p>\n\n\n\n<p>Si se determina que los agentes actuaron fuera de ese marco, los fiscales determinan si se deben presentar cargos penales contra los agentes involucrados.<\/p>\n\n\n\n<p>Un D.A. La investigaci\u00f3n est\u00e1 en curso sobre la muerte a tiros del residente de Pasadena Anthony McClain, involucrada por un oficial, para determinar si la ley se infringi\u00f3 durante ese incidente.<\/p>\n\n\n\n<p>El 15 de agosto de 2020, McClain era un pasajero en un autom\u00f3vil que fue detenido por la polic\u00eda en North Raymond Avenue, cerca del parque La Pintoresca, por no mostrar una placa frontal. Despu\u00e9s de que se les pidi\u00f3 al conductor y a McClain que salieran del autom\u00f3vil, McClain sali\u00f3 corriendo de los oficiales.<\/p>\n\n\n\n<p>La polic\u00eda dice que McClain se quit\u00f3 una pistola de la cintura mientras hu\u00eda, lo que provoc\u00f3 que el oficial Edwin Dumaguindin abriera fuego. McClain continu\u00f3 corriendo una corta distancia antes de arrojar el arma al otro lado de la calle y colapsar, seg\u00fan la polic\u00eda.<br>Algunos residentes locales dicen que no ven un arma en las im\u00e1genes de video del evento. La polic\u00eda dice que se encontr\u00f3 un arma en el lugar. Los investigadores dicen que el ADN de McClain se recuper\u00f3 del arma.<\/p>\n\n\n\n<p>D.A. Los investigadores recibieron el caso McClain a fines de 2020, pero a\u00fan no han emitido un hallazgo. A menudo, lleva de varios meses a varios a\u00f1os obtener un hallazgo de la oficina del fiscal del distrito.<\/p>\n\n\n\n<p>La unidad de Asuntos Internos del Departamento de Polic\u00eda de Pasadena tambi\u00e9n responde para comenzar una investigaci\u00f3n administrativa sobre el incidente despu\u00e9s de un tiroteo en el que estuvo involucrado un oficial. Esa investigaci\u00f3n se centra principalmente en las infracciones de pol\u00edticas, la capacitaci\u00f3n y las t\u00e1cticas utilizadas.<\/p>\n\n\n\n<p>La unidad de Asuntos Internos normalmente esperar\u00e1 para completar su investigaci\u00f3n hasta que los hallazgos de la oficina del fiscal del distrito regresen para que los investigadores administrativos tengan la informaci\u00f3n necesaria para llegar a una conclusi\u00f3n.<\/p>\n\n\n\n<p>El concejal Tyron Hampton ha preguntado varias veces sobre la investigaci\u00f3n del tiroteo de McClain y ha criticado el tiempo que ha durado la investigaci\u00f3n.<\/p>\n\n\n\n<p>La discusi\u00f3n de la evidencia en el caso McClain no est\u00e1 incluida en la agenda del PSC.<\/p>\n\n\n\n<p>Los tiroteos locales tambi\u00e9n se han remitido a la Oficina de Revisi\u00f3n Independiente (OIR) para una revisi\u00f3n independiente de los hechos.<\/p>\n\n\n\n<p>La OIR no realiza una investigaci\u00f3n criminal, pero busca el cumplimiento de la pol\u00edtica de la ciudad.<\/p>\n\n\n\n<p>Actualmente, la OIR tambi\u00e9n est\u00e1 investigando el tiroteo de McClain.<\/p>\n\n\n\n<p>Por lo general, el administrador de la ciudad, que trabaja con la polic\u00eda y no con el Ayuntamiento, controla la divulgaci\u00f3n de informaci\u00f3n sobre las investigaciones de OIS.<\/p>\n\n\n\n<p>En el tiroteo de 2012 de Kendrec McDade, el entonces administrador de la ciudad, Michael Beck, inicialmente se neg\u00f3 a publicar el informe completo de OIR, pero prometi\u00f3 publicar el resumen, que fue un cambio de los incidentes anteriores cuando se publicaron los informes completos.<br>La ciudad cambi\u00f3 de tono y pidi\u00f3 la publicaci\u00f3n del informe cuando el asunto lleg\u00f3 a los tribunales, pero la Asociaci\u00f3n de Oficiales de Polic\u00eda de Pasadena continu\u00f3 oponi\u00e9ndose a la publicaci\u00f3n de los archivos.<\/p>\n\n\n\n<p>Despu\u00e9s de la resoluci\u00f3n de dos demandas federales, varias protestas p\u00fablicas, numerosas historias, una serie de audiencias en tribunales superiores y un fallo de un tribunal de apelaciones estatal, se public\u00f3 el informe.<\/p>\n\n\n\n<p>Dos polic\u00edas de Pasadena dispararon y mataron a McDade despu\u00e9s de que una persona que llamaba le dijera a un operador del 911 que McDade estaba armado cuando el adolescente lo rob\u00f3 en 2012.<br>Los oficiales dijeron que cre\u00edan que McDade estaba armado antes de perseguirlo en Sunset Avenue justo antes de las 11 p.m. la noche del tiroteo, seg\u00fan la llamada al 911. Toda la persecuci\u00f3n dur\u00f3 solo 65 segundos. La persona que llam\u00f3 m\u00e1s tarde se retract\u00f3 de su historia.<\/p>\n\n\n\n<p>Los dos oficiales fueron absueltos de irregularidades en investigaciones separadas por la oficina del fiscal del distrito, el Departamento de Polic\u00eda y el Departamento de Justicia de Estados Unidos.<\/p>\n\n\n\n<p>La reuni\u00f3n se puede ver en: <a href=\"http:\/\/pasadena.granicus.com\/mediaplayer.php?camera_id=2&amp;publish_id=9\">http:\/\/pasadena.granicus.com\/mediaplayer.php?camera_id=2&amp;publish_id=9<\/a><\/p>\n","protected":false},"excerpt":{"rendered":"<p>El Comit\u00e9 de Seguridad P\u00fablica (PSC) del Ayuntamiento est\u00e1 listo para escuchar una presentaci\u00f3n sobre el proceso de investigaci\u00f3n de tiroteos involucrados por oficiales de polic\u00eda (OIS) de Pasadena y las pol\u00edticas relacionadas. El comit\u00e9 se re\u00fane a las 4:30 p.m. Mi\u00e9rcoles. Programado como un art\u00edculo solo de informaci\u00f3n, el art\u00edculo no resultar\u00e1 en una votaci\u00f3n que podr\u00eda conducir a un cambio en la pol\u00edtica policial. De acuerdo con la pol\u00edtica de la polic\u00eda, luego de un OIS, una muerte [&hellip;]<\/p>\n","protected":false},"author":4,"featured_media":11605,"comment_status":"open","ping_status":"closed","sticky":false,"template":"","format":"standard","meta":[],"categories":[4],"tags":[],"acf":[],"_links":{"self":[{"href":"http:\/\/www.pasadenahoy.com\/primero\/wp-json\/wp\/v2\/posts\/11604"}],"collection":[{"href":"http:\/\/www.pasadenahoy.com\/primero\/wp-json\/wp\/v2\/posts"}],"about":[{"href":"http:\/\/www.pasadenahoy.com\/primero\/wp-json\/wp\/v2\/types\/post"}],"author":[{"embeddable":true,"href":"http:\/\/www.pasadenahoy.com\/primero\/wp-json\/wp\/v2\/users\/4"}],"replies":[{"embeddable":true,"href":"http:\/\/www.pasadenahoy.com\/primero\/wp-json\/wp\/v2\/comments?post=11604"}],"version-history":[{"count":2,"href":"http:\/\/www.pasadenahoy.com\/primero\/wp-json\/wp\/v2\/posts\/11604\/revisions"}],"predecessor-version":[{"id":11607,"href":"http:\/\/www.pasadenahoy.com\/primero\/wp-json\/wp\/v2\/posts\/11604\/revisions\/11607"}],"wp:featuredmedia":[{"embeddable":true,"href":"http:\/\/www.pasadenahoy.com\/primero\/wp-json\/wp\/v2\/media\/11605"}],"wp:attachment":[{"href":"http:\/\/www.pasadenahoy.com\/primero\/wp-json\/wp\/v2\/media?parent=11604"}],"wp:term":[{"taxonomy":"category","embeddable":true,"href":"http:\/\/www.pasadenahoy.com\/primero\/wp-json\/wp\/v2\/categories?post=11604"},{"taxonomy":"post_tag","embeddable":true,"href":"http:\/\/www.pasadenahoy.com\/primero\/wp-json\/wp\/v2\/tags?post=11604"}],"curies":[{"name":"wp","href":"https:\/\/api.w.org\/{rel}","templated":true}]}}