{"id":11608,"date":"2021-10-11T15:35:48","date_gmt":"2021-10-11T15:35:48","guid":{"rendered":"http:\/\/www.pasadenahoy.com\/primero\/?p=11608"},"modified":"2021-10-11T15:35:50","modified_gmt":"2021-10-11T15:35:50","slug":"el-ayuntamiento-de-pasadena-las-escuelas-unificadas-de-pasadena-abren-los-lunes-pero-muchas-agencias-estatales-y-federales-estan-cerradas","status":"publish","type":"post","link":"http:\/\/www.pasadenahoy.com\/primero\/la-comunidad\/el-ayuntamiento-de-pasadena-las-escuelas-unificadas-de-pasadena-abren-los-lunes-pero-muchas-agencias-estatales-y-federales-estan-cerradas\/","title":{"rendered":"El Ayuntamiento de Pasadena, las escuelas unificadas de Pasadena abren los lunes, pero muchas agencias estatales y federales est\u00e1n cerradas"},"content":{"rendered":"\n<figure class=\"wp-block-image alignnone size-large\"><figure class=\"alignnone\"><img loading=\"lazy\" width=\"700\" height=\"378\" src=\"http:\/\/www.pasadenahoy.com\/primero\/wp-content\/uploads\/2021\/10\/pic-3-3.jpg\" alt=\"\" class=\"wp-image-11609\" srcset=\"http:\/\/www.pasadenahoy.com\/primero\/wp-content\/uploads\/2021\/10\/pic-3-3.jpg 700w, http:\/\/www.pasadenahoy.com\/primero\/wp-content\/uploads\/2021\/10\/pic-3-3-300x162.jpg 300w, http:\/\/www.pasadenahoy.com\/primero\/wp-content\/uploads\/2021\/10\/pic-3-3-241x130.jpg 241w, http:\/\/www.pasadenahoy.com\/primero\/wp-content\/uploads\/2021\/10\/pic-3-3-333x180.jpg 333w, http:\/\/www.pasadenahoy.com\/primero\/wp-content\/uploads\/2021\/10\/pic-3-3-360x194.jpg 360w\" sizes=\"100vw\" \/><\/figure><\/figure>\n\n\n\n<p>Algunas oficinas gubernamentales y bibliotecas en Southland estar\u00e1n cerradas el lunes para celebrar el D\u00eda de los Pueblos Ind\u00edgenas o el D\u00eda de la Raza, pero los departamentos de la ciudad de Pasadena funcionar\u00e1n normalmente y los escolares asistir\u00e1n a las escuelas del Distrito Escolar Unificado de Pasadena.<\/p>\n\n\n\n<p>Los servicios de autob\u00fas y metro tanto en la ciudad como en el condado de Los \u00c1ngeles funcionar\u00e1n con un horario regular, junto con los trenes de Metrolink.<\/p>\n\n\n\n<p>Pero los tribunales estatales y federales cerrar\u00e1n sus puertas el lunes. No habr\u00e1 entrega por correo de EE. UU.<\/p>\n\n\n\n<p>Tambi\u00e9n se espera el cierre de la mayor\u00eda de los bancos.<\/p>\n\n\n\n<p>El D\u00eda de la Raza sigue siendo un feriado federal.<\/p>\n\n\n\n<p>El presidente Joe Biden emiti\u00f3 el viernes la primera proclamaci\u00f3n presidencial del D\u00eda de los Pueblos Ind\u00edgenas.<\/p>\n\n\n\n<p>\u201cDurante generaciones, las pol\u00edticas federales buscaron sistem\u00e1ticamente asimilar y desplazar a los nativos y erradicar las culturas nativas\u201d, escribi\u00f3 Biden en la proclamaci\u00f3n del D\u00eda de los Pueblos Ind\u00edgenas. &#8220;Hoy, reconocemos la resistencia y la fuerza de los pueblos ind\u00edgenas, as\u00ed como el inconmensurable impacto positivo que han tenido en todos los aspectos de la sociedad estadounidense&#8221;.<\/p>\n\n\n\n<p>En una proclamaci\u00f3n separada sobre el D\u00eda de la Raza, Biden elogi\u00f3 el papel de los italoamericanos en la sociedad estadounidense, pero tambi\u00e9n hizo referencia a la violencia y el da\u00f1o que Col\u00f3n y otros exploradores de la \u00e9poca provocaron en las Am\u00e9ricas.<\/p>\n","protected":false},"excerpt":{"rendered":"<p>Algunas oficinas gubernamentales y bibliotecas en Southland estar\u00e1n cerradas el lunes para celebrar el D\u00eda de los Pueblos Ind\u00edgenas o el D\u00eda de la Raza, pero los departamentos de la ciudad de Pasadena funcionar\u00e1n normalmente y los escolares asistir\u00e1n a las escuelas del Distrito Escolar Unificado de Pasadena. Los servicios de autob\u00fas y metro tanto en la ciudad como en el condado de Los \u00c1ngeles funcionar\u00e1n con un horario regular, junto con los trenes de Metrolink. Pero los tribunales estatales [&hellip;]<\/p>\n","protected":false},"author":4,"featured_media":11609,"comment_status":"open","ping_status":"closed","sticky":false,"template":"","format":"standard","meta":[],"categories":[4],"tags":[],"acf":[],"_links":{"self":[{"href":"http:\/\/www.pasadenahoy.com\/primero\/wp-json\/wp\/v2\/posts\/11608"}],"collection":[{"href":"http:\/\/www.pasadenahoy.com\/primero\/wp-json\/wp\/v2\/posts"}],"about":[{"href":"http:\/\/www.pasadenahoy.com\/primero\/wp-json\/wp\/v2\/types\/post"}],"author":[{"embeddable":true,"href":"http:\/\/www.pasadenahoy.com\/primero\/wp-json\/wp\/v2\/users\/4"}],"replies":[{"embeddable":true,"href":"http:\/\/www.pasadenahoy.com\/primero\/wp-json\/wp\/v2\/comments?post=11608"}],"version-history":[{"count":2,"href":"http:\/\/www.pasadenahoy.com\/primero\/wp-json\/wp\/v2\/posts\/11608\/revisions"}],"predecessor-version":[{"id":11611,"href":"http:\/\/www.pasadenahoy.com\/primero\/wp-json\/wp\/v2\/posts\/11608\/revisions\/11611"}],"wp:featuredmedia":[{"embeddable":true,"href":"http:\/\/www.pasadenahoy.com\/primero\/wp-json\/wp\/v2\/media\/11609"}],"wp:attachment":[{"href":"http:\/\/www.pasadenahoy.com\/primero\/wp-json\/wp\/v2\/media?parent=11608"}],"wp:term":[{"taxonomy":"category","embeddable":true,"href":"http:\/\/www.pasadenahoy.com\/primero\/wp-json\/wp\/v2\/categories?post=11608"},{"taxonomy":"post_tag","embeddable":true,"href":"http:\/\/www.pasadenahoy.com\/primero\/wp-json\/wp\/v2\/tags?post=11608"}],"curies":[{"name":"wp","href":"https:\/\/api.w.org\/{rel}","templated":true}]}}