{"id":11616,"date":"2021-10-11T15:44:16","date_gmt":"2021-10-11T15:44:16","guid":{"rendered":"http:\/\/www.pasadenahoy.com\/primero\/?p=11616"},"modified":"2021-10-11T15:44:18","modified_gmt":"2021-10-11T15:44:18","slug":"continuan-disminuyendo-las-hospitalizaciones-por-covid-en-el-condado-de-los-angeles","status":"publish","type":"post","link":"http:\/\/www.pasadenahoy.com\/primero\/la-comunidad\/continuan-disminuyendo-las-hospitalizaciones-por-covid-en-el-condado-de-los-angeles\/","title":{"rendered":"Contin\u00faan disminuyendo las hospitalizaciones por COVID en el condado de Los \u00c1ngeles"},"content":{"rendered":"\n<figure class=\"wp-block-image alignnone size-large\"><figure class=\"alignnone\"><img loading=\"lazy\" width=\"700\" height=\"378\" src=\"http:\/\/www.pasadenahoy.com\/primero\/wp-content\/uploads\/2021\/10\/pic-5-3.jpg\" alt=\"\" class=\"wp-image-11617\" srcset=\"http:\/\/www.pasadenahoy.com\/primero\/wp-content\/uploads\/2021\/10\/pic-5-3.jpg 700w, http:\/\/www.pasadenahoy.com\/primero\/wp-content\/uploads\/2021\/10\/pic-5-3-300x162.jpg 300w, http:\/\/www.pasadenahoy.com\/primero\/wp-content\/uploads\/2021\/10\/pic-5-3-241x130.jpg 241w, http:\/\/www.pasadenahoy.com\/primero\/wp-content\/uploads\/2021\/10\/pic-5-3-333x180.jpg 333w, http:\/\/www.pasadenahoy.com\/primero\/wp-content\/uploads\/2021\/10\/pic-5-3-360x194.jpg 360w\" sizes=\"100vw\" \/><\/figure><\/figure>\n\n\n\n<p>El n\u00famero de pacientes con coronavirus en los hospitales del condado de Los \u00c1ngeles contin\u00faa cayendo, disminuyendo de 670 el s\u00e1bado a 656, seg\u00fan las cifras estatales publicadas hoy.<\/p>\n\n\n\n<p>El n\u00famero de esos pacientes en cuidados intensivos se mantuvo igual en 202. Fue la 36\u00aa vez en los \u00faltimos 41 d\u00edas que el n\u00famero de pacientes con COVID en los hospitales del condado disminuy\u00f3, por debajo del pico de verano de casi 1.800 provocado por el Delta m\u00e1s contagioso. variante.<\/p>\n\n\n\n<p>Las \u00faltimas cifras de hospitalizaci\u00f3n se produjeron un d\u00eda despu\u00e9s de que el Departamento de Salud P\u00fablica del Condado de Los \u00c1ngeles informara 1.195 nuevos casos de COVID-19 y 28 muertes adicionales, lo que eleva los totales acumulados del condado a 1.469.790 casos y 26.308 muertes desde que comenz\u00f3 la pandemia.<\/p>\n\n\n\n<p>Los funcionarios han dicho que alrededor del 90% de las muertes asociadas con COVID-19 ocurrieron en personas con afecciones de salud subyacentes.<\/p>\n\n\n\n<p>La tasa de positividad de la prueba del s\u00e1bado fue del 0,93%.<\/p>\n\n\n\n<p>El departamento de salud tambi\u00e9n inform\u00f3 que entre el 29 de agosto y el 25 de septiembre, las personas negras y latinx no vacunadas tuvieron las tasas de casos m\u00e1s altas con 587 a 594 casos nuevos por cada 100,000 personas. En todos los grupos raciales y \u00e9tnicos, las tasas de infecci\u00f3n entre las personas no vacunadas se mantuvieron entre dos y tres veces m\u00e1s altas que entre las personas vacunadas.<\/p>\n\n\n\n<p>Los residentes negros tambi\u00e9n tuvieron las tasas de hospitalizaci\u00f3n m\u00e1s altas entre los residentes vacunados y no vacunados, con una tasa de 62 hospitalizaciones por cada 100,000 personas no vacunadas, un 27% m\u00e1s alta que la tasa en el siguiente grupo m\u00e1s alto, los residentes latinos.<\/p>\n\n\n\n<p>Entre las personas no vacunadas, los residentes blancos ten\u00edan las tasas de mortalidad m\u00e1s altas de todos los grupos, seguidos de cerca por los residentes latinos y negros.<\/p>\n\n\n\n<p>\u201cLas tasas m\u00e1s altas de hospitalizaci\u00f3n y muerte entre los residentes negros y latinos es una tragedia que refleja las inequidades de larga data en el acceso a los recursos que promueven la buena salud y previenen las enfermedades cr\u00f3nicas\u201d, dijo la directora de Salud P\u00fablica Barbara Ferrer. \u201cA medida que nos acercamos a un clima m\u00e1s fr\u00edo y la propagaci\u00f3n sustancial de la enfermedad acompa\u00f1ada, estas cifras son un recordatorio de la importancia de permanecer enfocados en llevar la vacuna a las personas no vacunadas, especialmente a aquellas con factores de riesgo asociados con las desigualdades sociales y econ\u00f3micas que aumentan el riesgo de enfermedades graves. . El fin de la pandemia est\u00e1 directamente relacionado con nuestro comportamiento colectivo \u201d.<\/p>\n\n\n\n<p>El viernes marc\u00f3 el primer d\u00eda completo de los nuevos requisitos de vacunaci\u00f3n COVID-19 para empleados y clientes en porciones interiores de bares, bodegas, destiler\u00edas, clubes nocturnos y salones en el condado de Los \u00c1ngeles. Los empleados y patrocinadores de dichos negocios deben mostrar prueba de al menos una dosis de vacuna, mientras que se requerir\u00e1n dos dosis a partir del 4 de noviembre.<\/p>\n\n\n\n<p>Los clientes y empleados no vacunados todav\u00eda pueden estar en las partes al aire libre de los establecimientos afectados.<\/p>\n\n\n\n<p>Mientras tanto, las personas de 12 a\u00f1os o m\u00e1s que asisten a megaeventos al aire libre de 10,000 o m\u00e1s personas ahora deben mostrar un comprobante de vacunaci\u00f3n completa o una prueba de COVID negativa tomada dentro de las 72 horas. El requisito afecta los eventos deportivos con boleto, conciertos al aire libre y parques tem\u00e1ticos que tienen 10,000 o m\u00e1s personas presentes.<\/p>\n\n\n\n<p>Tambi\u00e9n se requiere el uso de m\u00e1scara en todos estos eventos.<\/p>\n\n\n\n<p>El requisito de vacunaci\u00f3n o pruebas ya estaba en vigor para grandes eventos en interiores de 1.000 personas o m\u00e1s.<\/p>\n\n\n\n<p>\u201cFelicitamos a todos los negocios y lugares que cumplen con los nuevos requisitos de verificaci\u00f3n de vacunas\u201d, dijo Ferrer en un comunicado. &#8220;Debido a que las personas no vacunadas tienen cinco veces m\u00e1s probabilidades de infectarse con COVID-19 y 23 veces m\u00e1s probabilidades de ser hospitalizadas, crear m\u00e1s seguridad en los lugares de trabajo, los grandes eventos y los establecimientos cerrados se logra mejor cuando la mayor\u00eda de las personas est\u00e1n vacunadas&#8221;.<\/p>\n\n\n\n<p>El jueves, Ferrer dijo que el condado ha experimentado un repunte alentador durante el \u00faltimo mes en las vacunas entre algunos grupos clave de edad m\u00e1s j\u00f3venes.<\/p>\n\n\n\n<p>El condado todav\u00eda tiene brechas de vacunaci\u00f3n persistentes entre los grupos \u00e9tnicos, con solo el 54% de los residentes negros y el 63% de los residentes latinos que recibieron al menos una dosis, en comparaci\u00f3n con el 72% de los residentes blancos y el 82% de los asi\u00e1ticos.<\/p>\n\n\n\n<p>\u201cAunque seguimos teniendo grandes diferencias en la vacunaci\u00f3n entre la edad y los subgrupos raciales y \u00e9tnicos, este \u00faltimo mes ha tra\u00eddo cierto \u00e9xito, especialmente entre los residentes m\u00e1s j\u00f3venes\u201d, dijo Ferrer. &#8220;&#8230; Los mayores aumentos se produjeron entre nuestros j\u00f3venes residentes indios americanos \/ nativos de Alaska, pero tambi\u00e9n vimos grandes aumentos en la vacunaci\u00f3n entre los j\u00f3venes negros y latinos y los adultos negros de 30 a 49 a\u00f1os&#8221;.<\/p>\n\n\n\n<p>Ferrer dijo que los aumentos de vacunaci\u00f3n entre los residentes m\u00e1s j\u00f3venes podr\u00edan ser el resultado de mandatos para los estudiantes de la escuela, pero las pr\u00f3ximas vacaciones de invierno tambi\u00e9n podr\u00edan estar impulsando a las familias a vacunar a sus hijos.<\/p>\n\n\n\n<p>\u201cCreo que muchos padres est\u00e1n diciendo: &#8216;Ya sabes, prepar\u00e1ndote para las vacaciones, quiero que te vacunes&#8217;\u201d, dijo. &#8220;&#8230; Todos hemos vivido un invierno devastador el a\u00f1o pasado, as\u00ed que creo que los miembros de la familia presionan mucho m\u00e1s para que sus adolescentes se vacunen&#8221;.<\/p>\n\n\n\n<p>En general, el 78% de los residentes elegibles del condado de 12 a\u00f1osy m\u00e1s han recibido al menos una dosis de vacuna, mientras que el 70% est\u00e1n completamente vacunados. De la poblaci\u00f3n total del condado de 10,3 millones, incluidos 1,3 millones de ni\u00f1os menores de 12 a\u00f1os que no son elegibles para las vacunas, el 67% tiene al menos una dosis y el 60% est\u00e1 completamente vacunado.<\/p>\n\n\n\n<p>Pero Ferrer dijo que el ritmo de las vacunas sigue siendo lento, con solo unas 45.000 primeras dosis administradas durante la \u00faltima semana.<\/p>\n","protected":false},"excerpt":{"rendered":"<p>El n\u00famero de pacientes con coronavirus en los hospitales del condado de Los \u00c1ngeles contin\u00faa cayendo, disminuyendo de 670 el s\u00e1bado a 656, seg\u00fan las cifras estatales publicadas hoy. El n\u00famero de esos pacientes en cuidados intensivos se mantuvo igual en 202. Fue la 36\u00aa vez en los \u00faltimos 41 d\u00edas que el n\u00famero de pacientes con COVID en los hospitales del condado disminuy\u00f3, por debajo del pico de verano de casi 1.800 provocado por el Delta m\u00e1s contagioso. variante. [&hellip;]<\/p>\n","protected":false},"author":4,"featured_media":0,"comment_status":"open","ping_status":"closed","sticky":false,"template":"","format":"standard","meta":[],"categories":[4],"tags":[],"acf":[],"_links":{"self":[{"href":"http:\/\/www.pasadenahoy.com\/primero\/wp-json\/wp\/v2\/posts\/11616"}],"collection":[{"href":"http:\/\/www.pasadenahoy.com\/primero\/wp-json\/wp\/v2\/posts"}],"about":[{"href":"http:\/\/www.pasadenahoy.com\/primero\/wp-json\/wp\/v2\/types\/post"}],"author":[{"embeddable":true,"href":"http:\/\/www.pasadenahoy.com\/primero\/wp-json\/wp\/v2\/users\/4"}],"replies":[{"embeddable":true,"href":"http:\/\/www.pasadenahoy.com\/primero\/wp-json\/wp\/v2\/comments?post=11616"}],"version-history":[{"count":2,"href":"http:\/\/www.pasadenahoy.com\/primero\/wp-json\/wp\/v2\/posts\/11616\/revisions"}],"predecessor-version":[{"id":11619,"href":"http:\/\/www.pasadenahoy.com\/primero\/wp-json\/wp\/v2\/posts\/11616\/revisions\/11619"}],"wp:attachment":[{"href":"http:\/\/www.pasadenahoy.com\/primero\/wp-json\/wp\/v2\/media?parent=11616"}],"wp:term":[{"taxonomy":"category","embeddable":true,"href":"http:\/\/www.pasadenahoy.com\/primero\/wp-json\/wp\/v2\/categories?post=11616"},{"taxonomy":"post_tag","embeddable":true,"href":"http:\/\/www.pasadenahoy.com\/primero\/wp-json\/wp\/v2\/tags?post=11616"}],"curies":[{"name":"wp","href":"https:\/\/api.w.org\/{rel}","templated":true}]}}