{"id":11633,"date":"2021-10-11T16:13:10","date_gmt":"2021-10-11T16:13:10","guid":{"rendered":"http:\/\/www.pasadenahoy.com\/primero\/?p=11633"},"modified":"2021-10-11T16:13:12","modified_gmt":"2021-10-11T16:13:12","slug":"tres-casos-locales-listos-para-avanzar-en-los-tribunales-esta-semana","status":"publish","type":"post","link":"http:\/\/www.pasadenahoy.com\/primero\/la-comunidad\/tres-casos-locales-listos-para-avanzar-en-los-tribunales-esta-semana\/","title":{"rendered":"Tres casos locales listos para avanzar en los tribunales esta semana"},"content":{"rendered":"\n<figure class=\"wp-block-image alignnone size-large\"><figure class=\"alignnone\"><img loading=\"lazy\" width=\"700\" height=\"378\" src=\"http:\/\/www.pasadenahoy.com\/primero\/wp-content\/uploads\/2021\/10\/pic-9.jpg\" alt=\"\" class=\"wp-image-11634\" srcset=\"http:\/\/www.pasadenahoy.com\/primero\/wp-content\/uploads\/2021\/10\/pic-9.jpg 700w, http:\/\/www.pasadenahoy.com\/primero\/wp-content\/uploads\/2021\/10\/pic-9-300x162.jpg 300w, http:\/\/www.pasadenahoy.com\/primero\/wp-content\/uploads\/2021\/10\/pic-9-241x130.jpg 241w, http:\/\/www.pasadenahoy.com\/primero\/wp-content\/uploads\/2021\/10\/pic-9-333x180.jpg 333w, http:\/\/www.pasadenahoy.com\/primero\/wp-content\/uploads\/2021\/10\/pic-9-360x194.jpg 360w\" sizes=\"100vw\" \/><\/figure><\/figure>\n\n\n\n<p>Esta semana, tres casos importantes relacionados con Pasadena ser\u00e1n escuchados en el Juzgado de Pasadena del Tribunal de Distrito de Los \u00c1ngeles y en el Centro C\u00edvico de Los \u00c1ngeles. A continuaci\u00f3n, se muestra un perfil de cada uno de estos casos.<\/p>\n\n\n\n<p>Martes 12 de octubre, 8:30 a.m .: Fijaci\u00f3n de la fecha de audiencia preliminar para Tanaj Johnson<\/p>\n\n\n\n<p>Tanaj Johnson, de 22 a\u00f1os, de Pasadena, est\u00e1 acusado de intento de asesinato y caos junto con Joseph Mekhi Knowles luego de un tiroteo en el D\u00eda de San Valent\u00edn que hiri\u00f3 gravemente a un ni\u00f1o de 10 a\u00f1os que jugaba frente a su casa en Pasadena.<\/p>\n\n\n\n<p>Knowles tambi\u00e9n est\u00e1 acusado de posesi\u00f3n de un arma de fuego por un delincuente.<\/p>\n\n\n\n<p>Los dos se encuentran actualmente bajo custodia.<\/p>\n\n\n\n<p>Esta audiencia ser\u00e1 en el Departamento J del Palacio de Justicia de Pasadena.<\/p>\n\n\n\n<p>Mi\u00e9rcoles 13 de octubre, 8:30 a.m .: Fijaci\u00f3n de la fecha de la audiencia preliminar para Mary Jean O\u2019Connor<\/p>\n\n\n\n<p>Mary Jean O&#8217;Connor, de 45 a\u00f1os, sin hogar, est\u00e1 acusada de un cargo de asesinato por presuntamente matar a una mujer de Pasadena de 75 a\u00f1os, Jeri Douglas, en el condominio de la v\u00edctima.<\/p>\n\n\n\n<p>La polic\u00eda dijo que O&#8217;Connor supuestamente obtuvo informaci\u00f3n confidencial sobre la v\u00edctima del Departamento de Servicios para Ni\u00f1os y Familias del Condado de Los \u00c1ngeles (DCFS) y luego la llam\u00f3 para decirle que necesitaba que firmara algunos papeles. Una vez dentro de su casa, O&#8217;Connor supuestamente estrangul\u00f3 a la v\u00edctima hasta la muerte.<\/p>\n\n\n\n<p>O&#8217;Connor fue arrestado en una casa m\u00f3vil en North Hollywood a fines de diciembre de 2018 y acusado de un cargo de asesinato. Ella se declar\u00f3 no culpable.<\/p>\n\n\n\n<p>O&#8217;Connor enfrenta 25 a\u00f1os a cadena perpetua si es declarado culpable.<\/p>\n\n\n\n<p>La audiencia ser\u00e1 en el Departamento J del Palacio de Justicia de Pasadena.<\/p>\n\n\n\n<p>Jueves, 14 de octubre, 9 a.m .: Conferencia de estado de Richard Thompson vs.Ciudad de Pasadena<\/p>\n\n\n\n<p>Richard Thompson, un ex supervisor del Departamento de Agua y Energ\u00eda de Pasadena, present\u00f3 una demanda contra la Ciudad de Pasadena alegando que fue objeto de represalias por afirmar que a otra empleada de la Ciudad, Aurora Isabel, se le neg\u00f3 un ascenso debido a su origen \u00e9tnico latino, y luego testificando en su nombre en el juicio en 2015.<\/p>\n\n\n\n<p>La reacci\u00f3n supuestamente incluy\u00f3 una acusaci\u00f3n de que firm\u00f3 incorrectamente una orden de trabajo.<\/p>\n\n\n\n<p>En la demanda, Thompson dijo que las medidas de represalia colectivas en su contra afectaron su capacidad para obtener mejores puestos de trabajo dentro de la Ciudad.<\/p>\n\n\n\n<p>El 7 de junio de 2019, un jurado de la Corte Superior de Los \u00c1ngeles le otorg\u00f3 aproximadamente $ 825,000.<\/p>\n\n\n\n<p>La conferencia de estado se llevar\u00e1 a cabo en el Departamento 16 del Palacio de Justicia del Condado, en 111 N. Hill St. en Los \u00c1ngeles.<\/p>\n","protected":false},"excerpt":{"rendered":"<p>Esta semana, tres casos importantes relacionados con Pasadena ser\u00e1n escuchados en el Juzgado de Pasadena del Tribunal de Distrito de Los \u00c1ngeles y en el Centro C\u00edvico de Los \u00c1ngeles. A continuaci\u00f3n, se muestra un perfil de cada uno de estos casos. Martes 12 de octubre, 8:30 a.m .: Fijaci\u00f3n de la fecha de audiencia preliminar para Tanaj Johnson Tanaj Johnson, de 22 a\u00f1os, de Pasadena, est\u00e1 acusado de intento de asesinato y caos junto con Joseph Mekhi Knowles luego [&hellip;]<\/p>\n","protected":false},"author":4,"featured_media":0,"comment_status":"open","ping_status":"closed","sticky":false,"template":"","format":"standard","meta":[],"categories":[4],"tags":[],"acf":[],"_links":{"self":[{"href":"http:\/\/www.pasadenahoy.com\/primero\/wp-json\/wp\/v2\/posts\/11633"}],"collection":[{"href":"http:\/\/www.pasadenahoy.com\/primero\/wp-json\/wp\/v2\/posts"}],"about":[{"href":"http:\/\/www.pasadenahoy.com\/primero\/wp-json\/wp\/v2\/types\/post"}],"author":[{"embeddable":true,"href":"http:\/\/www.pasadenahoy.com\/primero\/wp-json\/wp\/v2\/users\/4"}],"replies":[{"embeddable":true,"href":"http:\/\/www.pasadenahoy.com\/primero\/wp-json\/wp\/v2\/comments?post=11633"}],"version-history":[{"count":2,"href":"http:\/\/www.pasadenahoy.com\/primero\/wp-json\/wp\/v2\/posts\/11633\/revisions"}],"predecessor-version":[{"id":11636,"href":"http:\/\/www.pasadenahoy.com\/primero\/wp-json\/wp\/v2\/posts\/11633\/revisions\/11636"}],"wp:attachment":[{"href":"http:\/\/www.pasadenahoy.com\/primero\/wp-json\/wp\/v2\/media?parent=11633"}],"wp:term":[{"taxonomy":"category","embeddable":true,"href":"http:\/\/www.pasadenahoy.com\/primero\/wp-json\/wp\/v2\/categories?post=11633"},{"taxonomy":"post_tag","embeddable":true,"href":"http:\/\/www.pasadenahoy.com\/primero\/wp-json\/wp\/v2\/tags?post=11633"}],"curies":[{"name":"wp","href":"https:\/\/api.w.org\/{rel}","templated":true}]}}