{"id":11649,"date":"2021-10-12T15:32:06","date_gmt":"2021-10-12T15:32:06","guid":{"rendered":"http:\/\/www.pasadenahoy.com\/primero\/?p=11649"},"modified":"2021-10-12T15:32:08","modified_gmt":"2021-10-12T15:32:08","slug":"pasadena-celebra-el-dia-nacional-de-la-salida-del-armario-con-la-celebracion-de-la-libertad-y-la-diversidad","status":"publish","type":"post","link":"http:\/\/www.pasadenahoy.com\/primero\/la-comunidad\/pasadena-celebra-el-dia-nacional-de-la-salida-del-armario-con-la-celebracion-de-la-libertad-y-la-diversidad\/","title":{"rendered":"Pasadena celebra el d\u00eda nacional de la salida del armario con la celebraci\u00f3n de la libertad y la diversidad"},"content":{"rendered":"\n<figure class=\"wp-block-image alignnone size-large\"><figure class=\"alignnone\"><img loading=\"lazy\" width=\"700\" height=\"378\" src=\"http:\/\/www.pasadenahoy.com\/primero\/wp-content\/uploads\/2021\/10\/pic-2-5.jpg\" alt=\"\" class=\"wp-image-11650\" srcset=\"http:\/\/www.pasadenahoy.com\/primero\/wp-content\/uploads\/2021\/10\/pic-2-5.jpg 700w, http:\/\/www.pasadenahoy.com\/primero\/wp-content\/uploads\/2021\/10\/pic-2-5-300x162.jpg 300w, http:\/\/www.pasadenahoy.com\/primero\/wp-content\/uploads\/2021\/10\/pic-2-5-241x130.jpg 241w, http:\/\/www.pasadenahoy.com\/primero\/wp-content\/uploads\/2021\/10\/pic-2-5-333x180.jpg 333w, http:\/\/www.pasadenahoy.com\/primero\/wp-content\/uploads\/2021\/10\/pic-2-5-360x194.jpg 360w\" sizes=\"100vw\" \/><\/figure><\/figure>\n\n\n\n<p>En una noche inusualmente tempestuosa con patinaje sobre el viento a trav\u00e9s del c\u00e9sped verde frente a la concha de banda del Memorial Park, la ciudad de Pasadena celebr\u00f3 el lunes el 33\u00ba D\u00eda Nacional de la Salida del closet con palabras, canciones y honores.<\/p>\n\n\n\n<p>El evento se lanz\u00f3 originalmente para reconocer la primera Marcha Nacional en Washington por los Derechos de Lesbianas y Gays, en 1979.<\/p>\n\n\n\n<p>Presentado por el Departamento de Salud P\u00fablica de Pasadena, la Biblioteca P\u00fablica de Pasadena y los Parques, Recreaci\u00f3n y Servicios Comunitarios de Pasadena, el programa tambi\u00e9n incluy\u00f3 vacunas contra la gripe y la Covid, una feria de recursos comunitarios, una historia para ni\u00f1os le\u00edda por la drag queen Misty Violet, as\u00ed como como actuaciones de Karaoke.<\/p>\n\n\n\n<p>Despu\u00e9s de una introducci\u00f3n del MC Te Jay &#8220;Tia Wanna&#8221; McGrath, el alcalde de Pasadena, V\u00edctor Gordo, inici\u00f3 la velada con un reconocimiento de la importancia del evento, y se\u00f1al\u00f3 que &#8220;Pasadena es m\u00e1s que el Desfile de las Rosas y el Rose Bowl, es su diversidad que hace de esta Ciudad el centro del universo \u201d.<\/p>\n\n\n\n<p>A Gordo se le present\u00f3 una resoluci\u00f3n estatal del senador estatal Anthony Portantino, quien le cont\u00f3 a la audiencia sobre su propio hermano fallecido, que era gay, y sus desaf\u00edos en su joven vida.<\/p>\n\n\n\n<p>El director de Salud P\u00fablica de Pasadena, el Dr. Ying Ying Goh, tambi\u00e9n record\u00f3 a la multitud sobre las dificultades f\u00edsicas y m\u00e9dicas que enfrentan los j\u00f3venes LGBTQ.<\/p>\n\n\n\n<p>\u201cLos datos muestran que los LGBTQ + tienen un 120% m\u00e1s de riesgo de quedarse sin hogar y tienen menos probabilidades de graduarse de la escuela secundaria y asistir a la universidad, y tienen m\u00e1s del doble de probabilidades que los j\u00f3venes no LGBTQ + de decir que han sido acosados \u200b\u200bverbalmente y apodados en la escuela.&#8221;<\/p>\n\n\n\n<p>Goh continu\u00f3: &#8220;Los adultos mayores LGBTQ tienen m\u00e1s probabilidades de haber experimentado discriminaci\u00f3n y maltrato a lo largo de su vida y tienen tasas m\u00e1s altas de ansiedad, depresi\u00f3n y trastornos por uso de sustancias&#8221;.<\/p>\n\n\n\n<p>Goh dijo que el Departamento de Salud P\u00fablica de Pasadena trabaja para abordar y cerrar estas disparidades.<\/p>\n\n\n\n<p>\u201cComo padre de un adolescente, me siento esperanzado para la pr\u00f3xima generaci\u00f3n, porque observo que los j\u00f3venes usan un lenguaje que no estigmatiza y que muestra respeto por los dem\u00e1s a trav\u00e9s de acciones generosas y de apoyo que demuestran no juzgar sobre temas sexuales. identidad \u201d, dijo Goh. \u201cEso parece m\u00e1s saludable y positivo que en generaciones anteriores. Tenemos m\u00e1s trabajo por hacer, pero tambi\u00e9n les presento estos ejemplos de esperanza y progreso &#8220;.<\/p>\n\n\n\n<p>El orador principal Tyanta Snow, un empleado del Distrito Escolar de Pasadena conocido popularmente como el &#8220;Gur\u00fa de los programas de juegos&#8221; por sus numerosas apariciones en programas de telerrealidad y concursos, present\u00f3 un emotivo discurso completo con canciones sobre sus propias luchas para declararse homosexual.<\/p>\n\n\n\n<p>Snow revel\u00f3: &#8220;No le dije a mi madre que era gay hasta los 40, y fue en un momento de ira&#8221;. Su difunta madre lo hab\u00eda estado molestando por casarse y traer nietos a la familia.<\/p>\n\n\n\n<p>Snow finalmente explot\u00f3 y le dijo: &#8220;\u00a1No voy a tener nietos, mam\u00e1, soy gay!&#8221;<\/p>\n\n\n\n<p>Como Ty record\u00f3 con emoci\u00f3n, su madre suspir\u00f3 y le dijo: &#8220;S\u00e9 que lo eres, pero a\u00fan te amo, pase lo que pase&#8221;.<\/p>\n\n\n\n<p>De eso se trata el \u201cD\u00eda nacional de la salida del armario\u201d.<\/p>\n","protected":false},"excerpt":{"rendered":"<p>En una noche inusualmente tempestuosa con patinaje sobre el viento a trav\u00e9s del c\u00e9sped verde frente a la concha de banda del Memorial Park, la ciudad de Pasadena celebr\u00f3 el lunes el 33\u00ba D\u00eda Nacional de la Salida del closet con palabras, canciones y honores. El evento se lanz\u00f3 originalmente para reconocer la primera Marcha Nacional en Washington por los Derechos de Lesbianas y Gays, en 1979. Presentado por el Departamento de Salud P\u00fablica de Pasadena, la Biblioteca P\u00fablica de [&hellip;]<\/p>\n","protected":false},"author":4,"featured_media":11650,"comment_status":"open","ping_status":"closed","sticky":false,"template":"","format":"standard","meta":[],"categories":[4],"tags":[],"acf":[],"_links":{"self":[{"href":"http:\/\/www.pasadenahoy.com\/primero\/wp-json\/wp\/v2\/posts\/11649"}],"collection":[{"href":"http:\/\/www.pasadenahoy.com\/primero\/wp-json\/wp\/v2\/posts"}],"about":[{"href":"http:\/\/www.pasadenahoy.com\/primero\/wp-json\/wp\/v2\/types\/post"}],"author":[{"embeddable":true,"href":"http:\/\/www.pasadenahoy.com\/primero\/wp-json\/wp\/v2\/users\/4"}],"replies":[{"embeddable":true,"href":"http:\/\/www.pasadenahoy.com\/primero\/wp-json\/wp\/v2\/comments?post=11649"}],"version-history":[{"count":2,"href":"http:\/\/www.pasadenahoy.com\/primero\/wp-json\/wp\/v2\/posts\/11649\/revisions"}],"predecessor-version":[{"id":11652,"href":"http:\/\/www.pasadenahoy.com\/primero\/wp-json\/wp\/v2\/posts\/11649\/revisions\/11652"}],"wp:featuredmedia":[{"embeddable":true,"href":"http:\/\/www.pasadenahoy.com\/primero\/wp-json\/wp\/v2\/media\/11650"}],"wp:attachment":[{"href":"http:\/\/www.pasadenahoy.com\/primero\/wp-json\/wp\/v2\/media?parent=11649"}],"wp:term":[{"taxonomy":"category","embeddable":true,"href":"http:\/\/www.pasadenahoy.com\/primero\/wp-json\/wp\/v2\/categories?post=11649"},{"taxonomy":"post_tag","embeddable":true,"href":"http:\/\/www.pasadenahoy.com\/primero\/wp-json\/wp\/v2\/tags?post=11649"}],"curies":[{"name":"wp","href":"https:\/\/api.w.org\/{rel}","templated":true}]}}