{"id":11653,"date":"2021-10-12T15:36:39","date_gmt":"2021-10-12T15:36:39","guid":{"rendered":"http:\/\/www.pasadenahoy.com\/primero\/?p=11653"},"modified":"2021-10-12T15:36:41","modified_gmt":"2021-10-12T15:36:41","slug":"42-infecciones-por-covid-19-detectadas-en-pasadena-desde-el-sabado","status":"publish","type":"post","link":"http:\/\/www.pasadenahoy.com\/primero\/la-comunidad\/42-infecciones-por-covid-19-detectadas-en-pasadena-desde-el-sabado\/","title":{"rendered":"42 infecciones por COVID-19 detectadas en Pasadena desde el s\u00e1bado"},"content":{"rendered":"\n<figure class=\"wp-block-image alignnone size-large\"><figure class=\"alignnone\"><img loading=\"lazy\" width=\"700\" height=\"378\" src=\"http:\/\/www.pasadenahoy.com\/primero\/wp-content\/uploads\/2021\/04\/Covid-Update-1-1-1-700x378-1.jpg\" alt=\"\" class=\"wp-image-7899\" srcset=\"http:\/\/www.pasadenahoy.com\/primero\/wp-content\/uploads\/2021\/04\/Covid-Update-1-1-1-700x378-1.jpg 700w, http:\/\/www.pasadenahoy.com\/primero\/wp-content\/uploads\/2021\/04\/Covid-Update-1-1-1-700x378-1-300x162.jpg 300w, http:\/\/www.pasadenahoy.com\/primero\/wp-content\/uploads\/2021\/04\/Covid-Update-1-1-1-700x378-1-241x130.jpg 241w, http:\/\/www.pasadenahoy.com\/primero\/wp-content\/uploads\/2021\/04\/Covid-Update-1-1-1-700x378-1-333x180.jpg 333w, http:\/\/www.pasadenahoy.com\/primero\/wp-content\/uploads\/2021\/04\/Covid-Update-1-1-1-700x378-1-360x194.jpg 360w\" sizes=\"100vw\" \/><\/figure><\/figure>\n\n\n\n<p>Pasadena vio nueve nuevas infecciones por COVID-19 el lunes, dijeron las autoridades.<\/p>\n\n\n\n<p>La cifra del lunes fue precedida por 11 nuevas infecciones el domingo y 22 el s\u00e1bado, seg\u00fan datos de la ciudad. No se reportaron muertes durante el fin de semana.<\/p>\n\n\n\n<p>En total, el Departamento de Salud P\u00fablica de Pasadena ha registrado 13,344 casos de COVID-19 y 363 muertes.<\/p>\n\n\n\n<p>El Distrito Escolar Unificado de Pasadena inform\u00f3 42 infecciones entre estudiantes y tres entre miembros del personal durante la semana anterior.<\/p>\n\n\n\n<p>En el Hospital Huntington, los funcionarios informaron el domingo que 14 pacientes de COVID-19 estaban siendo tratados en la instalaci\u00f3n, incluidos tres en unidades de cuidados intensivos. Diez de las patentes admitidas no estaban vacunadas, incluidos dos de los tres pacientes tratados en UCI.<\/p>\n\n\n\n<p>Los funcionarios del Departamento de Salud P\u00fablica del Condado de Los \u00c1ngeles anunciaron 826 nuevas infecciones y ocho muertes el lunes, citando el retraso habitual en los informes de datos de los fines de semana.<\/p>\n\n\n\n<p>Los totales pand\u00e9micos del condado se situaron en 1.471.645 casos confirmados del virus y 26.320 muertes.<\/p>\n\n\n\n<p>Los funcionarios enumeraron a 656 pacientes hospitalizados con COVID-19 en todo el condado de Los \u00c1ngeles.<\/p>\n\n\n\n<p>El Departamento de Salud P\u00fablica de California inform\u00f3 el lunes 16,921 nuevas infecciones y 234 muertes, elevando los totales pand\u00e9micos del estado a 4,553,194 casos de COVID-19 y 69,741 muertes.<\/p>\n\n\n\n<p>La tasa de positividad semanal en todo el estado se midi\u00f3 en 2.2%, seg\u00fan datos de CPPH.<\/p>\n\n\n\n<p>Hasta el lunes, el condado de Los \u00c1ngeles representaba el 32% de las infecciones por COVID-19 de California y el 38% de las muertes del estado.<\/p>\n","protected":false},"excerpt":{"rendered":"<p>Pasadena vio nueve nuevas infecciones por COVID-19 el lunes, dijeron las autoridades. La cifra del lunes fue precedida por 11 nuevas infecciones el domingo y 22 el s\u00e1bado, seg\u00fan datos de la ciudad. No se reportaron muertes durante el fin de semana. En total, el Departamento de Salud P\u00fablica de Pasadena ha registrado 13,344 casos de COVID-19 y 363 muertes. El Distrito Escolar Unificado de Pasadena inform\u00f3 42 infecciones entre estudiantes y tres entre miembros del personal durante la semana [&hellip;]<\/p>\n","protected":false},"author":4,"featured_media":7899,"comment_status":"open","ping_status":"closed","sticky":false,"template":"","format":"standard","meta":[],"categories":[4],"tags":[],"acf":[],"_links":{"self":[{"href":"http:\/\/www.pasadenahoy.com\/primero\/wp-json\/wp\/v2\/posts\/11653"}],"collection":[{"href":"http:\/\/www.pasadenahoy.com\/primero\/wp-json\/wp\/v2\/posts"}],"about":[{"href":"http:\/\/www.pasadenahoy.com\/primero\/wp-json\/wp\/v2\/types\/post"}],"author":[{"embeddable":true,"href":"http:\/\/www.pasadenahoy.com\/primero\/wp-json\/wp\/v2\/users\/4"}],"replies":[{"embeddable":true,"href":"http:\/\/www.pasadenahoy.com\/primero\/wp-json\/wp\/v2\/comments?post=11653"}],"version-history":[{"count":2,"href":"http:\/\/www.pasadenahoy.com\/primero\/wp-json\/wp\/v2\/posts\/11653\/revisions"}],"predecessor-version":[{"id":11655,"href":"http:\/\/www.pasadenahoy.com\/primero\/wp-json\/wp\/v2\/posts\/11653\/revisions\/11655"}],"wp:featuredmedia":[{"embeddable":true,"href":"http:\/\/www.pasadenahoy.com\/primero\/wp-json\/wp\/v2\/media\/7899"}],"wp:attachment":[{"href":"http:\/\/www.pasadenahoy.com\/primero\/wp-json\/wp\/v2\/media?parent=11653"}],"wp:term":[{"taxonomy":"category","embeddable":true,"href":"http:\/\/www.pasadenahoy.com\/primero\/wp-json\/wp\/v2\/categories?post=11653"},{"taxonomy":"post_tag","embeddable":true,"href":"http:\/\/www.pasadenahoy.com\/primero\/wp-json\/wp\/v2\/tags?post=11653"}],"curies":[{"name":"wp","href":"https:\/\/api.w.org\/{rel}","templated":true}]}}