{"id":11680,"date":"2021-10-13T15:24:16","date_gmt":"2021-10-13T15:24:16","guid":{"rendered":"http:\/\/www.pasadenahoy.com\/primero\/?p=11680"},"modified":"2021-10-13T15:24:18","modified_gmt":"2021-10-13T15:24:18","slug":"el-saliente-jefe-de-policia-de-pasadena-john-perez-preside-su-desayuno-del-jefe-final","status":"publish","type":"post","link":"http:\/\/www.pasadenahoy.com\/primero\/la-comunidad\/el-saliente-jefe-de-policia-de-pasadena-john-perez-preside-su-desayuno-del-jefe-final\/","title":{"rendered":"El saliente jefe de polic\u00eda de Pasadena, John P\u00e9rez, preside su &#8220;desayuno del jefe&#8221; final"},"content":{"rendered":"\n<figure class=\"wp-block-image alignnone size-large\"><figure class=\"alignnone\"><img loading=\"lazy\" width=\"800\" height=\"428\" src=\"http:\/\/www.pasadenahoy.com\/primero\/wp-content\/uploads\/2021\/10\/pic2-2.jpg\" alt=\"\" class=\"wp-image-11681\" srcset=\"http:\/\/www.pasadenahoy.com\/primero\/wp-content\/uploads\/2021\/10\/pic2-2.jpg 800w, http:\/\/www.pasadenahoy.com\/primero\/wp-content\/uploads\/2021\/10\/pic2-2-300x161.jpg 300w, http:\/\/www.pasadenahoy.com\/primero\/wp-content\/uploads\/2021\/10\/pic2-2-768x411.jpg 768w, http:\/\/www.pasadenahoy.com\/primero\/wp-content\/uploads\/2021\/10\/pic2-2-243x130.jpg 243w, http:\/\/www.pasadenahoy.com\/primero\/wp-content\/uploads\/2021\/10\/pic2-2-336x180.jpg 336w, http:\/\/www.pasadenahoy.com\/primero\/wp-content\/uploads\/2021\/10\/pic2-2-780x417.jpg 780w, http:\/\/www.pasadenahoy.com\/primero\/wp-content\/uploads\/2021\/10\/pic2-2-700x375.jpg 700w, http:\/\/www.pasadenahoy.com\/primero\/wp-content\/uploads\/2021\/10\/pic2-2-360x193.jpg 360w, http:\/\/www.pasadenahoy.com\/primero\/wp-content\/uploads\/2021\/10\/pic2-2-720x385.jpg 720w\" sizes=\"100vw\" \/><figcaption><span class=\"caption-text\">El jefe de polic\u00eda de Pasadena, John P\u00e9rez, da la bienvenida a un invitado durante el desayuno anual de jefes de la Fundaci\u00f3n de la polic\u00eda de Pasadena en honor a P\u00e9rez en la Corte de Campeones en el Rose Bowel en Pasadena el martes 12 de octubre de 202. Foto de (James Carbone)<\/span><\/figcaption><\/figure><\/figure>\n\n\n\n<p>El jefe de polic\u00eda de Pasadena, John P\u00e9rez, quien se jubilar\u00e1 a principios del pr\u00f3ximo a\u00f1o, se uni\u00f3 a su tercer y \u00faltimo evento de &#8220;Desayuno del Jefe&#8221; en el Rose Bowl el martes.<\/p>\n\n\n\n<p>El evento es la principal recaudaci\u00f3n de fondos anual para la Fundaci\u00f3n de la Polic\u00eda de Pasadena, que es una organizaci\u00f3n comunitaria centrada en el apoyo al Departamento de Polic\u00eda, dijo el presidente de la PPF, Gil Mares.<\/p>\n\n\n\n<p>Durante los \u00faltimos dos a\u00f1os, los fondos se han utilizado para proporcionar computadoras port\u00e1tiles a los estudiantes que van a la universidad y ayudar al Distrito Escolar Unificado de Pasadena con otras necesidades tecnol\u00f3gicas en medio de la pandemia de COVID-19, una idea que se origin\u00f3 con P\u00e9rez.<\/p>\n\n\n\n<p>\u201cNo vamos a recaudar dinero para autom\u00f3viles, equipos y todas estas cosas diferentes. De hecho, vamos a recaudar dinero para nuestra juventud, porque as\u00ed debe ser &#8220;, dijo el jefe.<\/p>\n\n\n\n<p>Agradeci\u00f3 al PPF por su apoyo de larga data, a los miembros de la comunidad y a los oficiales que sirvieron bajo su mando desde que asumi\u00f3 el mando del departamento a fines de 2018.<\/p>\n\n\n\n<p>\u201cGracias por dejarme servir con ustedes. Gracias por todo lo que has hecho. Espero con ansias los pr\u00f3ximos meses, pero no puedo agradecerles lo suficiente por todo lo que hacen &#8220;.<\/p>\n\n\n\n<p>P\u00e9rez ha anunciado planes para retirarse a principios del pr\u00f3ximo a\u00f1o despu\u00e9s de m\u00e1s de 36 a\u00f1os en el Departamento de Polic\u00eda de Pasadena.<\/p>\n\n\n\n<p>P\u00e9rez atribuy\u00f3 a su personal los logros del departamento durante su mandato.<\/p>\n\n\n\n<p>Las tasas de delitos violentos y delitos graves han alcanzado sus niveles m\u00e1s bajos en 50 a\u00f1os, dijo.<\/p>\n\n\n\n<p>\u201cNo se trata solo de una disminuci\u00f3n de la delincuencia; significa que tenemos menos v\u00edctimas de delitos, menos personas traumatizadas por ser v\u00edctimas de delitos, y eso contribuye en gran medida a la calidad de vida en nuestra comunidad \u201d, seg\u00fan P\u00e9rez.<\/p>\n\n\n\n<p>Si bien queda mucho trabajo por delante, las tendencias recientes indican que el departamento est\u00e1 &#8220;en el camino correcto&#8221;, dijo.<\/p>\n\n\n\n<p>El Departamento de Polic\u00eda de Pasadena se est\u00e1 preparando para lanzar un nuevo modelo policial orientado a la comunidad, y los incidentes de uso de la fuerza por parte de los agentes han disminuido en un 30% en los \u00faltimos tres a\u00f1os, dijo P\u00e9rez.<\/p>\n\n\n\n<p>Se form\u00f3 una unidad de bienestar que incluye a un psic\u00f3logo para ayudar a apoyar la salud mental de los oficiales, dijo P\u00e9rez.<\/p>\n\n\n\n<p>El jefe dijo que ha enfatizado la prevenci\u00f3n sobre la aplicaci\u00f3n.<\/p>\n\n\n\n<p>\u201cCon m\u00e1s prevenci\u00f3n viene menos aplicaci\u00f3n, y esa intervenci\u00f3n intermedia es muy importante\u201d, dijo.<\/p>\n\n\n\n<p>Dado que muchos departamentos luchan por mantener niveles adecuados de personal, el Departamento de Polic\u00eda de Pasadena contrat\u00f3 a 80 nuevos oficiales y 130 nuevos empleados el a\u00f1o pasado, dijo P\u00e9rez. \u201cEstamos contratando m\u00e1s de la comunidad\u201d, agreg\u00f3.<\/p>\n\n\n\n<p>Si bien hay opiniones divergentes sobre la vigilancia, \u201cal final del d\u00eda, se trata de unidad, tratar de unir a las personas. Cuanto m\u00e1s podamos hablar juntos sobre nuestros problemas, m\u00e1s podremos llegar a las soluciones que necesitamos \u2026 soluciones reales para problemas a largo plazo \u201d, dijo P\u00e9rez.<\/p>\n\n\n\n<p>Los dignatarios en el evento incluyeron al alcalde de Pasadena, V\u00edctor Gordo, y varios miembros del consejo, el jefe de bomberos de Pasadena, Chad Augustin, el senador estatal Anthony Portantino, dem\u00f3crata de Pasadena, y otros. El evento fue presentado por el presentador de noticias del sur de California, Jeff Michael.<\/p>\n\n\n\n<p>La congresista Judy Chu (D-Pasadena) proporcion\u00f3 un mensaje de video.<\/p>\n\n\n\n<p>\u201cDurante a\u00f1os, la Fundaci\u00f3n de la Polic\u00eda de Pasadena ha mantenido un s\u00f3lido legado de retribuci\u00f3n a su comunidad al brindar servicios tan importantes, como capacitaci\u00f3n, educaci\u00f3n y tutor\u00eda\u201d, dijo Chu.<\/p>\n\n\n\n<p>Los programas como Kids Safety Academy han sido de gran beneficio para la comunidad, agreg\u00f3.<\/p>\n\n\n\n<p>\u201cGracias al apoyo obtenido en eventos como el de hoy, la Fundaci\u00f3n de la Polic\u00eda de Pasadena puede continuar con su importante trabajo de apoyo a los socorristas, elevando nuestro uso y fortaleciendo los lazos con la comunidad\u201d, seg\u00fan Chu.<\/p>\n\n\n\n<p>\u201cEstoy muy emocionado de ver c\u00f3mo los fondos recaudados en el desayuno de hoy continuar\u00e1n beneficiando a estudiantes tan merecedores aqu\u00ed en Pasadena.<\/p>\n\n\n\n<p>Chu tambi\u00e9n elogi\u00f3 a P\u00e9rez por su carrera.<\/p>\n\n\n\n<p>\u201cGracias, Jefe P\u00e9rez, por sus d\u00e9cadas de dedicaci\u00f3n a la ciudad de Pasadena\u201d, dijo. &#8220;Y gracias a la Fundaci\u00f3n de la Polic\u00eda de Pasadena por el incre\u00edble trabajo que hacen para apoyar a nuestra comunidad&#8221;.<\/p>\n\n\n\n<p>Gordo tambi\u00e9n agradeci\u00f3 a P\u00e9rez por su &#8220;carrera estelar&#8221;.<\/p>\n\n\n\n<p>Gordo dijo que a menudo se refiere a Pasadena como el &#8220;centro del universo&#8221;. Pero dijo que no son los edificios o las instituciones de la ciudad los que lo hacen as\u00ed.<\/p>\n\n\n\n<p>&#8220;Son todos ustedes&#8221;, dijo. \u201cMe gustar\u00eda agradecerles personalmente por sus contribuciones, no solo a la Police Foundation, sino a las personas que la Police Foundation apoya, porque eso es, en \u00faltima instancia, lo que marca la diferencia en nuestra ciudad y crea un sentido de lugar que nos convierte en el centro del universo.&#8221;<\/p>\n\n\n\n<p>Cmdr del Departamento de Polic\u00eda de Pasadena. Jason Clawson se sorprendi\u00f3 con el honor de &#8220;Oficial del a\u00f1o&#8221; en la ceremonia, tambi\u00e9n conocida como el Premio de la Familia Yanish.<\/p>\n\n\n\n<p>Clawson se uni\u00f3 al Departamento de Polic\u00eda de Pasadena en 1991 despu\u00e9s de servir como bombero en la Marina de los Estados Unidos, seg\u00fan la agencia.<\/p>\n\n\n\n<p>Clawson se uni\u00f3 a la Polic\u00eda de Pasadena en 1991 despu\u00e9s de servir como bombero en the <\/p>\n\n\n\n<p>e U.S. Navy, seg\u00fan la agencia.<\/p>\n\n\n\n<p>Ha tenido m\u00faltiples asignaciones durante sus casi tres d\u00e9cadas en el departamento. Recibi\u00f3 el Premio Especial a la Excelencia del Jefe en 2005 debido a su trabajo en una compleja investigaci\u00f3n de asesinato.<\/p>\n\n\n\n<p>Viaj\u00f3 a El Salvador en 2012 en el marco del programa Centroamericano de Intercambio de Agentes de la Ley como parte de un esfuerzo internacional para combatir los problemas de las pandillas transnacionales.<\/p>\n\n\n\n<p>Despu\u00e9s de ascender de rango, recibi\u00f3 el rango de comandante en mayo de 2019 y actualmente dirige la Divisi\u00f3n de Investigaciones Criminales del departamento.<\/p>\n\n\n\n<p>La exploradora de la polic\u00eda Nathalie Venegas fue honrada con el premio Bernard K. Melekian Outstanding Youth Award del departamento.<\/p>\n\n\n\n<p>Venegas, un estudiante de Muir High School, super\u00f3 la adversidad con la ayuda de un mentor en la forma del ahora retirado sargento de polic\u00eda de Pasadena. Glenn Thomson, dijo.<\/p>\n\n\n\n<p>Ahora se est\u00e1 preparando para estudiar ciencias del comportamiento en la universidad mientras trabaja como cadete en el Departamento de Polic\u00eda de Pasadena, dijo.<\/p>\n\n\n\n<p>La reuni\u00f3n concluy\u00f3 con una subasta, que incluy\u00f3 art\u00edculos como viajes en un helic\u00f3ptero de la polic\u00eda, boletos para eventos locales y unas vacaciones en Palm Springs.<\/p>\n\n\n\n<p>M\u00e1s informaci\u00f3n sobre la Fundaci\u00f3n de la Polic\u00eda de Pasadena est\u00e1 disponible en el sitio web de la organizaci\u00f3n en <a href=\"https:\/\/www.pasadenapolicefoundation.org\/\">pasadenapolicefoundation.org.<\/a><\/p>\n\n\n\n<p><\/p>\n","protected":false},"excerpt":{"rendered":"<p>El jefe de polic\u00eda de Pasadena, John P\u00e9rez, quien se jubilar\u00e1 a principios del pr\u00f3ximo a\u00f1o, se uni\u00f3 a su tercer y \u00faltimo evento de &#8220;Desayuno del Jefe&#8221; en el Rose Bowl el martes. El evento es la principal recaudaci\u00f3n de fondos anual para la Fundaci\u00f3n de la Polic\u00eda de Pasadena, que es una organizaci\u00f3n comunitaria centrada en el apoyo al Departamento de Polic\u00eda, dijo el presidente de la PPF, Gil Mares. Durante los \u00faltimos dos a\u00f1os, los fondos se [&hellip;]<\/p>\n","protected":false},"author":4,"featured_media":11681,"comment_status":"open","ping_status":"closed","sticky":false,"template":"","format":"standard","meta":[],"categories":[4],"tags":[],"acf":[],"_links":{"self":[{"href":"http:\/\/www.pasadenahoy.com\/primero\/wp-json\/wp\/v2\/posts\/11680"}],"collection":[{"href":"http:\/\/www.pasadenahoy.com\/primero\/wp-json\/wp\/v2\/posts"}],"about":[{"href":"http:\/\/www.pasadenahoy.com\/primero\/wp-json\/wp\/v2\/types\/post"}],"author":[{"embeddable":true,"href":"http:\/\/www.pasadenahoy.com\/primero\/wp-json\/wp\/v2\/users\/4"}],"replies":[{"embeddable":true,"href":"http:\/\/www.pasadenahoy.com\/primero\/wp-json\/wp\/v2\/comments?post=11680"}],"version-history":[{"count":2,"href":"http:\/\/www.pasadenahoy.com\/primero\/wp-json\/wp\/v2\/posts\/11680\/revisions"}],"predecessor-version":[{"id":11683,"href":"http:\/\/www.pasadenahoy.com\/primero\/wp-json\/wp\/v2\/posts\/11680\/revisions\/11683"}],"wp:featuredmedia":[{"embeddable":true,"href":"http:\/\/www.pasadenahoy.com\/primero\/wp-json\/wp\/v2\/media\/11681"}],"wp:attachment":[{"href":"http:\/\/www.pasadenahoy.com\/primero\/wp-json\/wp\/v2\/media?parent=11680"}],"wp:term":[{"taxonomy":"category","embeddable":true,"href":"http:\/\/www.pasadenahoy.com\/primero\/wp-json\/wp\/v2\/categories?post=11680"},{"taxonomy":"post_tag","embeddable":true,"href":"http:\/\/www.pasadenahoy.com\/primero\/wp-json\/wp\/v2\/tags?post=11680"}],"curies":[{"name":"wp","href":"https:\/\/api.w.org\/{rel}","templated":true}]}}