{"id":11709,"date":"2021-10-14T15:16:28","date_gmt":"2021-10-14T15:16:28","guid":{"rendered":"http:\/\/www.pasadenahoy.com\/primero\/?p=11709"},"modified":"2021-10-14T15:16:30","modified_gmt":"2021-10-14T15:16:30","slug":"desfile-de-doo-dah-cancelado-los-organizadores-citan-pautas-de-salud","status":"publish","type":"post","link":"http:\/\/www.pasadenahoy.com\/primero\/la-comunidad\/desfile-de-doo-dah-cancelado-los-organizadores-citan-pautas-de-salud\/","title":{"rendered":"Desfile de Doo Dah cancelado, los organizadores citan pautas de salud"},"content":{"rendered":"\n<figure class=\"wp-block-image alignnone size-large\"><figure class=\"alignnone\"><img loading=\"lazy\" width=\"700\" height=\"378\" src=\"http:\/\/www.pasadenahoy.com\/primero\/wp-content\/uploads\/2021\/10\/pic-2-6.jpg\" alt=\"\" class=\"wp-image-11710\" srcset=\"http:\/\/www.pasadenahoy.com\/primero\/wp-content\/uploads\/2021\/10\/pic-2-6.jpg 700w, http:\/\/www.pasadenahoy.com\/primero\/wp-content\/uploads\/2021\/10\/pic-2-6-300x162.jpg 300w, http:\/\/www.pasadenahoy.com\/primero\/wp-content\/uploads\/2021\/10\/pic-2-6-241x130.jpg 241w, http:\/\/www.pasadenahoy.com\/primero\/wp-content\/uploads\/2021\/10\/pic-2-6-333x180.jpg 333w, http:\/\/www.pasadenahoy.com\/primero\/wp-content\/uploads\/2021\/10\/pic-2-6-360x194.jpg 360w\" sizes=\"100vw\" \/><figcaption><span class=\"caption-text\">Una escena de un reciente desfile de Doo Dah. (Foto cortes\u00eda de Doo Dah Parade)<\/span><\/figcaption><\/figure><\/figure>\n\n\n\n<p>El otro desfile de Pasadena no se llevar\u00e1 a cabo este a\u00f1o seg\u00fan un anuncio hecho el mi\u00e9rcoles.<\/p>\n\n\n\n<p>\u201cDebido a las pautas de salud actuales, el Pasadena Doo Dah Parade se pospondr\u00e1 hasta el pr\u00f3ximo a\u00f1o. Si bien muchas personas est\u00e1n decepcionadas y se perder\u00e1n el evento de este a\u00f1o, el exclusivo &#8216;Otro desfile&#8217; regresar\u00e1 a todo color en 2022 &#8220;.<\/p>\n\n\n\n<p>El desfile Occasional Doo Dah, como se lo conoce, comenz\u00f3 como una versi\u00f3n sat\u00edrica del Rose Parade, pero ahora es una tradici\u00f3n local venerada.<\/p>\n\n\n\n<p>El desfile se lleva a cabo aproximadamente una vez al a\u00f1o y comenz\u00f3 en 1977 despu\u00e9s de que algunos amigos reunidos en el ahora desaparecido Chromo&#8217;s Bar concibieron la idea y decidieron realizar el desfile alternativo el domingo 1 de enero de 1978.<\/p>\n\n\n\n<p>El Desfile de las Rosas no se llev\u00f3 a cabo el d\u00eda de A\u00f1o Nuevo de ese a\u00f1o debido a las tradiciones que proh\u00edben que el Desfile de las Rosas se lleve a cabo los domingos.<\/p>\n\n\n\n<p>Aunque comenz\u00f3 burl\u00e1ndose del Desfile de las Rosas, el Desfile de Doo Dah se ha puesto de moda y ha establecido su propia identidad y base de fans.<\/p>\n\n\n\n<p>Los horarios y lugares del Desfile de Doo Dah han cambiado, y el evento se traslad\u00f3 de Old Pasadena a East Pasadena en 2010. Aunque se celebr\u00f3 los domingos durante muchos a\u00f1os, hoy el desfile se lleva a cabo los s\u00e1bados en East Pasadena.<\/p>\n\n\n\n<p>Los primeros actos incluyeron un equipo de perforaci\u00f3n de cortac\u00e9sped, el equipo de perforaci\u00f3n de malet\u00edn sincronizado, los hijos bastardos de Lee Marvin, el equipo de perforaci\u00f3n de marcha del hombre invisible de Claude Rains y el Comit\u00e9 por el derecho a portar armas, un grupo que llevaba brazos de maniqu\u00ed a lo largo de la ruta del desfile. .<\/p>\n\n\n\n<p>El desfile ha inspirado a imitadores en lugares como Columbus, Ohio, Ocean City, Nueva Jersey y Kalamazoo, Michigan.<\/p>\n","protected":false},"excerpt":{"rendered":"<p>El otro desfile de Pasadena no se llevar\u00e1 a cabo este a\u00f1o seg\u00fan un anuncio hecho el mi\u00e9rcoles. \u201cDebido a las pautas de salud actuales, el Pasadena Doo Dah Parade se pospondr\u00e1 hasta el pr\u00f3ximo a\u00f1o. Si bien muchas personas est\u00e1n decepcionadas y se perder\u00e1n el evento de este a\u00f1o, el exclusivo &#8216;Otro desfile&#8217; regresar\u00e1 a todo color en 2022 &#8220;. El desfile Occasional Doo Dah, como se lo conoce, comenz\u00f3 como una versi\u00f3n sat\u00edrica del Rose Parade, pero ahora [&hellip;]<\/p>\n","protected":false},"author":4,"featured_media":11710,"comment_status":"open","ping_status":"closed","sticky":false,"template":"","format":"standard","meta":[],"categories":[4],"tags":[],"acf":[],"_links":{"self":[{"href":"http:\/\/www.pasadenahoy.com\/primero\/wp-json\/wp\/v2\/posts\/11709"}],"collection":[{"href":"http:\/\/www.pasadenahoy.com\/primero\/wp-json\/wp\/v2\/posts"}],"about":[{"href":"http:\/\/www.pasadenahoy.com\/primero\/wp-json\/wp\/v2\/types\/post"}],"author":[{"embeddable":true,"href":"http:\/\/www.pasadenahoy.com\/primero\/wp-json\/wp\/v2\/users\/4"}],"replies":[{"embeddable":true,"href":"http:\/\/www.pasadenahoy.com\/primero\/wp-json\/wp\/v2\/comments?post=11709"}],"version-history":[{"count":2,"href":"http:\/\/www.pasadenahoy.com\/primero\/wp-json\/wp\/v2\/posts\/11709\/revisions"}],"predecessor-version":[{"id":11712,"href":"http:\/\/www.pasadenahoy.com\/primero\/wp-json\/wp\/v2\/posts\/11709\/revisions\/11712"}],"wp:featuredmedia":[{"embeddable":true,"href":"http:\/\/www.pasadenahoy.com\/primero\/wp-json\/wp\/v2\/media\/11710"}],"wp:attachment":[{"href":"http:\/\/www.pasadenahoy.com\/primero\/wp-json\/wp\/v2\/media?parent=11709"}],"wp:term":[{"taxonomy":"category","embeddable":true,"href":"http:\/\/www.pasadenahoy.com\/primero\/wp-json\/wp\/v2\/categories?post=11709"},{"taxonomy":"post_tag","embeddable":true,"href":"http:\/\/www.pasadenahoy.com\/primero\/wp-json\/wp\/v2\/tags?post=11709"}],"curies":[{"name":"wp","href":"https:\/\/api.w.org\/{rel}","templated":true}]}}