{"id":11713,"date":"2021-10-14T15:19:57","date_gmt":"2021-10-14T15:19:57","guid":{"rendered":"http:\/\/www.pasadenahoy.com\/primero\/?p=11713"},"modified":"2021-10-14T15:19:59","modified_gmt":"2021-10-14T15:19:59","slug":"la-iniciativa-de-eleccion-de-escuela-recibe-autorizacion-para-recopilar-firmas-para-calificar-para-la-boleta-electoral-de-noviembre-de-2022","status":"publish","type":"post","link":"http:\/\/www.pasadenahoy.com\/primero\/la-comunidad\/la-iniciativa-de-eleccion-de-escuela-recibe-autorizacion-para-recopilar-firmas-para-calificar-para-la-boleta-electoral-de-noviembre-de-2022\/","title":{"rendered":"La iniciativa de elecci\u00f3n de escuela recibe autorizaci\u00f3n para recopilar firmas para calificar para la boleta electoral de noviembre de 2022"},"content":{"rendered":"\n<figure class=\"wp-block-image alignnone size-large\"><figure class=\"alignnone\"><img loading=\"lazy\" width=\"740\" height=\"399\" src=\"http:\/\/www.pasadenahoy.com\/primero\/wp-content\/uploads\/2021\/10\/pic-3-4.jpg\" alt=\"\" class=\"wp-image-11714\" srcset=\"http:\/\/www.pasadenahoy.com\/primero\/wp-content\/uploads\/2021\/10\/pic-3-4.jpg 740w, http:\/\/www.pasadenahoy.com\/primero\/wp-content\/uploads\/2021\/10\/pic-3-4-300x162.jpg 300w, http:\/\/www.pasadenahoy.com\/primero\/wp-content\/uploads\/2021\/10\/pic-3-4-241x130.jpg 241w, http:\/\/www.pasadenahoy.com\/primero\/wp-content\/uploads\/2021\/10\/pic-3-4-334x180.jpg 334w, http:\/\/www.pasadenahoy.com\/primero\/wp-content\/uploads\/2021\/10\/pic-3-4-700x377.jpg 700w, http:\/\/www.pasadenahoy.com\/primero\/wp-content\/uploads\/2021\/10\/pic-3-4-360x194.jpg 360w, http:\/\/www.pasadenahoy.com\/primero\/wp-content\/uploads\/2021\/10\/pic-3-4-720x388.jpg 720w\" sizes=\"100vw\" \/><\/figure><\/figure>\n\n\n\n<p>Un grupo de Pasadena dijo el mi\u00e9rcoles que ten\u00eda autorizaci\u00f3n para recolectar firmas para colocar una iniciativa de elecci\u00f3n de escuela en la boleta electoral de noviembre de 2022.<\/p>\n\n\n\n<p>Californians for School Choice anunci\u00f3 hoy que la Oficina del Fiscal General de California ha emitido el t\u00edtulo oficial y el resumen de la Iniciativa de la Ley de Libertad Educativa.<\/p>\n\n\n\n<p>Los proponentes ahora pueden avanzar para recolectar el mill\u00f3n de firmas necesarias para calificar la iniciativa que se incluir\u00e1 en la boleta electoral de noviembre de 2022.<\/p>\n\n\n\n<p>\u201cEl d\u00eda de hoy marca la culminaci\u00f3n de tres a\u00f1os de arduo trabajo de nuestra red dedicada de partidarios de base que crearon este movimiento real para una verdadera reforma de la elecci\u00f3n escolar\u201d, dijo Mike Alexander, presidente de Californians for School Choice \u201d.<\/p>\n\n\n\n<p>\u201cBajo la Ley de Libertad Educativa, los estudiantes podr\u00edan asistir a cualquier escuela privada o religiosa acreditada de su elecci\u00f3n y ahorrar el dinero que les sobra para la universidad, capacitaci\u00f3n vocacional u otros gastos calificados\u201d, dijo Alexander.<\/p>\n\n\n\n<p>California tiene actualmente casi 6.6 millones de estudiantes K-12. Seis millones asisten a escuelas p\u00fablicas, 471.000 asisten a escuelas privadas y otros 84.000 reciben educaci\u00f3n en el hogar.<\/p>\n\n\n\n<p>\u201cLa Ley de Libertad Educativa es \u00fanica porque no requiere una prueba de medios\u201d, dijo Alexander. \u201cBrinda a todos los estudiantes el mismo acceso a escuelas acreditadas que de otro modo no podr\u00edan pagar. No hay l\u00edmites en las cuentas de ahorro &#8220;.<\/p>\n\n\n\n<p>Bajo la Ley de Libertad Educativa, se establecer\u00e1 una Cuenta de Ahorros Educativos (&#8220;ESA&#8221;) a pedido para cada ni\u00f1o de K-12 en California.<\/p>\n\n\n\n<p>Cada a\u00f1o, a esa cuenta se le acreditar\u00e1 la parte del estudiante de lo que se conoce como fondos de la Proposici\u00f3n 98. Esa participaci\u00f3n aumentar\u00e1 a m\u00e1s de $ 14,000 por a\u00f1o. La ley est\u00e1 dise\u00f1ada para ser neutral en cuanto a impuestos y no impone ning\u00fan cambio a la educaci\u00f3n p\u00fablica. Todos los programas bajo la Prop. 98 continuar\u00e1n como antes. Los estudiantes que dejen la escuela p\u00fablica tendr\u00e1n su parte justa de los fondos de la Prop. 98 \u00fanicamente, que los acompa\u00f1ar\u00e1n a la escuela privada acreditada de su elecci\u00f3n.<\/p>\n\n\n\n<p>Los padres pueden dirigir esos fondos a una escuela p\u00fablica, aut\u00f3noma o privada acreditada o religiosa participante. Las escuelas privadas deben estar acreditadas y cumplir con los est\u00e1ndares locales de salud y seguridad. No habr\u00e1 ning\u00fan plan de estudios ni requisitos de contrataci\u00f3n. No hay l\u00edmites en la cuenta de ahorros.<\/p>\n\n\n\n<p>Los fondos no gastados se acumular\u00e1n y se pueden gastar en la universidad, capacitaci\u00f3n vocacional u otros gastos educativos calificados. Los fondos que no se gasten cuando el estudiante cumpla 30 a\u00f1os se devolver\u00e1n al tesoro estatal.<\/p>\n","protected":false},"excerpt":{"rendered":"<p>Un grupo de Pasadena dijo el mi\u00e9rcoles que ten\u00eda autorizaci\u00f3n para recolectar firmas para colocar una iniciativa de elecci\u00f3n de escuela en la boleta electoral de noviembre de 2022. Californians for School Choice anunci\u00f3 hoy que la Oficina del Fiscal General de California ha emitido el t\u00edtulo oficial y el resumen de la Iniciativa de la Ley de Libertad Educativa. Los proponentes ahora pueden avanzar para recolectar el mill\u00f3n de firmas necesarias para calificar la iniciativa que se incluir\u00e1 en [&hellip;]<\/p>\n","protected":false},"author":4,"featured_media":11714,"comment_status":"open","ping_status":"closed","sticky":false,"template":"","format":"standard","meta":[],"categories":[4],"tags":[],"acf":[],"_links":{"self":[{"href":"http:\/\/www.pasadenahoy.com\/primero\/wp-json\/wp\/v2\/posts\/11713"}],"collection":[{"href":"http:\/\/www.pasadenahoy.com\/primero\/wp-json\/wp\/v2\/posts"}],"about":[{"href":"http:\/\/www.pasadenahoy.com\/primero\/wp-json\/wp\/v2\/types\/post"}],"author":[{"embeddable":true,"href":"http:\/\/www.pasadenahoy.com\/primero\/wp-json\/wp\/v2\/users\/4"}],"replies":[{"embeddable":true,"href":"http:\/\/www.pasadenahoy.com\/primero\/wp-json\/wp\/v2\/comments?post=11713"}],"version-history":[{"count":2,"href":"http:\/\/www.pasadenahoy.com\/primero\/wp-json\/wp\/v2\/posts\/11713\/revisions"}],"predecessor-version":[{"id":11716,"href":"http:\/\/www.pasadenahoy.com\/primero\/wp-json\/wp\/v2\/posts\/11713\/revisions\/11716"}],"wp:featuredmedia":[{"embeddable":true,"href":"http:\/\/www.pasadenahoy.com\/primero\/wp-json\/wp\/v2\/media\/11714"}],"wp:attachment":[{"href":"http:\/\/www.pasadenahoy.com\/primero\/wp-json\/wp\/v2\/media?parent=11713"}],"wp:term":[{"taxonomy":"category","embeddable":true,"href":"http:\/\/www.pasadenahoy.com\/primero\/wp-json\/wp\/v2\/categories?post=11713"},{"taxonomy":"post_tag","embeddable":true,"href":"http:\/\/www.pasadenahoy.com\/primero\/wp-json\/wp\/v2\/tags?post=11713"}],"curies":[{"name":"wp","href":"https:\/\/api.w.org\/{rel}","templated":true}]}}