{"id":11754,"date":"2021-10-15T15:40:03","date_gmt":"2021-10-15T15:40:03","guid":{"rendered":"http:\/\/www.pasadenahoy.com\/primero\/?p=11754"},"modified":"2021-10-15T15:40:05","modified_gmt":"2021-10-15T15:40:05","slug":"se-insta-a-la-ciudad-a-tomar-medidas-para-reducir-las-emisiones-de-gases-de-efecto-invernadero-generadas-localmente","status":"publish","type":"post","link":"http:\/\/www.pasadenahoy.com\/primero\/la-comunidad\/se-insta-a-la-ciudad-a-tomar-medidas-para-reducir-las-emisiones-de-gases-de-efecto-invernadero-generadas-localmente\/","title":{"rendered":"Se insta a la ciudad a tomar medidas para reducir las emisiones de gases de efecto invernadero generadas localmente"},"content":{"rendered":"\n<figure class=\"wp-block-image alignnone size-large\"><figure class=\"alignnone\"><img loading=\"lazy\" width=\"700\" height=\"378\" src=\"http:\/\/www.pasadenahoy.com\/primero\/wp-content\/uploads\/2021\/10\/State-wide-Targets-1024x587-1-700x378-1.png\" alt=\"\" class=\"wp-image-11755\" srcset=\"http:\/\/www.pasadenahoy.com\/primero\/wp-content\/uploads\/2021\/10\/State-wide-Targets-1024x587-1-700x378-1.png 700w, http:\/\/www.pasadenahoy.com\/primero\/wp-content\/uploads\/2021\/10\/State-wide-Targets-1024x587-1-700x378-1-300x162.png 300w, http:\/\/www.pasadenahoy.com\/primero\/wp-content\/uploads\/2021\/10\/State-wide-Targets-1024x587-1-700x378-1-241x130.png 241w, http:\/\/www.pasadenahoy.com\/primero\/wp-content\/uploads\/2021\/10\/State-wide-Targets-1024x587-1-700x378-1-333x180.png 333w, http:\/\/www.pasadenahoy.com\/primero\/wp-content\/uploads\/2021\/10\/State-wide-Targets-1024x587-1-700x378-1-360x194.png 360w\" sizes=\"100vw\" \/><\/figure><\/figure>\n\n\n\n<p>La Liga de Mujeres Votantes de Pasadena insta a la ciudad a declarar una emergencia clim\u00e1tica y tomar medidas para reducir las emisiones de gases de efecto invernadero (GEI) generadas localmente en respuesta a la actual crisis clim\u00e1tica que enfrenta el pa\u00eds.<\/p>\n\n\n\n<p>Durante la reuni\u00f3n de la Comisi\u00f3n Asesora Ambiental el pasado martes 12 de octubre, la liga present\u00f3 10 puntos de acci\u00f3n y procesos, desarrollados por LWV United States Climate Action Task Force, para reducir las emisiones de GEI.<\/p>\n\n\n\n<p>Las 10 acciones y procesos es un marco para la acci\u00f3n clim\u00e1tica que se centra en las acciones espec\u00edficas m\u00e1s efectivas que las ciudades pueden adoptar. Las siguientes son las acciones identificadas por la liga:<\/p>\n\n\n\n<p>Termine los contratos de compra de combustibles f\u00f3siles y celebre \u00fanicamente contratos de energ\u00eda renovable.<\/p>\n\n\n\n<p>Permitir nuevas construcciones solo sin energ\u00eda de combustibles f\u00f3siles.<\/p>\n\n\n\n<p>Modernizar o construir estructuras municipales para el suministro de energ\u00eda renovable y la eficiencia energ\u00e9tica.<\/p>\n\n\n\n<p>Exigir o crear incentivos para la modernizaci\u00f3n de edificios privados para el suministro de energ\u00eda renovable y la eficiencia energ\u00e9tica.<\/p>\n\n\n\n<p>Ofrezca incentivos y facilite la energ\u00eda solar en azoteas residencial, de vecindario y comercial.<\/p>\n\n\n\n<p>Ofrezca programas solares comunitarios para permitir que los inquilinos disfruten de los beneficios de la energ\u00eda renovable de bajo costo.<\/p>\n\n\n\n<p>Reemplace los veh\u00edculos municipales de combustibles f\u00f3siles con veh\u00edculos propulsados \u200b\u200bpor energ\u00eda renovable.<\/p>\n\n\n\n<p>Instalar o incentivar la instalaci\u00f3n de estaciones de carga de veh\u00edculos el\u00e9ctricos en estacionamientos p\u00fablicos y privados y ubicaciones convenientes.<\/p>\n\n\n\n<p>Ofrezca incentivos y reembolsos para la compra de veh\u00edculos el\u00e9ctricos y electrodom\u00e9sticos.<\/p>\n\n\n\n<p>Reducir las millas recorridas por veh\u00edculos mediante la planificaci\u00f3n de medidas e incentivos para utilizar el transporte p\u00fablico.<\/p>\n\n\n\n<p>La liga tambi\u00e9n identific\u00f3 el establecimiento de metas anuales de reducci\u00f3n de GEI, el establecimiento de consecuencias por no cumplir con estas metas, la asignaci\u00f3n de autoridad y la asignaci\u00f3n de presupuesto, la vinculaci\u00f3n de planes a las facturas de vivienda y servicios p\u00fablicos asequibles, la integraci\u00f3n de las acciones clim\u00e1ticas con los c\u00f3digos de construcci\u00f3n, adoptando la transparencia p\u00fablica en absoluto. etapas de planificaci\u00f3n y uso de planes de acci\u00f3n clim\u00e1tica (CAP) para la reducci\u00f3n de emisiones de GEI.<\/p>\n\n\n\n<p>Al instar a la ciudad a adoptar el marco, la presidenta de la Liga de Mujeres Votantes del \u00e1rea de Pasadena, Martha Zavala, hizo hincapi\u00e9 en la necesidad de enfrentar el cambio clim\u00e1tico, ya que se\u00f1al\u00f3 que desastres clim\u00e1ticos extremos como inundaciones, huracanes e incendios forestales est\u00e1n asolando el pa\u00eds.<\/p>\n\n\n\n<p>\u201cUrgimos ese marco. Necesitamos asegurarnos de que la ciudad lo apoye para hacer esta transici\u00f3n &#8220;.<\/p>\n\n\n\n<p>Dijo que declarar una emergencia clim\u00e1tica es un primer paso necesario.<\/p>\n\n\n\n<p>&#8220;Esperamos que haya una declaraci\u00f3n de emergencia en toda la ciudad para que podamos seguir adelante y hacer esa transici\u00f3n no solo para la ciudad, sino tambi\u00e9n para todos sus residentes&#8221;.<\/p>\n\n\n\n<p>\u201cRealmente creemos que tiene que ser una respuesta de la ciudad &#8216;manos a la obra&#8217;, pero debe ser liderada por la ciudad y apoyada por los residentes, porque todos van a pasar por muchos cambios\u201d, dijo Zavala. .<\/p>\n\n\n\n<p>Durante la reuni\u00f3n, Cynthia Cannady, miembro de LWV, cit\u00f3 ciudades que realizaron iniciativas para abordar el cambio clim\u00e1tico.<\/p>\n\n\n\n<p>Seg\u00fan ella, Aspen, Colorado y Burlington, Vermont ya han hecho la transici\u00f3n al 100 por ciento de energ\u00eda renovable. Ella dijo que Houston y Atlanta, Georgia, han hecho la transici\u00f3n a casi el 100 por ciento de energ\u00eda renovable para sus necesidades energ\u00e9ticas municipales.<\/p>\n\n\n\n<p>Las ciudades de San Jos\u00e9, San Francisco, Berkeley, Los Gatos y Sacramento han prohibido los combustibles f\u00f3siles en las nuevas construcciones, mientras que las ciudades de Chicago, Boulder, Milwaukee y Denver emitieron incentivos solares en las azoteas, seg\u00fan Cannady.<\/p>\n\n\n\n<p>Cannady dijo que espera que Pasadena pueda incluirse entre la lista de ciudades que realizaron iniciativas para combatir el cambio clim\u00e1tico.<\/p>\n\n\n\n<p>Durante la reuni\u00f3n, los comisionados discutieron sus preocupaciones sobre el Plan de Acci\u00f3n Clim\u00e1tica (CAP) de la ciudad. El comisionado Daniel Rossman fue uno de los comisionados que expres\u00f3 su preocupaci\u00f3n al respecto, ya que afirm\u00f3 que el CAP no est\u00e1 impulsando pol\u00edticas.<\/p>\n\n\n\n<p>\u201cMuchas veces, la PAC no est\u00e1 capturando ni impulsando la pol\u00edtica. Me pregunto si este es el lugar apropiado para poner nuestra energ\u00eda. \u00bfPor qu\u00e9 dedicar tiempo a crear una gran PAC si no es eso lo que impulsa la pol\u00edtica? &#8220;<\/p>\n\n\n\n<p>El comisionado David Cutter, junto con otros comisionados, plante\u00f3 la importancia de contar con un oficial de sostenibilidad que se centre en las preocupaciones relacionadas con los servicios y programas de sostenibilidad de la ciudad.<\/p>\n\n\n\n<p>\u201cNecesitamos tener un oficial de sustentabilidad. Sol\u00edamos tener uno y estoy de acuerdo en que la forma en que se configura el CAP actual en Pasadena se distribuye entre varios departamentos y, por supuesto, las personas que supervisan cualquier acci\u00f3n tienen varias responsabilidades \u201d, dijo Cutter.<\/p>\n\n\n\n<p>\u201cQuiz\u00e1s un lugar en el que podr\u00edamos poner nuestra energ\u00eda es tratar de lograr que el ayuntamiento tenga un oficial de sustentabilidad\u201d, agreg\u00f3.<\/p>\n\n\n\n<p>Mientras tanto, el presidente de la Comisi\u00f3n, Jonathan Levy, dijo que la Comisi\u00f3n Asesora Ambiental se reunir\u00e1 pronto con la Comisi\u00f3n de Planificaci\u00f3n para discutir las actualizaciones del CAP.<\/p>\n\n\n\n<p>&#8220;Espero que podamos conseguir elm poner metas m\u00e1s espec\u00edficas y medibles en la actualizaci\u00f3n para que podamos lograr que el ayuntamiento y los departamentos integren los puntos de CAP en las decisiones que tomamos \u201d.<\/p>\n","protected":false},"excerpt":{"rendered":"<p>La Liga de Mujeres Votantes de Pasadena insta a la ciudad a declarar una emergencia clim\u00e1tica y tomar medidas para reducir las emisiones de gases de efecto invernadero (GEI) generadas localmente en respuesta a la actual crisis clim\u00e1tica que enfrenta el pa\u00eds. Durante la reuni\u00f3n de la Comisi\u00f3n Asesora Ambiental el pasado martes 12 de octubre, la liga present\u00f3 10 puntos de acci\u00f3n y procesos, desarrollados por LWV United States Climate Action Task Force, para reducir las emisiones de GEI. [&hellip;]<\/p>\n","protected":false},"author":4,"featured_media":0,"comment_status":"open","ping_status":"closed","sticky":false,"template":"","format":"standard","meta":[],"categories":[4],"tags":[],"acf":[],"_links":{"self":[{"href":"http:\/\/www.pasadenahoy.com\/primero\/wp-json\/wp\/v2\/posts\/11754"}],"collection":[{"href":"http:\/\/www.pasadenahoy.com\/primero\/wp-json\/wp\/v2\/posts"}],"about":[{"href":"http:\/\/www.pasadenahoy.com\/primero\/wp-json\/wp\/v2\/types\/post"}],"author":[{"embeddable":true,"href":"http:\/\/www.pasadenahoy.com\/primero\/wp-json\/wp\/v2\/users\/4"}],"replies":[{"embeddable":true,"href":"http:\/\/www.pasadenahoy.com\/primero\/wp-json\/wp\/v2\/comments?post=11754"}],"version-history":[{"count":2,"href":"http:\/\/www.pasadenahoy.com\/primero\/wp-json\/wp\/v2\/posts\/11754\/revisions"}],"predecessor-version":[{"id":11757,"href":"http:\/\/www.pasadenahoy.com\/primero\/wp-json\/wp\/v2\/posts\/11754\/revisions\/11757"}],"wp:attachment":[{"href":"http:\/\/www.pasadenahoy.com\/primero\/wp-json\/wp\/v2\/media?parent=11754"}],"wp:term":[{"taxonomy":"category","embeddable":true,"href":"http:\/\/www.pasadenahoy.com\/primero\/wp-json\/wp\/v2\/categories?post=11754"},{"taxonomy":"post_tag","embeddable":true,"href":"http:\/\/www.pasadenahoy.com\/primero\/wp-json\/wp\/v2\/tags?post=11754"}],"curies":[{"name":"wp","href":"https:\/\/api.w.org\/{rel}","templated":true}]}}