{"id":11761,"date":"2021-10-18T15:04:08","date_gmt":"2021-10-18T15:04:08","guid":{"rendered":"http:\/\/www.pasadenahoy.com\/primero\/?p=11761"},"modified":"2021-10-18T15:52:47","modified_gmt":"2021-10-18T15:52:47","slug":"primera-lectura-de-la-ordenanza-de-contribucion-de-campana-sin-limite-fijada-para-el-lunes","status":"publish","type":"post","link":"http:\/\/www.pasadenahoy.com\/primero\/el-gobierno-local\/primera-lectura-de-la-ordenanza-de-contribucion-de-campana-sin-limite-fijada-para-el-lunes\/","title":{"rendered":"Primera lectura de la ordenanza de contribuci\u00f3n de campa\u00f1a sin l\u00edmite fijada para el lunes"},"content":{"rendered":"\n<figure class=\"wp-block-image alignnone size-large\"><figure class=\"alignnone\"><img loading=\"lazy\" width=\"700\" height=\"378\" src=\"http:\/\/www.pasadenahoy.com\/primero\/wp-content\/uploads\/2021\/10\/BeFunky-collage-11-700x378-1.jpg\" alt=\"\" class=\"wp-image-11762\" srcset=\"http:\/\/www.pasadenahoy.com\/primero\/wp-content\/uploads\/2021\/10\/BeFunky-collage-11-700x378-1.jpg 700w, http:\/\/www.pasadenahoy.com\/primero\/wp-content\/uploads\/2021\/10\/BeFunky-collage-11-700x378-1-300x162.jpg 300w, http:\/\/www.pasadenahoy.com\/primero\/wp-content\/uploads\/2021\/10\/BeFunky-collage-11-700x378-1-241x130.jpg 241w, http:\/\/www.pasadenahoy.com\/primero\/wp-content\/uploads\/2021\/10\/BeFunky-collage-11-700x378-1-333x180.jpg 333w, http:\/\/www.pasadenahoy.com\/primero\/wp-content\/uploads\/2021\/10\/BeFunky-collage-11-700x378-1-360x194.jpg 360w\" sizes=\"100vw\" \/><\/figure><\/figure>\n\n\n\n<p>El Ayuntamiento tiene previsto realizar el lunes la primera lectura de una ordenanza que permitir\u00eda realizar campa\u00f1as locales sin l\u00edmites de contribuci\u00f3n.<\/p>\n\n\n\n<p>Hist\u00f3ricamente, las campa\u00f1as de los consejos locales no han tenido l\u00edmites de contribuci\u00f3n, pero el Proyecto de Ley de la Asamblea 571, que entr\u00f3 en vigencia en enero, limita las contribuciones de campa\u00f1a a $ 4,900 por contribuyente durante una elecci\u00f3n.<\/p>\n\n\n\n<p>Con el fin de mantener el control de los l\u00edmites de contribuci\u00f3n al financiamiento de campa\u00f1as locales, el consejo se vio obligado a aprobar la ordenanza.<\/p>\n\n\n\n<p>El per\u00edodo de nominaciones para las elecciones del 7 de junio comienza el 14 de febrero. Los asientos 3, 5 y 7 estar\u00e1n en juego.<\/p>\n\n\n\n<p>Al menos tres candidatos ya han anunciado sus intenciones de postularse, incluido el concejal actual del Distrito 5, Jess Rivas.<\/p>\n\n\n\n<p>El 28 de junio, un comit\u00e9 ad hoc compuesto por el alcalde Victor Gordo y los concejales Steve Madison y Felicia Williams se reuni\u00f3 con la fiscal municipal Michele Bagneris y el secretario municipal Mark Jomsky para discutir el tema.<\/p>\n\n\n\n<p>Seg\u00fan el Public Affairs Council, un grupo de profesionales no partidistas y apol\u00edticos que avanzan en el campo de los asuntos p\u00fablicos, los l\u00edmites de las campa\u00f1as no limpian las campa\u00f1as, sino que brindan una ventaja a los titulares.<\/p>\n\n\n\n<p>Los profesores de ciencias pol\u00edticas de la Universidad de Missouri han estudiado casi 66,000 carreras legislativas estatales durante tres d\u00e9cadas, que terminaron en 2018, y analizaron los efectos de las leyes estatales que limitan las contribuciones de corporaciones e individuos. Descubrieron \u201cfuertes efectos favorables a los titulares tanto de la financiaci\u00f3n p\u00fablica total como de las prohibiciones sobre los gastos corporativos independientes.<\/p>\n\n\n\n<p>Otros informes afirman que los l\u00edmites de la campa\u00f1a obligan a los contendientes a pasar tiempo tratando de ponerse al d\u00eda con los titulares y reduce su tiempo para hablar con los votantes.<\/p>\n\n\n\n<p>La Corte Suprema de Estados Unidos dictamin\u00f3 en 2006 que los l\u00edmites de contribuci\u00f3n pueden ser inconstitucionales si son &#8220;demasiado bajos y demasiado estrictos&#8221;. El tribunal observ\u00f3 que l\u00edmites tan bajos pueden &#8220;da\u00f1ar el proceso electoral al impedir que los contendientes realicen campa\u00f1as efectivas contra los titulares de cargos p\u00fablicos, reduciendo as\u00ed la responsabilidad democr\u00e1tica&#8221;.<\/p>\n\n\n\n<p>Gordo, el primer retador local en desbancar a un titular desde 1987, cuando Bill Paparian derrot\u00f3 a Jo Heckman en 1987, dijo que no podr\u00eda haber ganado la carrera por la alcald\u00eda con l\u00edmites de campa\u00f1a.<\/p>\n\n\n\n<p>\u201cNo hay forma de que yo pudiera haber sido una opci\u00f3n como candidato, un candidato viable, sin la capacidad de pedirles a los residentes que contribuyan con d\u00f3lares, y lo hicieron\u201d, dijo Gordo.<\/p>\n\n\n\n<p>Los residentes locales dicen que las contribuciones ilimitadas solo perjudicar\u00e1n a la ciudad.<\/p>\n\n\n\n<p>&#8220;Estoy sorprendida y estupefacta de por qu\u00e9 alguien en su sano juicio propondr\u00eda esta ordenanza antidemocr\u00e1tica y mucho menos votar\u00eda s\u00ed&#8221;, escribi\u00f3 Melissa Michelson. &#8220;Este pa\u00eds necesita m\u00e1s leyes de campa\u00f1a, no menos&#8221;.<\/p>\n\n\n\n<p>Una vez que se hayan realizado dos lecturas de la ordenanza, la ordenanza reemplazar\u00e1 a AB 571.<\/p>\n\n\n\n<p>Cuando el asunto lleg\u00f3 al Ayuntamiento en agosto, Gordo y los concejales Tyron Hampton, John Kennedy, Steve Madison, Gene Masuda y Felicia Williams votaron a favor.<\/p>\n\n\n\n<p>Rivas vot\u00f3 en contra del tema. El vicealcalde Andy Wilson estuvo ausente.<\/p>\n\n\n\n<p>\u201cLos l\u00edmites nivelan el campo de juego, permitiendo que m\u00e1s ciudadanos se postulen para el concejo municipal, para crear una representaci\u00f3n m\u00e1s amplia de la poblaci\u00f3n\u201d, escribi\u00f3 Ellen Finkelpearl. \u201cLos l\u00edmites mantienen la campa\u00f1a dentro de par\u00e1metros razonables y permiten la transparencia y elecciones limpias. Les insto a que rechacen esta ordenanza antidemocr\u00e1tica y, en cambio, codifiquen l\u00edmites como los de la Alhambra \u201d.<\/p>\n","protected":false},"excerpt":{"rendered":"<p>El Ayuntamiento tiene previsto realizar el lunes la primera lectura de una ordenanza que permitir\u00eda realizar campa\u00f1as locales sin l\u00edmites de contribuci\u00f3n. Hist\u00f3ricamente, las campa\u00f1as de los consejos locales no han tenido l\u00edmites de contribuci\u00f3n, pero el Proyecto de Ley de la Asamblea 571, que entr\u00f3 en vigencia en enero, limita las contribuciones de campa\u00f1a a $ 4,900 por contribuyente durante una elecci\u00f3n. Con el fin de mantener el control de los l\u00edmites de contribuci\u00f3n al financiamiento de campa\u00f1as locales, [&hellip;]<\/p>\n","protected":false},"author":4,"featured_media":11762,"comment_status":"open","ping_status":"closed","sticky":false,"template":"","format":"standard","meta":[],"categories":[6],"tags":[],"acf":[],"_links":{"self":[{"href":"http:\/\/www.pasadenahoy.com\/primero\/wp-json\/wp\/v2\/posts\/11761"}],"collection":[{"href":"http:\/\/www.pasadenahoy.com\/primero\/wp-json\/wp\/v2\/posts"}],"about":[{"href":"http:\/\/www.pasadenahoy.com\/primero\/wp-json\/wp\/v2\/types\/post"}],"author":[{"embeddable":true,"href":"http:\/\/www.pasadenahoy.com\/primero\/wp-json\/wp\/v2\/users\/4"}],"replies":[{"embeddable":true,"href":"http:\/\/www.pasadenahoy.com\/primero\/wp-json\/wp\/v2\/comments?post=11761"}],"version-history":[{"count":3,"href":"http:\/\/www.pasadenahoy.com\/primero\/wp-json\/wp\/v2\/posts\/11761\/revisions"}],"predecessor-version":[{"id":11808,"href":"http:\/\/www.pasadenahoy.com\/primero\/wp-json\/wp\/v2\/posts\/11761\/revisions\/11808"}],"wp:featuredmedia":[{"embeddable":true,"href":"http:\/\/www.pasadenahoy.com\/primero\/wp-json\/wp\/v2\/media\/11762"}],"wp:attachment":[{"href":"http:\/\/www.pasadenahoy.com\/primero\/wp-json\/wp\/v2\/media?parent=11761"}],"wp:term":[{"taxonomy":"category","embeddable":true,"href":"http:\/\/www.pasadenahoy.com\/primero\/wp-json\/wp\/v2\/categories?post=11761"},{"taxonomy":"post_tag","embeddable":true,"href":"http:\/\/www.pasadenahoy.com\/primero\/wp-json\/wp\/v2\/tags?post=11761"}],"curies":[{"name":"wp","href":"https:\/\/api.w.org\/{rel}","templated":true}]}}