{"id":11774,"date":"2021-10-18T15:18:06","date_gmt":"2021-10-18T15:18:06","guid":{"rendered":"http:\/\/www.pasadenahoy.com\/primero\/?p=11774"},"modified":"2021-10-18T15:18:09","modified_gmt":"2021-10-18T15:18:09","slug":"comision-historica-para-considerar-la-designacion-de-hito-para-la-casa-de-van-de-kamp","status":"publish","type":"post","link":"http:\/\/www.pasadenahoy.com\/primero\/la-comunidad\/comision-historica-para-considerar-la-designacion-de-hito-para-la-casa-de-van-de-kamp\/","title":{"rendered":"Comisi\u00f3n hist\u00f3rica para considerar la designaci\u00f3n de hito para la casa de Van de Kamp"},"content":{"rendered":"\n<figure class=\"wp-block-image alignnone size-large\"><figure class=\"alignnone\"><img loading=\"lazy\" width=\"700\" height=\"378\" src=\"http:\/\/www.pasadenahoy.com\/primero\/wp-content\/uploads\/2021\/10\/pic-4-7.jpg\" alt=\"\" class=\"wp-image-11775\" srcset=\"http:\/\/www.pasadenahoy.com\/primero\/wp-content\/uploads\/2021\/10\/pic-4-7.jpg 700w, http:\/\/www.pasadenahoy.com\/primero\/wp-content\/uploads\/2021\/10\/pic-4-7-300x162.jpg 300w, http:\/\/www.pasadenahoy.com\/primero\/wp-content\/uploads\/2021\/10\/pic-4-7-241x130.jpg 241w, http:\/\/www.pasadenahoy.com\/primero\/wp-content\/uploads\/2021\/10\/pic-4-7-333x180.jpg 333w, http:\/\/www.pasadenahoy.com\/primero\/wp-content\/uploads\/2021\/10\/pic-4-7-360x194.jpg 360w\" sizes=\"100vw\" \/><figcaption><span class=\"caption-text\">La casa de John Van de Kamp en la Avenida San Rafael, a la izquierda, y John Van de Kamp, a la derecha.<\/span><\/figcaption><\/figure><\/figure>\n\n\n\n<p>La Comisi\u00f3n de Preservaci\u00f3n Hist\u00f3rica de Pasadena se reunir\u00e1 el martes 19 de octubre para discutir una recomendaci\u00f3n para designar la Casa John Van de Kamp en la Avenida San Rafael como un hito, entre otros puntos de la agenda.<\/p>\n\n\n\n<p>Actualmente, las reuniones de la Comisi\u00f3n se realizan por videoconferencia. La reuni\u00f3n especial del martes comienza a las 4:30 p.m.<\/p>\n\n\n\n<p>Van de Kamp compr\u00f3 la casa en 1987. El ex fiscal general de California muri\u00f3 all\u00ed el 14 de marzo de 2017 a la edad de 81 a\u00f1os.<\/p>\n\n\n\n<p>Van de Kamp naci\u00f3 en Huntington Hospital y se cri\u00f3 en Altadena y Pasadena y asisti\u00f3 a la escuela secundaria John Muir. Fue un \u00edcono en la pol\u00edtica local y estatal.<\/p>\n\n\n\n<p>En 1966, Van de Kamp fue nombrado Fiscal Federal en Los \u00c1ngeles por el presidente Lyndon Johnson, y luego se desempe\u00f1\u00f3 como Fiscal de Distrito del Condado de Los \u00c1ngeles.<\/p>\n\n\n\n<p>En 1982, fue elegido Fiscal General de California. Ocho a\u00f1os despu\u00e9s se postul\u00f3 para gobernador, pero perdi\u00f3 la nominaci\u00f3n dem\u00f3crata ante Dianne Feinstein. Feinstein perdi\u00f3 ante el republicano Pete Wilson.<\/p>\n\n\n\n<p>En mayo de 2015, solo dos a\u00f1os antes de morir, Van de Kamp escribi\u00f3 un art\u00edculo para Pasadena Now en el que comparaba el Pasadena de su ni\u00f1ez con el Pasadena de sus \u00faltimos a\u00f1os. Escribi\u00f3 sobre las escuelas, la cultura local, el smog, el transporte, la arquitectura, los restaurantes, las tiendas de comestibles, etc. Termin\u00f3 el art\u00edculo compartiendo su esperanza para el futuro de Pasadena.<\/p>\n\n\n\n<p>\u201cEn el futuro, personalmente pondr\u00eda \u00e9nfasis en preservar nuestros vecindarios hist\u00f3ricos, protegerlos contra la mansionizaci\u00f3n y mejorar nuestro parque de viviendas para familias de ingresos medios y bajos\u201d, escribi\u00f3 Van de Kamp.<\/p>\n\n\n\n<p>En junio de 2017, el Ayuntamiento de Pasadena rebautiz\u00f3 el Puente La Loma como Puente John K. Van de Kamp en honor al ex fiscal general.<\/p>\n\n\n\n<p>Pasadena Heritage solicit\u00f3 la designaci\u00f3n hist\u00f3rica de su casa en San Rafael Avenue., Respaldada por registros hist\u00f3ricos, as\u00ed como por declaraciones de personas que conoc\u00edan y trabajaron con Van de Kamp y su familia, incluido el ex alcalde de Pasadena Bill Bogaard y el ejecutivo de transmisi\u00f3n y abogado C. Douglas Kranwinkle.<\/p>\n\n\n\n<p>\u201cCuando mi familia y yo nos mudamos a Pasadena en 1970, una de las primeras familias que conocimos fue Harry y Georgie Van de Kamp y su hijo, John, que eran vecinos a tres puertas de distancia\u201d, escribi\u00f3 Bogaard en una carta a Pasadena Heritage. \u201cA partir de ese momento, tuvimos el privilegio y el placer de conocer y socializar con John Van de Kamp y su familia, y quedarnos asombrados por sus muchos talentos, energ\u00eda y logros. Sus intereses y actividades, sus responsabilidades y relaciones, su buen juicio e impacto positivo fueron verdaderamente extraordinarios. En una palabra, era un cl\u00e1sico &#8216;hombre del Renacimiento&#8217; &#8220;.<\/p>\n\n\n\n<p>La propiedad, una casa de estilo colonial de Monterey, fue construida en 1947 y fue primero la residencia de Holmes P. Tuttle y su familia. Tuttle trabaj\u00f3 en el departamento de repuestos de un concesionario Ford, luego comenz\u00f3 y fue propietario de 14 concesionarios de autom\u00f3viles en Arizona y California.<\/p>\n\n\n\n<p>El hijo de Tuttle, Robert Holmes Tuttle, que creci\u00f3 en Pasadena, fue embajador de Estados Unidos en el Reino Unido desde julio de 2005 hasta febrero de 2009.<\/p>\n\n\n\n<p>Inmediatamente antes de la familia Van de Kamp, James Griffin \u201cJim\u201d Boswell II era due\u00f1o de la propiedad y viv\u00eda all\u00ed. Boswell tambi\u00e9n fue una persona importante en la historia de Pasadena, la regi\u00f3n y el estado. Como escribieron sus bi\u00f3grafos, Jim Boswell fue \u201cel mayor agricultor de Estados Unidos y el \u00faltimo bar\u00f3n de la tierra de California\u201d.<\/p>\n\n\n\n<p>La empresa familiar de Boswell, J.G. Boswell Co., todav\u00eda tiene su sede en Pasadena en Walnut Street frente a la antigua sede de Parsons.<\/p>\n\n\n\n<p>&#8220;Tras la revisi\u00f3n de la solicitud, el personal determin\u00f3 que la informaci\u00f3n proporcionada es suficiente para demostrar que la casa es elegible para la designaci\u00f3n como un punto de referencia seg\u00fan el Criterio B por su asociaci\u00f3n con el ex residente John Van de Kamp, un conocido pol\u00edtico y abogado&#8221;. dijo el Departamento de Planificaci\u00f3n.<\/p>\n","protected":false},"excerpt":{"rendered":"<p>La Comisi\u00f3n de Preservaci\u00f3n Hist\u00f3rica de Pasadena se reunir\u00e1 el martes 19 de octubre para discutir una recomendaci\u00f3n para designar la Casa John Van de Kamp en la Avenida San Rafael como un hito, entre otros puntos de la agenda. Actualmente, las reuniones de la Comisi\u00f3n se realizan por videoconferencia. La reuni\u00f3n especial del martes comienza a las 4:30 p.m. Van de Kamp compr\u00f3 la casa en 1987. El ex fiscal general de California muri\u00f3 all\u00ed el 14 de marzo [&hellip;]<\/p>\n","protected":false},"author":4,"featured_media":0,"comment_status":"open","ping_status":"closed","sticky":false,"template":"","format":"standard","meta":[],"categories":[4],"tags":[],"acf":[],"_links":{"self":[{"href":"http:\/\/www.pasadenahoy.com\/primero\/wp-json\/wp\/v2\/posts\/11774"}],"collection":[{"href":"http:\/\/www.pasadenahoy.com\/primero\/wp-json\/wp\/v2\/posts"}],"about":[{"href":"http:\/\/www.pasadenahoy.com\/primero\/wp-json\/wp\/v2\/types\/post"}],"author":[{"embeddable":true,"href":"http:\/\/www.pasadenahoy.com\/primero\/wp-json\/wp\/v2\/users\/4"}],"replies":[{"embeddable":true,"href":"http:\/\/www.pasadenahoy.com\/primero\/wp-json\/wp\/v2\/comments?post=11774"}],"version-history":[{"count":2,"href":"http:\/\/www.pasadenahoy.com\/primero\/wp-json\/wp\/v2\/posts\/11774\/revisions"}],"predecessor-version":[{"id":11777,"href":"http:\/\/www.pasadenahoy.com\/primero\/wp-json\/wp\/v2\/posts\/11774\/revisions\/11777"}],"wp:attachment":[{"href":"http:\/\/www.pasadenahoy.com\/primero\/wp-json\/wp\/v2\/media?parent=11774"}],"wp:term":[{"taxonomy":"category","embeddable":true,"href":"http:\/\/www.pasadenahoy.com\/primero\/wp-json\/wp\/v2\/categories?post=11774"},{"taxonomy":"post_tag","embeddable":true,"href":"http:\/\/www.pasadenahoy.com\/primero\/wp-json\/wp\/v2\/tags?post=11774"}],"curies":[{"name":"wp","href":"https:\/\/api.w.org\/{rel}","templated":true}]}}