{"id":11786,"date":"2021-10-18T15:29:21","date_gmt":"2021-10-18T15:29:21","guid":{"rendered":"http:\/\/www.pasadenahoy.com\/primero\/?p=11786"},"modified":"2021-10-18T15:29:23","modified_gmt":"2021-10-18T15:29:23","slug":"la-semana-comienza-con-una-nota-humeda-pero-el-sol-se-pone-para-regresar-manana","status":"publish","type":"post","link":"http:\/\/www.pasadenahoy.com\/primero\/la-comunidad\/la-semana-comienza-con-una-nota-humeda-pero-el-sol-se-pone-para-regresar-manana\/","title":{"rendered":"La semana comienza con una nota h\u00fameda, pero el sol se pone para regresar ma\u00f1ana"},"content":{"rendered":"\n<figure class=\"wp-block-image alignnone size-large\"><figure class=\"alignnone\"><img loading=\"lazy\" width=\"700\" height=\"378\" src=\"http:\/\/www.pasadenahoy.com\/primero\/wp-content\/uploads\/2021\/10\/pic7.jpg\" alt=\"\" class=\"wp-image-11787\" srcset=\"http:\/\/www.pasadenahoy.com\/primero\/wp-content\/uploads\/2021\/10\/pic7.jpg 700w, http:\/\/www.pasadenahoy.com\/primero\/wp-content\/uploads\/2021\/10\/pic7-300x162.jpg 300w, http:\/\/www.pasadenahoy.com\/primero\/wp-content\/uploads\/2021\/10\/pic7-241x130.jpg 241w, http:\/\/www.pasadenahoy.com\/primero\/wp-content\/uploads\/2021\/10\/pic7-333x180.jpg 333w, http:\/\/www.pasadenahoy.com\/primero\/wp-content\/uploads\/2021\/10\/pic7-360x194.jpg 360w\" sizes=\"100vw\" \/><\/figure><\/figure>\n\n\n\n<p>Un frente fr\u00edo que se mueve a trav\u00e9s del \u00e1rea traer\u00e1 la posibilidad de lluvia ligera y llovizna al \u00e1rea de Pasadena esta ma\u00f1ana, dijeron los meteor\u00f3logos del Servicio Meteorol\u00f3gico Nacional el lunes por la ma\u00f1ana.<\/p>\n\n\n\n<p>Hoy tambi\u00e9n ver\u00e1 una ca\u00edda considerable de la temperatura, que probablemente supere los 67.<\/p>\n\n\n\n<p>Las condiciones soleadas y m\u00e1s c\u00e1lidas est\u00e1n programadas para regresar el martes. Se pronostica buen tiempo para el mi\u00e9rcoles y m\u00e1s calentamiento disponible para el jueves. El clima m\u00e1s fr\u00edo y nublado inestable est\u00e1 programado para el final de la semana y el fin de semana.<\/p>\n\n\n\n<p>Aqu\u00ed hay una vista detallada de lo que predice el NWS para la semana:<\/p>\n\n\n\n<p>Hoy: Llovizna dispersa con probabilidad de lluvia antes de las 11am. Mayormente nublado hasta media ma\u00f1ana, y luego despejado gradual, la m\u00e1xima alrededor de 67. Viento del sur suroeste de 5 a 10 mph.<\/p>\n\n\n\n<p>Esta Noche: Despejado, la m\u00ednima alrededor de 50. Viento del sur suroeste alrededor de 5 mph y luego llegar\u00e1 del noreste.<\/p>\n\n\n\n<p>Martes: Soleado, la m\u00e1xima alrededor de 71. Viento del norte alrededor de 5 mph y luego llegar\u00e1 del sur.<\/p>\n\n\n\n<p>Mar. por la Noche: Mayormente despejado, la m\u00ednima alrededor de 53. Viento del suroeste alrededor de 5 mph y se pondr\u00e1 en calma por la noche.<\/p>\n\n\n\n<p>Mi\u00e9rcoles: Mayormente soleado, la m\u00e1xima alrededor de 72. Viento en calma y llegar\u00e1 del suroeste alrededor de 5 mph. Mi\u00e9.<\/p>\n\n\n\n<p>Mi\u00e9. Por la Noche: Medio nublado, la m\u00ednima alrededor de 54.<\/p>\n\n\n\n<p>Jueves: Mayormente soleado, la m\u00e1xima alrededor de 78.<\/p>\n\n\n\n<p>Jue. Por la Noche: Medio nublado, la m\u00ednima alrededor de 56.<\/p>\n\n\n\n<p>Viernes: Soleado, la m\u00e1xima alrededor de 76.<\/p>\n\n\n\n<p>Por la Noche: Medio nublado, la m\u00ednima alrededor de 55.<\/p>\n\n\n\n<p>S\u00e1bado: Parcialmente soleado, la m\u00e1xima alrededor de 71.<\/p>\n\n\n\n<p>S\u00e1b. Por la Noche: Mayormente nublado, la m\u00ednima alrededor de 54.<\/p>\n","protected":false},"excerpt":{"rendered":"<p>Un frente fr\u00edo que se mueve a trav\u00e9s del \u00e1rea traer\u00e1 la posibilidad de lluvia ligera y llovizna al \u00e1rea de Pasadena esta ma\u00f1ana, dijeron los meteor\u00f3logos del Servicio Meteorol\u00f3gico Nacional el lunes por la ma\u00f1ana. Hoy tambi\u00e9n ver\u00e1 una ca\u00edda considerable de la temperatura, que probablemente supere los 67. Las condiciones soleadas y m\u00e1s c\u00e1lidas est\u00e1n programadas para regresar el martes. Se pronostica buen tiempo para el mi\u00e9rcoles y m\u00e1s calentamiento disponible para el jueves. El clima m\u00e1s fr\u00edo [&hellip;]<\/p>\n","protected":false},"author":4,"featured_media":0,"comment_status":"open","ping_status":"closed","sticky":false,"template":"","format":"standard","meta":[],"categories":[4],"tags":[],"acf":[],"_links":{"self":[{"href":"http:\/\/www.pasadenahoy.com\/primero\/wp-json\/wp\/v2\/posts\/11786"}],"collection":[{"href":"http:\/\/www.pasadenahoy.com\/primero\/wp-json\/wp\/v2\/posts"}],"about":[{"href":"http:\/\/www.pasadenahoy.com\/primero\/wp-json\/wp\/v2\/types\/post"}],"author":[{"embeddable":true,"href":"http:\/\/www.pasadenahoy.com\/primero\/wp-json\/wp\/v2\/users\/4"}],"replies":[{"embeddable":true,"href":"http:\/\/www.pasadenahoy.com\/primero\/wp-json\/wp\/v2\/comments?post=11786"}],"version-history":[{"count":2,"href":"http:\/\/www.pasadenahoy.com\/primero\/wp-json\/wp\/v2\/posts\/11786\/revisions"}],"predecessor-version":[{"id":11789,"href":"http:\/\/www.pasadenahoy.com\/primero\/wp-json\/wp\/v2\/posts\/11786\/revisions\/11789"}],"wp:attachment":[{"href":"http:\/\/www.pasadenahoy.com\/primero\/wp-json\/wp\/v2\/media?parent=11786"}],"wp:term":[{"taxonomy":"category","embeddable":true,"href":"http:\/\/www.pasadenahoy.com\/primero\/wp-json\/wp\/v2\/categories?post=11786"},{"taxonomy":"post_tag","embeddable":true,"href":"http:\/\/www.pasadenahoy.com\/primero\/wp-json\/wp\/v2\/tags?post=11786"}],"curies":[{"name":"wp","href":"https:\/\/api.w.org\/{rel}","templated":true}]}}