{"id":11790,"date":"2021-10-18T15:34:03","date_gmt":"2021-10-18T15:34:03","guid":{"rendered":"http:\/\/www.pasadenahoy.com\/primero\/?p=11790"},"modified":"2021-10-18T15:34:05","modified_gmt":"2021-10-18T15:34:05","slug":"audiencia-sobre-la-decision-de-la-junta-de-apelaciones-de-zonificacion-para-denegar-el-permiso-de-uso-condicional-para-que-se-cancele-nuevamente-la-tienda-de-comestibles-local","status":"publish","type":"post","link":"http:\/\/www.pasadenahoy.com\/primero\/el-gobierno-local\/audiencia-sobre-la-decision-de-la-junta-de-apelaciones-de-zonificacion-para-denegar-el-permiso-de-uso-condicional-para-que-se-cancele-nuevamente-la-tienda-de-comestibles-local\/","title":{"rendered":"Audiencia sobre la decisi\u00f3n de la Junta de Apelaciones de Zonificaci\u00f3n para denegar el permiso de uso condicional para que se cancele nuevamente la tienda de comestibles local"},"content":{"rendered":"\n<figure class=\"wp-block-image alignnone size-large\"><figure class=\"alignnone\"><img loading=\"lazy\" width=\"700\" height=\"378\" src=\"http:\/\/www.pasadenahoy.com\/primero\/wp-content\/uploads\/2021\/10\/pic8.jpg\" alt=\"\" class=\"wp-image-11791\" srcset=\"http:\/\/www.pasadenahoy.com\/primero\/wp-content\/uploads\/2021\/10\/pic8.jpg 700w, http:\/\/www.pasadenahoy.com\/primero\/wp-content\/uploads\/2021\/10\/pic8-300x162.jpg 300w, http:\/\/www.pasadenahoy.com\/primero\/wp-content\/uploads\/2021\/10\/pic8-241x130.jpg 241w, http:\/\/www.pasadenahoy.com\/primero\/wp-content\/uploads\/2021\/10\/pic8-333x180.jpg 333w, http:\/\/www.pasadenahoy.com\/primero\/wp-content\/uploads\/2021\/10\/pic8-360x194.jpg 360w\" sizes=\"100vw\" \/><\/figure><\/figure>\n\n\n\n<p>El personal de la ciudad est\u00e1 recomendando que el Concejo Municipal cancele una audiencia p\u00fablica sobre una decisi\u00f3n de la Junta de Apelaciones de Zonificaci\u00f3n (BZA) despu\u00e9s de que se descubri\u00f3 que hab\u00eda un error de publicaci\u00f3n sobre el asunto.<\/p>\n\n\n\n<p>El art\u00edculo volver\u00e1 al consejo el pr\u00f3ximo mes despu\u00e9s de que se vuelva a publicar.<\/p>\n\n\n\n<p>Seg\u00fan una persona familiarizada con el tema, los avisos p\u00fablicos sobre la audiencia no se publicaron en el mercado dentro del radio adecuado.<\/p>\n\n\n\n<p>La BZA confirm\u00f3 la decisi\u00f3n de un oficial de audiencias de negarle a una tienda de comestibles local que vende cerveza y productos de vino un permiso de uso condicional para vender tambi\u00e9n una l\u00ednea completa de productos de licor.<\/p>\n\n\n\n<p>Cuando el asunto lleg\u00f3 ante un funcionario de audiencias de la ciudad en febrero, se determin\u00f3 que no se cumplir\u00edan cinco condiciones cr\u00edticas si se vendiera una l\u00ednea completa de bebidas alcoh\u00f3licas en la tienda.<\/p>\n\n\n\n<p>Para ser aprobado, un permiso de uso condicional, o CUP, debe generar una ganancia neta sustancial de empleo en el sitio, un aumento sustancial en los impuestos comerciales y la determinaci\u00f3n de que la tienda es una adici\u00f3n comercial \u00fanica a la comunidad.<\/p>\n\n\n\n<p>El CUP tambi\u00e9n debe contribuir a los objetivos generales de desarrollo econ\u00f3mico a largo plazo del \u00e1rea y el proyecto debe resultar en una mejora positiva del \u00e1rea.<\/p>\n\n\n\n<p>Posteriormente, la BZA descubri\u00f3 que la CUP probablemente crear\u00eda condiciones que afectar\u00edan negativamente el bienestar general de los propietarios circundantes, dar\u00eda como resultado una concentraci\u00f3n indeseable de locales para la venta de bebidas alcoh\u00f3licas en el \u00e1rea, afectar\u00eda negativamente el \u00e1rea circundante cercana, agravar\u00eda probablemente problemas creados por la venta de alcohol, y no est\u00e1 en conformidad con las metas, pol\u00edticas y objetivos del Plan General de la ciudad.<\/p>\n\n\n\n<p>Tres licorer\u00edas se encuentran a una milla del mercado.<\/p>\n\n\n\n<p>La polic\u00eda ha respondido a decenas de llamadas de servicio cerca y alrededor del mercado Linda Rosa, ubicado en la cuadra 800 de East Villa Street. Los propietarios del mercado buscan un CUP para vender una l\u00ednea completa de bebidas alcoh\u00f3licas, incluidas las bebidas espirituosas, seg\u00fan un informe del personal de la ciudad.<\/p>\n\n\n\n<p>Desde finales de enero hasta principios de mayo, la polic\u00eda de Pasadena inform\u00f3 haber respondido a decenas de llamadas de servicio a 500 pies del mercado. Las llamadas incluyeron quejas sobre robo, disturbios p\u00fablicos, holgazaner\u00eda, vandalismo, robo y embriaguez p\u00fablica, y eso fue con la tienda que vende solo cerveza y vino.<\/p>\n","protected":false},"excerpt":{"rendered":"<p>El personal de la ciudad est\u00e1 recomendando que el Concejo Municipal cancele una audiencia p\u00fablica sobre una decisi\u00f3n de la Junta de Apelaciones de Zonificaci\u00f3n (BZA) despu\u00e9s de que se descubri\u00f3 que hab\u00eda un error de publicaci\u00f3n sobre el asunto. El art\u00edculo volver\u00e1 al consejo el pr\u00f3ximo mes despu\u00e9s de que se vuelva a publicar. Seg\u00fan una persona familiarizada con el tema, los avisos p\u00fablicos sobre la audiencia no se publicaron en el mercado dentro del radio adecuado. La BZA [&hellip;]<\/p>\n","protected":false},"author":4,"featured_media":0,"comment_status":"open","ping_status":"closed","sticky":false,"template":"","format":"standard","meta":[],"categories":[6],"tags":[],"acf":[],"_links":{"self":[{"href":"http:\/\/www.pasadenahoy.com\/primero\/wp-json\/wp\/v2\/posts\/11790"}],"collection":[{"href":"http:\/\/www.pasadenahoy.com\/primero\/wp-json\/wp\/v2\/posts"}],"about":[{"href":"http:\/\/www.pasadenahoy.com\/primero\/wp-json\/wp\/v2\/types\/post"}],"author":[{"embeddable":true,"href":"http:\/\/www.pasadenahoy.com\/primero\/wp-json\/wp\/v2\/users\/4"}],"replies":[{"embeddable":true,"href":"http:\/\/www.pasadenahoy.com\/primero\/wp-json\/wp\/v2\/comments?post=11790"}],"version-history":[{"count":2,"href":"http:\/\/www.pasadenahoy.com\/primero\/wp-json\/wp\/v2\/posts\/11790\/revisions"}],"predecessor-version":[{"id":11793,"href":"http:\/\/www.pasadenahoy.com\/primero\/wp-json\/wp\/v2\/posts\/11790\/revisions\/11793"}],"wp:attachment":[{"href":"http:\/\/www.pasadenahoy.com\/primero\/wp-json\/wp\/v2\/media?parent=11790"}],"wp:term":[{"taxonomy":"category","embeddable":true,"href":"http:\/\/www.pasadenahoy.com\/primero\/wp-json\/wp\/v2\/categories?post=11790"},{"taxonomy":"post_tag","embeddable":true,"href":"http:\/\/www.pasadenahoy.com\/primero\/wp-json\/wp\/v2\/tags?post=11790"}],"curies":[{"name":"wp","href":"https:\/\/api.w.org\/{rel}","templated":true}]}}