{"id":11825,"date":"2021-10-19T15:34:37","date_gmt":"2021-10-19T15:34:37","guid":{"rendered":"http:\/\/www.pasadenahoy.com\/primero\/?p=11825"},"modified":"2021-10-19T15:34:40","modified_gmt":"2021-10-19T15:34:40","slug":"nuevos-casos-de-covid-19-en-pasadena-alcanzan-el-minimo-de-3-meses","status":"publish","type":"post","link":"http:\/\/www.pasadenahoy.com\/primero\/la-comunidad\/nuevos-casos-de-covid-19-en-pasadena-alcanzan-el-minimo-de-3-meses\/","title":{"rendered":"Nuevos casos de COVID-19 en Pasadena alcanzan el m\u00ednimo de 3 meses"},"content":{"rendered":"\n<figure class=\"wp-block-image alignnone size-large\"><figure class=\"alignnone\"><img loading=\"lazy\" width=\"700\" height=\"378\" src=\"http:\/\/www.pasadenahoy.com\/primero\/wp-content\/uploads\/2021\/04\/Covid-Update-1-1-1-700x378-1.jpg\" alt=\"\" class=\"wp-image-7899\" srcset=\"http:\/\/www.pasadenahoy.com\/primero\/wp-content\/uploads\/2021\/04\/Covid-Update-1-1-1-700x378-1.jpg 700w, http:\/\/www.pasadenahoy.com\/primero\/wp-content\/uploads\/2021\/04\/Covid-Update-1-1-1-700x378-1-300x162.jpg 300w, http:\/\/www.pasadenahoy.com\/primero\/wp-content\/uploads\/2021\/04\/Covid-Update-1-1-1-700x378-1-241x130.jpg 241w, http:\/\/www.pasadenahoy.com\/primero\/wp-content\/uploads\/2021\/04\/Covid-Update-1-1-1-700x378-1-333x180.jpg 333w, http:\/\/www.pasadenahoy.com\/primero\/wp-content\/uploads\/2021\/04\/Covid-Update-1-1-1-700x378-1-360x194.jpg 360w\" sizes=\"100vw\" \/><\/figure><\/figure>\n\n\n\n<p>La tasa de transmisi\u00f3n de COVID-19 alcanz\u00f3 su nivel m\u00e1s bajo en m\u00e1s de tres meses el lunes, seg\u00fan datos del Departamento de Salud P\u00fablica de Pasadena.<\/p>\n\n\n\n<p>El lunes se detectaron cinco nuevas infecciones en la ciudad, seg\u00fan muestran los registros. Se informaron ocho casos el domingo y siete el s\u00e1bado.<\/p>\n\n\n\n<p>Sin muertes reportadas en los 12 d\u00edas anteriores, el n\u00famero de muertos local se mantuvo en 363, seg\u00fan datos de la ciudad. El PPHD hab\u00eda registrado 12,397 infecciones confirmadas por COVID-19, en total.<\/p>\n\n\n\n<p>El n\u00famero promedio de infecciones diarias durante la semana anterior se redujo a 7,6, lo que representa la tasa m\u00e1s baja vista desde el 9 de julio.<\/p>\n\n\n\n<p>Los funcionarios del Distrito Escolar Unificado de Pasadena informaron 16 nuevas infecciones entre los estudiantes durante la semana anterior y un caso que involucr\u00f3 a un miembro del personal.<\/p>\n\n\n\n<p>El Hospital Huntington enumer\u00f3 14 pacientes COVID-19 admitidos el lunes, incluidos tres que estaban alojados en unidades de cuidados intensivos.<\/p>\n\n\n\n<p>El Departamento de Salud P\u00fablica del Condado de Los \u00c1ngeles document\u00f3 948 nuevas infecciones y cuatro muertes el lunes, citando los informes retrasados \u200b\u200bhabituales durante el fin de semana. En total, el condado hab\u00eda visto 1,478,622 casos del virus y 26,418 muertes.<\/p>\n\n\n\n<p>La cantidad de pacientes hospitalizados en todo el condado con COVID-19 fue de 638, dijo la agencia en un comunicado escrito.<\/p>\n\n\n\n<p>La tasa de positividad de la prueba diaria en todo el condado del lunes se midi\u00f3 en 0,7%.<\/p>\n\n\n\n<p>La directora de Salud P\u00fablica del condado de Los \u00c1ngeles, Barbara Ferrer, se tom\u00f3 un momento para reflexionar sobre la muerte del exsecretario general de Estado de los Estados Unidos, Colin Powell, quien falleci\u00f3 el lunes por la ma\u00f1ana por complicaciones del COVID-19 a los 84 a\u00f1os.<\/p>\n\n\n\n<p>\u201cNos unimos a la naci\u00f3n en el duelo por la muerte del ex Secretario de Estado General Colin Powell\u201d, dijo.<\/p>\n\n\n\n<p>\u201cSi bien nuestros datos demuestran el tremendo poder de las vacunas para prevenir resultados severos de la infecci\u00f3n por COVID, esta tr\u00e1gica p\u00e9rdida resalta el hecho de que para las personas vulnerables, incluidos los adultos mayores y aquellos con condiciones de salud subyacentes, incluida la inmunosupresi\u00f3n, todav\u00eda existe un riesgo peque\u00f1o pero grave de hospitalizaci\u00f3n o muerte incluso despu\u00e9s de la vacunaci\u00f3n \u201d, seg\u00fan Ferrer. &#8220;Es por eso que el enmascaramiento y el distanciamiento siguen siendo capas importantes de protecci\u00f3n cuando la transmisi\u00f3n de COVID sigue siendo alta o sustancial, y aumentar las tasas de vacunaci\u00f3n es la mejor estrategia para reducir el riesgo de exposici\u00f3n para todos&#8221;.<\/p>\n\n\n\n<p>Las autoridades a nivel estatal informaron 16.764 nuevos casos de COVID-19 y 266 muertes el lunes, elevando el total de la pandemia en el estado a 4.588.231 infecciones y 70.416 muertes.<\/p>\n\n\n\n<p>La tasa de positividad semanal en todo el estado se midi\u00f3 en 2%, seg\u00fan datos del Departamento de Salud P\u00fablica de California.<\/p>\n\n\n\n<p>Hasta el lunes, el condado de Los \u00c1ngeles representaba el 32% de las infecciones por COVID-19 de California y el 38% de las muertes del estado.<\/p>\n","protected":false},"excerpt":{"rendered":"<p>La tasa de transmisi\u00f3n de COVID-19 alcanz\u00f3 su nivel m\u00e1s bajo en m\u00e1s de tres meses el lunes, seg\u00fan datos del Departamento de Salud P\u00fablica de Pasadena. El lunes se detectaron cinco nuevas infecciones en la ciudad, seg\u00fan muestran los registros. Se informaron ocho casos el domingo y siete el s\u00e1bado. Sin muertes reportadas en los 12 d\u00edas anteriores, el n\u00famero de muertos local se mantuvo en 363, seg\u00fan datos de la ciudad. El PPHD hab\u00eda registrado 12,397 infecciones confirmadas [&hellip;]<\/p>\n","protected":false},"author":4,"featured_media":0,"comment_status":"open","ping_status":"closed","sticky":false,"template":"","format":"standard","meta":[],"categories":[4],"tags":[],"acf":[],"_links":{"self":[{"href":"http:\/\/www.pasadenahoy.com\/primero\/wp-json\/wp\/v2\/posts\/11825"}],"collection":[{"href":"http:\/\/www.pasadenahoy.com\/primero\/wp-json\/wp\/v2\/posts"}],"about":[{"href":"http:\/\/www.pasadenahoy.com\/primero\/wp-json\/wp\/v2\/types\/post"}],"author":[{"embeddable":true,"href":"http:\/\/www.pasadenahoy.com\/primero\/wp-json\/wp\/v2\/users\/4"}],"replies":[{"embeddable":true,"href":"http:\/\/www.pasadenahoy.com\/primero\/wp-json\/wp\/v2\/comments?post=11825"}],"version-history":[{"count":2,"href":"http:\/\/www.pasadenahoy.com\/primero\/wp-json\/wp\/v2\/posts\/11825\/revisions"}],"predecessor-version":[{"id":11827,"href":"http:\/\/www.pasadenahoy.com\/primero\/wp-json\/wp\/v2\/posts\/11825\/revisions\/11827"}],"wp:attachment":[{"href":"http:\/\/www.pasadenahoy.com\/primero\/wp-json\/wp\/v2\/media?parent=11825"}],"wp:term":[{"taxonomy":"category","embeddable":true,"href":"http:\/\/www.pasadenahoy.com\/primero\/wp-json\/wp\/v2\/categories?post=11825"},{"taxonomy":"post_tag","embeddable":true,"href":"http:\/\/www.pasadenahoy.com\/primero\/wp-json\/wp\/v2\/tags?post=11825"}],"curies":[{"name":"wp","href":"https:\/\/api.w.org\/{rel}","templated":true}]}}