{"id":11840,"date":"2021-10-20T15:32:21","date_gmt":"2021-10-20T15:32:21","guid":{"rendered":"http:\/\/www.pasadenahoy.com\/primero\/?p=11840"},"modified":"2021-10-20T15:32:24","modified_gmt":"2021-10-20T15:32:24","slug":"90-de-los-habitantes-de-pasadena-que-reunen-los-requisitos-estan-vacunados-por-completo-contra-covid-19","status":"publish","type":"post","link":"http:\/\/www.pasadenahoy.com\/primero\/la-comunidad\/90-de-los-habitantes-de-pasadena-que-reunen-los-requisitos-estan-vacunados-por-completo-contra-covid-19\/","title":{"rendered":"90% de los habitantes de Pasadena que re\u00fanen los requisitos est\u00e1n vacunados por completo contra COVID-19"},"content":{"rendered":"\n<figure class=\"wp-block-image alignnone size-large\"><figure class=\"alignnone\"><img loading=\"lazy\" width=\"700\" height=\"378\" src=\"http:\/\/www.pasadenahoy.com\/primero\/wp-content\/uploads\/2021\/10\/pic-2-7.jpg\" alt=\"\" class=\"wp-image-11841\" srcset=\"http:\/\/www.pasadenahoy.com\/primero\/wp-content\/uploads\/2021\/10\/pic-2-7.jpg 700w, http:\/\/www.pasadenahoy.com\/primero\/wp-content\/uploads\/2021\/10\/pic-2-7-300x162.jpg 300w, http:\/\/www.pasadenahoy.com\/primero\/wp-content\/uploads\/2021\/10\/pic-2-7-241x130.jpg 241w, http:\/\/www.pasadenahoy.com\/primero\/wp-content\/uploads\/2021\/10\/pic-2-7-333x180.jpg 333w, http:\/\/www.pasadenahoy.com\/primero\/wp-content\/uploads\/2021\/10\/pic-2-7-360x194.jpg 360w\" sizes=\"100vw\" \/><\/figure><\/figure>\n\n\n\n<p>Los funcionarios de salud p\u00fablica informaron el martes que el 90% de los habitantes de Pasadena elegibles hab\u00edan sido vacunados por completo contra el COVID-19, mientras que el 96,6% de los residentes de la ciudad mayores de 12 a\u00f1os hab\u00edan recibido al menos una dosis de la vacuna.<\/p>\n\n\n\n<p>Diez nuevas infecciones detectadas el martes llevaron el total de pandemias de la ciudad a 13,407, seg\u00fan datos del Departamento de Salud P\u00fablica de Pasadena.<\/p>\n\n\n\n<p>El n\u00famero de muertes se mantuvo en 363, y la \u00faltima muerte en Pasadena se inform\u00f3 el 6 de octubre.<\/p>\n\n\n\n<p>El n\u00famero medio de infecciones diarias en la ciudad durante la semana anterior se situ\u00f3 en 7,7.<\/p>\n\n\n\n<p>Los funcionarios del Distrito Escolar Unificado de Pasadena informaron siete nuevas infecciones entre los estudiantes durante la semana anterior y ninguna entre los miembros del personal.<\/p>\n\n\n\n<p>El Hospital Huntington enumer\u00f3 13 pacientes ingresados \u200b\u200bcon COVID-19 el martes, y tres de ellos fueron tratados en unidades de cuidados intensivos.<\/p>\n\n\n\n<p>El condado de Los \u00c1ngeles vio 825 nuevos casos del virus y 26 muertes el martes, lo que elev\u00f3 los totales del condado a 1,479,421 infecciones y 26,442 muertes.<\/p>\n\n\n\n<p>Un poco m\u00e1s de 630 pacientes de COVID-19 fueron hospitalizados en todo el condado, y el 29% de ellos fueron alojados en UCI, dijo el Departamento de Salud P\u00fablica del Condado de Los \u00c1ngeles en una declaraci\u00f3n escrita.<\/p>\n\n\n\n<p>La tasa de positividad de la prueba diaria en todo el condado se mantuvo estable en 0.9%.<\/p>\n\n\n\n<p>El Departamento de Salud P\u00fablica de California anunci\u00f3 4.081 nuevos casos de COVID-19 y 21 muertes en la actualizaci\u00f3n del martes, elevando los totales del estado a 4.592.312 infecciones y 70.437 muertes.<\/p>\n\n\n\n<p>La tasa de positividad semanal en todo el estado se midi\u00f3 en 1.9%, seg\u00fan datos del CDPH.<\/p>\n\n\n\n<p>Hasta el martes, el condado de Los \u00c1ngeles representaba el 32% de las infecciones por COVID-19 de California y el 38% de las muertes del estado.<\/p>\n","protected":false},"excerpt":{"rendered":"<p>Los funcionarios de salud p\u00fablica informaron el martes que el 90% de los habitantes de Pasadena elegibles hab\u00edan sido vacunados por completo contra el COVID-19, mientras que el 96,6% de los residentes de la ciudad mayores de 12 a\u00f1os hab\u00edan recibido al menos una dosis de la vacuna. Diez nuevas infecciones detectadas el martes llevaron el total de pandemias de la ciudad a 13,407, seg\u00fan datos del Departamento de Salud P\u00fablica de Pasadena. El n\u00famero de muertes se mantuvo en [&hellip;]<\/p>\n","protected":false},"author":4,"featured_media":11841,"comment_status":"open","ping_status":"closed","sticky":false,"template":"","format":"standard","meta":[],"categories":[4],"tags":[],"acf":[],"_links":{"self":[{"href":"http:\/\/www.pasadenahoy.com\/primero\/wp-json\/wp\/v2\/posts\/11840"}],"collection":[{"href":"http:\/\/www.pasadenahoy.com\/primero\/wp-json\/wp\/v2\/posts"}],"about":[{"href":"http:\/\/www.pasadenahoy.com\/primero\/wp-json\/wp\/v2\/types\/post"}],"author":[{"embeddable":true,"href":"http:\/\/www.pasadenahoy.com\/primero\/wp-json\/wp\/v2\/users\/4"}],"replies":[{"embeddable":true,"href":"http:\/\/www.pasadenahoy.com\/primero\/wp-json\/wp\/v2\/comments?post=11840"}],"version-history":[{"count":2,"href":"http:\/\/www.pasadenahoy.com\/primero\/wp-json\/wp\/v2\/posts\/11840\/revisions"}],"predecessor-version":[{"id":11843,"href":"http:\/\/www.pasadenahoy.com\/primero\/wp-json\/wp\/v2\/posts\/11840\/revisions\/11843"}],"wp:featuredmedia":[{"embeddable":true,"href":"http:\/\/www.pasadenahoy.com\/primero\/wp-json\/wp\/v2\/media\/11841"}],"wp:attachment":[{"href":"http:\/\/www.pasadenahoy.com\/primero\/wp-json\/wp\/v2\/media?parent=11840"}],"wp:term":[{"taxonomy":"category","embeddable":true,"href":"http:\/\/www.pasadenahoy.com\/primero\/wp-json\/wp\/v2\/categories?post=11840"},{"taxonomy":"post_tag","embeddable":true,"href":"http:\/\/www.pasadenahoy.com\/primero\/wp-json\/wp\/v2\/tags?post=11840"}],"curies":[{"name":"wp","href":"https:\/\/api.w.org\/{rel}","templated":true}]}}