{"id":11844,"date":"2021-10-20T15:36:22","date_gmt":"2021-10-20T15:36:22","guid":{"rendered":"http:\/\/www.pasadenahoy.com\/primero\/?p=11844"},"modified":"2021-10-20T15:36:24","modified_gmt":"2021-10-20T15:36:24","slug":"el-comite-escucha-el-plan-para-mejorar-la-estetica-de-las-areas-de-comedor-al-aire-libre-y-cobra-nuevas-tarifas-simplificadas-a-los-restauradores","status":"publish","type":"post","link":"http:\/\/www.pasadenahoy.com\/primero\/la-comunidad\/el-comite-escucha-el-plan-para-mejorar-la-estetica-de-las-areas-de-comedor-al-aire-libre-y-cobra-nuevas-tarifas-simplificadas-a-los-restauradores\/","title":{"rendered":"El comit\u00e9 escucha el plan para mejorar la est\u00e9tica de las \u00e1reas de comedor al aire libre y cobra nuevas tarifas &#8220;simplificadas&#8221; a los restauradores"},"content":{"rendered":"\n<figure class=\"wp-block-image alignnone size-large\"><figure class=\"alignnone\"><img loading=\"lazy\" width=\"700\" height=\"378\" src=\"http:\/\/www.pasadenahoy.com\/primero\/wp-content\/uploads\/2021\/10\/pic-3-6.jpg\" alt=\"\" class=\"wp-image-11845\" srcset=\"http:\/\/www.pasadenahoy.com\/primero\/wp-content\/uploads\/2021\/10\/pic-3-6.jpg 700w, http:\/\/www.pasadenahoy.com\/primero\/wp-content\/uploads\/2021\/10\/pic-3-6-300x162.jpg 300w, http:\/\/www.pasadenahoy.com\/primero\/wp-content\/uploads\/2021\/10\/pic-3-6-241x130.jpg 241w, http:\/\/www.pasadenahoy.com\/primero\/wp-content\/uploads\/2021\/10\/pic-3-6-333x180.jpg 333w, http:\/\/www.pasadenahoy.com\/primero\/wp-content\/uploads\/2021\/10\/pic-3-6-360x194.jpg 360w\" sizes=\"100vw\" \/><\/figure><\/figure>\n\n\n\n<p>El Comit\u00e9 de Tecnolog\u00eda y Desarrollo Econ\u00f3mico del Ayuntamiento escuch\u00f3 propuestas el martes relacionadas con el programa de comidas al aire libre de la ciudad que comenz\u00f3 el a\u00f1o pasado en apoyo de los restaurantes que luchan debido a las restricciones gastron\u00f3micas de COVID-19.<\/p>\n\n\n\n<p>Los art\u00edculos ten\u00edan fines informativos y no se emitieron votos.<\/p>\n\n\n\n<p>Durante la reuni\u00f3n, el personal de la ciudad present\u00f3 un plan para reducir las tarifas cobradas a los restauradores por el programa, pero continuar renunci\u00e1ndolas hasta el pr\u00f3ximo a\u00f1o y mejorar la apariencia de las \u00e1reas de comedor.<\/p>\n\n\n\n<p>La estructura de tarifas actual de Pasadena para cenas al aire libre var\u00eda de $ 8.80 a $ 16.07 por pie cuadrado por a\u00f1o.<\/p>\n\n\n\n<p>Seg\u00fan el personal, hasta la fecha, los restaurantes han obtenido permisos para comer al aire libre sin costo alguno. Las tarifas del permiso continuar\u00e1n sin aplicarse hasta el 30 de junio de 2022.<\/p>\n\n\n\n<p>Seg\u00fan la estructura de tarifas revisada, la Ciudad probablemente cobrar\u00eda una tarifa fija por la ocupaci\u00f3n de aceras y callejones p\u00fablicos de $ 7.00 por pie cuadrado al a\u00f1o, y $ 9.00 por pie cuadrado por a\u00f1o para la ocupaci\u00f3n de calles p\u00fablicas.<\/p>\n\n\n\n<p>El personal est\u00e1 considerando cobrar estas tarifas a partir de julio de 2022.<\/p>\n\n\n\n<p>Adem\u00e1s de estos cargos, existen tarifas miscel\u00e1neas relacionadas con las cenas al aire libre que incluyen, entre otras, la tarifa de procesamiento de la solicitud de obras p\u00fablicas y las tarifas relacionadas con carpas y toldos, entre otros.<\/p>\n\n\n\n<p>Con los cargos, la Ciudad espera aproximadamente $ 94,350 en ingresos de los ocupantes de aceras y callejones y $ 191,000 en ingresos de los ocupantes de las calles p\u00fablicas.<\/p>\n\n\n\n<p>Seg\u00fan el informe del personal, estos factores se consideraron al revisar la estructura de tarifas: costos relacionados con el procesamiento de solicitudes, conversi\u00f3n de estacionamientos y carriles de viaje en cenas al aire libre, costos relacionados con el cumplimiento de las reglas, p\u00e9rdida de ingresos por medidores y eliminaci\u00f3n de equipos de control de tr\u00e1fico.<\/p>\n\n\n\n<p>El 8 de febrero, la Ciudad decidi\u00f3 comprar trineos K-Rail y TL2 de concreto para su programa de comedor al aire libre, ya que determin\u00f3 que lo mejor para la Ciudad es comprar estos equipos en lugar de alquilarlos.<\/p>\n\n\n\n<p>El personal de la ciudad dijo que se est\u00e1n considerando mejoras en las barricadas para las \u00e1reas de comedor al aire libre.<\/p>\n\n\n\n<p>Seg\u00fan el personal, el personal de Planificaci\u00f3n y Desarrollo Comunitario preparar\u00e1 un conjunto de dise\u00f1os m\u00e1s coherente para las \u00e1reas de comedor al aire libre y presentar\u00e1 la propuesta ante el comit\u00e9 el pr\u00f3ximo mes.<\/p>\n\n\n\n<p>El Old Pasadena Management District y la Playhouse Village Association tambi\u00e9n propondr\u00e1n mejoras al cerramiento de hormig\u00f3n de la barricada K-Rail. Sus sugerencias tambi\u00e9n estar\u00e1n sujetas al proceso de revisi\u00f3n del dise\u00f1o, seg\u00fan el personal.<\/p>\n\n\n\n<p>El verano pasado, despu\u00e9s de que el estado obligara a miles de empresas a detener casi todas las operaciones en interiores, la Ciudad permiti\u00f3 el uso de aceras, callejones, estacionamientos en la calle y privados en Colorado Boulevard en el \u00e1rea de Playhouse Village y Old Pasadena para comer al aire libre y restaurantes. podr\u00edan continuar sus operaciones durante la pandemia.<\/p>\n","protected":false},"excerpt":{"rendered":"<p>El Comit\u00e9 de Tecnolog\u00eda y Desarrollo Econ\u00f3mico del Ayuntamiento escuch\u00f3 propuestas el martes relacionadas con el programa de comidas al aire libre de la ciudad que comenz\u00f3 el a\u00f1o pasado en apoyo de los restaurantes que luchan debido a las restricciones gastron\u00f3micas de COVID-19. Los art\u00edculos ten\u00edan fines informativos y no se emitieron votos. Durante la reuni\u00f3n, el personal de la ciudad present\u00f3 un plan para reducir las tarifas cobradas a los restauradores por el programa, pero continuar renunci\u00e1ndolas hasta [&hellip;]<\/p>\n","protected":false},"author":4,"featured_media":11846,"comment_status":"open","ping_status":"closed","sticky":false,"template":"","format":"standard","meta":[],"categories":[4],"tags":[],"acf":[],"_links":{"self":[{"href":"http:\/\/www.pasadenahoy.com\/primero\/wp-json\/wp\/v2\/posts\/11844"}],"collection":[{"href":"http:\/\/www.pasadenahoy.com\/primero\/wp-json\/wp\/v2\/posts"}],"about":[{"href":"http:\/\/www.pasadenahoy.com\/primero\/wp-json\/wp\/v2\/types\/post"}],"author":[{"embeddable":true,"href":"http:\/\/www.pasadenahoy.com\/primero\/wp-json\/wp\/v2\/users\/4"}],"replies":[{"embeddable":true,"href":"http:\/\/www.pasadenahoy.com\/primero\/wp-json\/wp\/v2\/comments?post=11844"}],"version-history":[{"count":2,"href":"http:\/\/www.pasadenahoy.com\/primero\/wp-json\/wp\/v2\/posts\/11844\/revisions"}],"predecessor-version":[{"id":11848,"href":"http:\/\/www.pasadenahoy.com\/primero\/wp-json\/wp\/v2\/posts\/11844\/revisions\/11848"}],"wp:featuredmedia":[{"embeddable":true,"href":"http:\/\/www.pasadenahoy.com\/primero\/wp-json\/wp\/v2\/media\/11846"}],"wp:attachment":[{"href":"http:\/\/www.pasadenahoy.com\/primero\/wp-json\/wp\/v2\/media?parent=11844"}],"wp:term":[{"taxonomy":"category","embeddable":true,"href":"http:\/\/www.pasadenahoy.com\/primero\/wp-json\/wp\/v2\/categories?post=11844"},{"taxonomy":"post_tag","embeddable":true,"href":"http:\/\/www.pasadenahoy.com\/primero\/wp-json\/wp\/v2\/tags?post=11844"}],"curies":[{"name":"wp","href":"https:\/\/api.w.org\/{rel}","templated":true}]}}