{"id":11853,"date":"2021-10-20T15:44:43","date_gmt":"2021-10-20T15:44:43","guid":{"rendered":"http:\/\/www.pasadenahoy.com\/primero\/?p=11853"},"modified":"2021-10-20T15:44:45","modified_gmt":"2021-10-20T15:44:45","slug":"incendio-quema-a-lo-largo-de-la-autopista-210-en-pasadena","status":"publish","type":"post","link":"http:\/\/www.pasadenahoy.com\/primero\/la-comunidad\/incendio-quema-a-lo-largo-de-la-autopista-210-en-pasadena\/","title":{"rendered":"Incendio quema a lo largo de la autopista 210 en Pasadena"},"content":{"rendered":"\n<figure class=\"wp-block-image alignnone size-large\"><figure class=\"alignnone\"><img loading=\"lazy\" width=\"700\" height=\"378\" src=\"http:\/\/www.pasadenahoy.com\/primero\/wp-content\/uploads\/2021\/10\/pic-5-6.jpg\" alt=\"\" class=\"wp-image-11854\" srcset=\"http:\/\/www.pasadenahoy.com\/primero\/wp-content\/uploads\/2021\/10\/pic-5-6.jpg 700w, http:\/\/www.pasadenahoy.com\/primero\/wp-content\/uploads\/2021\/10\/pic-5-6-300x162.jpg 300w, http:\/\/www.pasadenahoy.com\/primero\/wp-content\/uploads\/2021\/10\/pic-5-6-241x130.jpg 241w, http:\/\/www.pasadenahoy.com\/primero\/wp-content\/uploads\/2021\/10\/pic-5-6-333x180.jpg 333w, http:\/\/www.pasadenahoy.com\/primero\/wp-content\/uploads\/2021\/10\/pic-5-6-360x194.jpg 360w\" sizes=\"100vw\" \/><figcaption><span class=\"caption-text\">[Foto de John Root]<\/span><\/figcaption><\/figure><\/figure>\n\n\n\n<p>[ACTUALIZADO] Los bomberos extinguieron las llamas a lo largo de la autopista 210 en direcci\u00f3n oeste cerca de Lake Avenue en Pasadena el martes por la tarde.<br>Las llamas se encendieron alrededor de la 1:20 p.m. y quem\u00f3 alrededor de medio acre de arbustos antes de ser declarado &#8220;derribado&#8221; poco despu\u00e9s de las 2 p.m.<\/p>\n\n\n\n<p>Los informes iniciales indicaron que las llamas pueden haberse originado en dos o tres puntos de ignici\u00f3n, pero la causa sigue bajo investigaci\u00f3n.<\/p>\n\n\n\n<p>Los bomberos llegaron al lugar y encontraron a algunos residentes cercanos vertiendo agua sobre las llamas con sus mangueras de jard\u00edn, &#8220;lo que desaconsejamos&#8221;, dijo la portavoz de la ciudad, Lisa Derderian.<\/p>\n\n\n\n<p>A medida que los conductores atrapados en el tr\u00e1fico detr\u00e1s del incendio se impacientaron, varios comenzaron a hacer giros ilegales y a atropellar las mangueras contra incendios mientras intentaban salir del atasco, arriesg\u00e1ndose a da\u00f1ar las mangueras y distrayendo a los bomberos de las llamas, agreg\u00f3. Pidi\u00f3 paciencia a los retrasados \u200b\u200bpor el incidente.<\/p>\n\n\n\n<p>Se esperaba que los bomberos permanecieran en la escena durante varias horas atentos a los brotes, dijo Derderian. Se convoc\u00f3 a los investigadores para investigar la causa.<\/p>\n\n\n\n<p>Los tres carriles de la derecha de la autopista en direcci\u00f3n oeste fueron cerrados como resultado del incendio, seg\u00fan la Patrulla de Caminos de California.<\/p>\n\n\n\n<p>Se esperaba que las calles laterales entre las avenidas Hill y Lake, entre la autopista 210 y la calle Villa, permanecieran cerradas hasta las 6 p.m., dijeron los bomberos.<\/p>\n","protected":false},"excerpt":{"rendered":"<p>[ACTUALIZADO] Los bomberos extinguieron las llamas a lo largo de la autopista 210 en direcci\u00f3n oeste cerca de Lake Avenue en Pasadena el martes por la tarde.Las llamas se encendieron alrededor de la 1:20 p.m. y quem\u00f3 alrededor de medio acre de arbustos antes de ser declarado &#8220;derribado&#8221; poco despu\u00e9s de las 2 p.m. Los informes iniciales indicaron que las llamas pueden haberse originado en dos o tres puntos de ignici\u00f3n, pero la causa sigue bajo investigaci\u00f3n. Los bomberos llegaron [&hellip;]<\/p>\n","protected":false},"author":4,"featured_media":0,"comment_status":"open","ping_status":"closed","sticky":false,"template":"","format":"standard","meta":[],"categories":[4],"tags":[],"acf":[],"_links":{"self":[{"href":"http:\/\/www.pasadenahoy.com\/primero\/wp-json\/wp\/v2\/posts\/11853"}],"collection":[{"href":"http:\/\/www.pasadenahoy.com\/primero\/wp-json\/wp\/v2\/posts"}],"about":[{"href":"http:\/\/www.pasadenahoy.com\/primero\/wp-json\/wp\/v2\/types\/post"}],"author":[{"embeddable":true,"href":"http:\/\/www.pasadenahoy.com\/primero\/wp-json\/wp\/v2\/users\/4"}],"replies":[{"embeddable":true,"href":"http:\/\/www.pasadenahoy.com\/primero\/wp-json\/wp\/v2\/comments?post=11853"}],"version-history":[{"count":2,"href":"http:\/\/www.pasadenahoy.com\/primero\/wp-json\/wp\/v2\/posts\/11853\/revisions"}],"predecessor-version":[{"id":11856,"href":"http:\/\/www.pasadenahoy.com\/primero\/wp-json\/wp\/v2\/posts\/11853\/revisions\/11856"}],"wp:attachment":[{"href":"http:\/\/www.pasadenahoy.com\/primero\/wp-json\/wp\/v2\/media?parent=11853"}],"wp:term":[{"taxonomy":"category","embeddable":true,"href":"http:\/\/www.pasadenahoy.com\/primero\/wp-json\/wp\/v2\/categories?post=11853"},{"taxonomy":"post_tag","embeddable":true,"href":"http:\/\/www.pasadenahoy.com\/primero\/wp-json\/wp\/v2\/tags?post=11853"}],"curies":[{"name":"wp","href":"https:\/\/api.w.org\/{rel}","templated":true}]}}