{"id":11865,"date":"2021-10-21T15:10:07","date_gmt":"2021-10-21T15:10:07","guid":{"rendered":"http:\/\/www.pasadenahoy.com\/primero\/?p=11865"},"modified":"2021-10-21T15:10:10","modified_gmt":"2021-10-21T15:10:10","slug":"la-junta-del-pusd-discutira-el-borrador-del-plan-sobre-el-uso-de-40-millones-en-fondos-federales-de-ayuda-programas-de-vacunacion-y-pruebas-de-covid-19","status":"publish","type":"post","link":"http:\/\/www.pasadenahoy.com\/primero\/la-comunidad\/la-junta-del-pusd-discutira-el-borrador-del-plan-sobre-el-uso-de-40-millones-en-fondos-federales-de-ayuda-programas-de-vacunacion-y-pruebas-de-covid-19\/","title":{"rendered":"La junta del PUSD discutir\u00e1 el borrador del plan sobre el uso de $ 40 millones en fondos federales de ayuda, programas de vacunaci\u00f3n y pruebas de COVID-19"},"content":{"rendered":"\n<figure class=\"wp-block-image alignnone size-large\"><figure class=\"alignnone\"><img loading=\"lazy\" width=\"700\" height=\"378\" src=\"http:\/\/www.pasadenahoy.com\/primero\/wp-content\/uploads\/2021\/10\/pic-1-6.jpg\" alt=\"\" class=\"wp-image-11866\" srcset=\"http:\/\/www.pasadenahoy.com\/primero\/wp-content\/uploads\/2021\/10\/pic-1-6.jpg 700w, http:\/\/www.pasadenahoy.com\/primero\/wp-content\/uploads\/2021\/10\/pic-1-6-300x162.jpg 300w, http:\/\/www.pasadenahoy.com\/primero\/wp-content\/uploads\/2021\/10\/pic-1-6-241x130.jpg 241w, http:\/\/www.pasadenahoy.com\/primero\/wp-content\/uploads\/2021\/10\/pic-1-6-333x180.jpg 333w, http:\/\/www.pasadenahoy.com\/primero\/wp-content\/uploads\/2021\/10\/pic-1-6-360x194.jpg 360w\" sizes=\"100vw\" \/><\/figure><\/figure>\n\n\n\n<p>En una reuni\u00f3n especial el jueves, la Junta Escolar de Pasadena est\u00e1 programada para revisar los planes del Distrito para gastar la tercera ronda de fondos federales que recibi\u00f3 bajo el programa federal de Ayuda de Emergencia para Escuelas Primarias y Secundarias (ESSER III).<\/p>\n\n\n\n<p>Seg\u00fan el informe del personal, de los $ 40,1 millones, $ 23.998.934 se asignar\u00e1n a estrategias para el aprendizaje en persona continuo y seguro, como servicios de salud, apoyo para modelos de estudio independiente continuo, equipo de protecci\u00f3n personal, filtros y purificadores de aire, arrendamiento de tiendas de campa\u00f1a y aumento de costos. del personal de transporte, conserjer\u00eda y apoyo, entre otros.<\/p>\n\n\n\n<p>Se utilizar\u00e1 un total de $ 15,478,367 para abordar la p\u00e9rdida de tiempo de instrucci\u00f3n, seg\u00fan el informe.<\/p>\n\n\n\n<p>Espec\u00edficamente, los fondos se destinar\u00e1n al enriquecimiento e integraci\u00f3n de la programaci\u00f3n art\u00edstica, laboratorios pivote, plataforma de evaluaci\u00f3n Edulastic, programas de recuperaci\u00f3n de cr\u00e9ditos, apoyos de verano K-5 y tutor\u00eda, entre otros.<\/p>\n\n\n\n<p>Se utilizar\u00e1 un total de $ 717,879 para esfuerzos de reclutamiento, aumento de costos en programaci\u00f3n de artes para CIS Academy y desarrollo profesional para apoyar la integraci\u00f3n de plataformas tecnol\u00f3gicas en la planificaci\u00f3n de lecciones, entre otros.<\/p>\n\n\n\n<p>Los distritos escolares, las oficinas de educaci\u00f3n del condado o las escuelas aut\u00f3nomas (LEA) que reciben fondos ESSER, en virtud de la Ley del Plan de Rescate Estadounidense, deben desarrollar un plan detallado sobre su uso.<\/p>\n\n\n\n<p>El plan debe ser adoptado por la junta escolar el 29 de octubre o antes.<\/p>\n\n\n\n<p>Mientras tanto, la junta escolar tambi\u00e9n discutir\u00e1 las actualizaciones con respecto a las pruebas COVID-19 y la vacunaci\u00f3n de los estudiantes y el personal del PUSD.<\/p>\n\n\n\n<p>Los planes fueron aprobados previamente a fines de agosto, cuando la junta vot\u00f3 por \u00faltima vez por unanimidad para requerir que el personal y los estudiantes elegibles para la vacunaci\u00f3n, o aquellos de 12 a\u00f1os o m\u00e1s, muestren prueba de su vacunaci\u00f3n o se realicen pruebas semanales. La junta escolar tambi\u00e9n aprob\u00f3 las pruebas semanales de los estudiantes menores de 12 a\u00f1os que a\u00fan no son elegibles para recibir una vacuna.<\/p>\n","protected":false},"excerpt":{"rendered":"<p>En una reuni\u00f3n especial el jueves, la Junta Escolar de Pasadena est\u00e1 programada para revisar los planes del Distrito para gastar la tercera ronda de fondos federales que recibi\u00f3 bajo el programa federal de Ayuda de Emergencia para Escuelas Primarias y Secundarias (ESSER III). Seg\u00fan el informe del personal, de los $ 40,1 millones, $ 23.998.934 se asignar\u00e1n a estrategias para el aprendizaje en persona continuo y seguro, como servicios de salud, apoyo para modelos de estudio independiente continuo, equipo [&hellip;]<\/p>\n","protected":false},"author":4,"featured_media":11866,"comment_status":"open","ping_status":"closed","sticky":false,"template":"","format":"standard","meta":[],"categories":[4],"tags":[],"acf":[],"_links":{"self":[{"href":"http:\/\/www.pasadenahoy.com\/primero\/wp-json\/wp\/v2\/posts\/11865"}],"collection":[{"href":"http:\/\/www.pasadenahoy.com\/primero\/wp-json\/wp\/v2\/posts"}],"about":[{"href":"http:\/\/www.pasadenahoy.com\/primero\/wp-json\/wp\/v2\/types\/post"}],"author":[{"embeddable":true,"href":"http:\/\/www.pasadenahoy.com\/primero\/wp-json\/wp\/v2\/users\/4"}],"replies":[{"embeddable":true,"href":"http:\/\/www.pasadenahoy.com\/primero\/wp-json\/wp\/v2\/comments?post=11865"}],"version-history":[{"count":2,"href":"http:\/\/www.pasadenahoy.com\/primero\/wp-json\/wp\/v2\/posts\/11865\/revisions"}],"predecessor-version":[{"id":11868,"href":"http:\/\/www.pasadenahoy.com\/primero\/wp-json\/wp\/v2\/posts\/11865\/revisions\/11868"}],"wp:featuredmedia":[{"embeddable":true,"href":"http:\/\/www.pasadenahoy.com\/primero\/wp-json\/wp\/v2\/media\/11866"}],"wp:attachment":[{"href":"http:\/\/www.pasadenahoy.com\/primero\/wp-json\/wp\/v2\/media?parent=11865"}],"wp:term":[{"taxonomy":"category","embeddable":true,"href":"http:\/\/www.pasadenahoy.com\/primero\/wp-json\/wp\/v2\/categories?post=11865"},{"taxonomy":"post_tag","embeddable":true,"href":"http:\/\/www.pasadenahoy.com\/primero\/wp-json\/wp\/v2\/tags?post=11865"}],"curies":[{"name":"wp","href":"https:\/\/api.w.org\/{rel}","templated":true}]}}