{"id":11873,"date":"2021-10-21T15:22:13","date_gmt":"2021-10-21T15:22:13","guid":{"rendered":"http:\/\/www.pasadenahoy.com\/primero\/?p=11873"},"modified":"2021-10-21T15:22:42","modified_gmt":"2021-10-21T15:22:42","slug":"los-nuevos-casos-de-covid-19-en-pasadena-permanecen-en-un-solo-digito","status":"publish","type":"post","link":"http:\/\/www.pasadenahoy.com\/primero\/la-comunidad\/los-nuevos-casos-de-covid-19-en-pasadena-permanecen-en-un-solo-digito\/","title":{"rendered":"Los nuevos casos de COVID-19 en Pasadena permanecen en un solo d\u00edgito"},"content":{"rendered":"\n<figure class=\"wp-block-image alignnone size-large\"><figure class=\"alignnone\"><img loading=\"lazy\" width=\"700\" height=\"378\" src=\"http:\/\/www.pasadenahoy.com\/primero\/wp-content\/uploads\/2021\/04\/Covid-Update-1-1-1-700x378-1.jpg\" alt=\"\" class=\"wp-image-7899\" srcset=\"http:\/\/www.pasadenahoy.com\/primero\/wp-content\/uploads\/2021\/04\/Covid-Update-1-1-1-700x378-1.jpg 700w, http:\/\/www.pasadenahoy.com\/primero\/wp-content\/uploads\/2021\/04\/Covid-Update-1-1-1-700x378-1-300x162.jpg 300w, http:\/\/www.pasadenahoy.com\/primero\/wp-content\/uploads\/2021\/04\/Covid-Update-1-1-1-700x378-1-241x130.jpg 241w, http:\/\/www.pasadenahoy.com\/primero\/wp-content\/uploads\/2021\/04\/Covid-Update-1-1-1-700x378-1-333x180.jpg 333w, http:\/\/www.pasadenahoy.com\/primero\/wp-content\/uploads\/2021\/04\/Covid-Update-1-1-1-700x378-1-360x194.jpg 360w\" sizes=\"100vw\" \/><\/figure><\/figure>\n\n\n\n<p>Las nuevas infecciones por COVID-19 en Pasadena no han aumentado de un solo d\u00edgito durante 11 d\u00edas seguidos, con seis nuevos casos reportados el mi\u00e9rcoles, dijeron las autoridades.<\/p>\n\n\n\n<p>El Departamento de Salud P\u00fablica de Pasadena no ha documentado muertes relacionadas con COVID-19 durante dos semanas completas.<\/p>\n\n\n\n<p>Las infecciones del jueves elevaron el total de Pasadena a 13.413 casos confirmados del virus, seg\u00fan datos de la ciudad. El n\u00famero de muertes se mantuvo en 363.<\/p>\n\n\n\n<p>El n\u00famero promedio de infecciones diarias durante la semana anterior fue de 7.3, mostraron los datos de PPHD.<\/p>\n\n\n\n<p>Los funcionarios del Distrito Escolar Unificado de Pasadena informaron 10 nuevas infecciones entre los estudiantes, as\u00ed como cuatro entre los miembros del personal, durante la semana anterior.<\/p>\n\n\n\n<p>El Hospital Huntington estaba tratando a 12 pacientes con COVID-19 el mi\u00e9rcoles, seg\u00fan muestran los registros. Cuatro de ellos estaban siendo tratados en unidades de cuidados intensivos.<\/p>\n\n\n\n<p>Los funcionarios de salud p\u00fablica del condado de Los \u00c1ngeles anunciaron 1.267 nuevos casos de COVID-19 y 31 muertes el mi\u00e9rcoles, lo que eleva el total de la pandemia a 1.480.656 infecciones y 26.473 muertes.<\/p>\n\n\n\n<p>Los hospitales del condado estaban tratando a 635 pacientes con COVID-19, dijo el Departamento de Salud P\u00fablica del Condado de Los \u00c1ngeles en una declaraci\u00f3n escrita. El veintiocho por ciento de ellos estaban siendo atendidos en UCI.<\/p>\n\n\n\n<p>La tasa de positividad de las pruebas en todo el condado del mi\u00e9rcoles se mantuvo estable en 0.9%.<\/p>\n\n\n\n<p>Mientras los Dodgers de Los \u00c1ngeles continuaban compitiendo en los Playoffs de las Grandes Ligas de B\u00e9isbol, la Directora de Salud P\u00fablica del Condado de Los \u00c1ngeles, Barbara Ferrer, inst\u00f3 una vez m\u00e1s a la vacunaci\u00f3n y el enmascaramiento para detener la propagaci\u00f3n del virus.<\/p>\n\n\n\n<p>\u201cSabemos que COVID-19 se propaga m\u00e1s f\u00e1cilmente en entornos donde las personas cantan y cantan juntas sin la m\u00e1scara puesta, como hacemos a menudo en fiestas o celebraciones. El riesgo es especialmente alto cuando estas actividades se realizan en interiores \u201d, dijo.<\/p>\n\n\n\n<p>\u201cMientras animamos a nuestros equipos, continuemos trabajando juntos para evitar un aumento invernal que nos obligue a dar pasos hacia atr\u00e1s en nuestro viaje de recuperaci\u00f3n. La mejor manera de hacerlo es vacun\u00e1ndose si planeamos ingresar a lugares donde existe un mayor riesgo de transmisi\u00f3n del virus \u201d.<\/p>\n\n\n\n<p>Los funcionarios del Departamento de Salud P\u00fablica de California informaron 3.070 infecciones adicionales y 156 muertes el mi\u00e9rcoles.<\/p>\n\n\n\n<p>La tasa de positividad semanal en todo el estado se calcul\u00f3 en 2.0%, seg\u00fan los datos del CDPH.<\/p>\n\n\n\n<p>Hasta el mi\u00e9rcoles, el condado de Los \u00c1ngeles representaba el 32% de los casos de COVID-19 de California y el 38% de las muertes del estado.<\/p>\n","protected":false},"excerpt":{"rendered":"<p>Las nuevas infecciones por COVID-19 en Pasadena no han aumentado de un solo d\u00edgito durante 11 d\u00edas seguidos, con seis nuevos casos reportados el mi\u00e9rcoles, dijeron las autoridades. El Departamento de Salud P\u00fablica de Pasadena no ha documentado muertes relacionadas con COVID-19 durante dos semanas completas. Las infecciones del jueves elevaron el total de Pasadena a 13.413 casos confirmados del virus, seg\u00fan datos de la ciudad. El n\u00famero de muertes se mantuvo en 363. El n\u00famero promedio de infecciones diarias [&hellip;]<\/p>\n","protected":false},"author":4,"featured_media":7899,"comment_status":"open","ping_status":"closed","sticky":false,"template":"","format":"standard","meta":[],"categories":[4],"tags":[],"acf":[],"_links":{"self":[{"href":"http:\/\/www.pasadenahoy.com\/primero\/wp-json\/wp\/v2\/posts\/11873"}],"collection":[{"href":"http:\/\/www.pasadenahoy.com\/primero\/wp-json\/wp\/v2\/posts"}],"about":[{"href":"http:\/\/www.pasadenahoy.com\/primero\/wp-json\/wp\/v2\/types\/post"}],"author":[{"embeddable":true,"href":"http:\/\/www.pasadenahoy.com\/primero\/wp-json\/wp\/v2\/users\/4"}],"replies":[{"embeddable":true,"href":"http:\/\/www.pasadenahoy.com\/primero\/wp-json\/wp\/v2\/comments?post=11873"}],"version-history":[{"count":3,"href":"http:\/\/www.pasadenahoy.com\/primero\/wp-json\/wp\/v2\/posts\/11873\/revisions"}],"predecessor-version":[{"id":11876,"href":"http:\/\/www.pasadenahoy.com\/primero\/wp-json\/wp\/v2\/posts\/11873\/revisions\/11876"}],"wp:featuredmedia":[{"embeddable":true,"href":"http:\/\/www.pasadenahoy.com\/primero\/wp-json\/wp\/v2\/media\/7899"}],"wp:attachment":[{"href":"http:\/\/www.pasadenahoy.com\/primero\/wp-json\/wp\/v2\/media?parent=11873"}],"wp:term":[{"taxonomy":"category","embeddable":true,"href":"http:\/\/www.pasadenahoy.com\/primero\/wp-json\/wp\/v2\/categories?post=11873"},{"taxonomy":"post_tag","embeddable":true,"href":"http:\/\/www.pasadenahoy.com\/primero\/wp-json\/wp\/v2\/tags?post=11873"}],"curies":[{"name":"wp","href":"https:\/\/api.w.org\/{rel}","templated":true}]}}