{"id":11881,"date":"2021-10-21T15:33:35","date_gmt":"2021-10-21T15:33:35","guid":{"rendered":"http:\/\/www.pasadenahoy.com\/primero\/?p=11881"},"modified":"2021-10-21T15:33:38","modified_gmt":"2021-10-21T15:33:38","slug":"peaton-robado-a-punta-de-pistola-en-pasadena","status":"publish","type":"post","link":"http:\/\/www.pasadenahoy.com\/primero\/la-comunidad\/peaton-robado-a-punta-de-pistola-en-pasadena\/","title":{"rendered":"Peat\u00f3n robado a punta de pistola en Pasadena"},"content":{"rendered":"\n<figure class=\"wp-block-image alignnone size-large\"><figure class=\"alignnone\"><img loading=\"lazy\" width=\"700\" height=\"378\" src=\"http:\/\/www.pasadenahoy.com\/primero\/wp-content\/uploads\/2021\/10\/pic-5-3.png\" alt=\"\" class=\"wp-image-11882\" srcset=\"http:\/\/www.pasadenahoy.com\/primero\/wp-content\/uploads\/2021\/10\/pic-5-3.png 700w, http:\/\/www.pasadenahoy.com\/primero\/wp-content\/uploads\/2021\/10\/pic-5-3-300x162.png 300w, http:\/\/www.pasadenahoy.com\/primero\/wp-content\/uploads\/2021\/10\/pic-5-3-241x130.png 241w, http:\/\/www.pasadenahoy.com\/primero\/wp-content\/uploads\/2021\/10\/pic-5-3-333x180.png 333w, http:\/\/www.pasadenahoy.com\/primero\/wp-content\/uploads\/2021\/10\/pic-5-3-360x194.png 360w\" sizes=\"100vw\" \/><figcaption><span class=\"caption-text\">\u00a9 Colaboradores de OpenStreetMap<\/span><\/figcaption><\/figure><\/figure>\n\n\n\n<p>Un hombre fue asaltado a punta de pistola en Pasadena el martes por la noche mientras caminaba por San Gabriel Boulevard, dijo la polic\u00eda.<\/p>\n\n\n\n<p>El crimen tuvo lugar poco despu\u00e9s de las 11 p.m. mientras la v\u00edctima, descrita como un hombre de unos 40 a\u00f1os, caminaba hacia el sur por una acera, dijo el teniente de la polic\u00eda de Pasadena, Sean Dawkins.<\/p>\n\n\n\n<p>Una camioneta pas\u00f3 junto a \u00e9l, hizo un giro en U y luego se detuvo junto a la v\u00edctima, seg\u00fan el teniente.<\/p>\n\n\n\n<p>El conductor sali\u00f3, blandi\u00f3 una pistola y exigi\u00f3 que la v\u00edctima entregara su propiedad, dijo Dawkins. La v\u00edctima renunci\u00f3 a su billetera y tel\u00e9fono celular.<\/p>\n\n\n\n<p>La polic\u00eda dijo que el ladr\u00f3n regres\u00f3 al cami\u00f3n y fue visto por \u00faltima vez conduciendo hacia el norte por San Gabriel Boulevard.<\/p>\n\n\n\n<p>Fue descrito como un hombre latino corpulento de unos 40 a\u00f1os con cabello blanco y barba blanca. Llevaba una pistola negra y conduc\u00eda una camioneta gris de cuatro puertas, modelo m\u00e1s nuevo.<\/p>\n\n\n\n<p>La v\u00edctima no result\u00f3 herida.<\/p>\n\n\n\n<p>Cualquier persona que tenga informaci\u00f3n puede comunicarse con el Departamento de Polic\u00eda de Pasadena al (626) 755-4501. Las pistas tambi\u00e9n se pueden enviar de forma an\u00f3nima a <a href=\"http:\/\/L.A. Regional Crime Stoppers\">L.A. Regional Crime Stoppers<\/a> al (800) 222-8477.<\/p>\n","protected":false},"excerpt":{"rendered":"<p>Un hombre fue asaltado a punta de pistola en Pasadena el martes por la noche mientras caminaba por San Gabriel Boulevard, dijo la polic\u00eda. El crimen tuvo lugar poco despu\u00e9s de las 11 p.m. mientras la v\u00edctima, descrita como un hombre de unos 40 a\u00f1os, caminaba hacia el sur por una acera, dijo el teniente de la polic\u00eda de Pasadena, Sean Dawkins. Una camioneta pas\u00f3 junto a \u00e9l, hizo un giro en U y luego se detuvo junto a la [&hellip;]<\/p>\n","protected":false},"author":4,"featured_media":0,"comment_status":"open","ping_status":"closed","sticky":false,"template":"","format":"standard","meta":[],"categories":[4],"tags":[],"acf":[],"_links":{"self":[{"href":"http:\/\/www.pasadenahoy.com\/primero\/wp-json\/wp\/v2\/posts\/11881"}],"collection":[{"href":"http:\/\/www.pasadenahoy.com\/primero\/wp-json\/wp\/v2\/posts"}],"about":[{"href":"http:\/\/www.pasadenahoy.com\/primero\/wp-json\/wp\/v2\/types\/post"}],"author":[{"embeddable":true,"href":"http:\/\/www.pasadenahoy.com\/primero\/wp-json\/wp\/v2\/users\/4"}],"replies":[{"embeddable":true,"href":"http:\/\/www.pasadenahoy.com\/primero\/wp-json\/wp\/v2\/comments?post=11881"}],"version-history":[{"count":2,"href":"http:\/\/www.pasadenahoy.com\/primero\/wp-json\/wp\/v2\/posts\/11881\/revisions"}],"predecessor-version":[{"id":11884,"href":"http:\/\/www.pasadenahoy.com\/primero\/wp-json\/wp\/v2\/posts\/11881\/revisions\/11884"}],"wp:attachment":[{"href":"http:\/\/www.pasadenahoy.com\/primero\/wp-json\/wp\/v2\/media?parent=11881"}],"wp:term":[{"taxonomy":"category","embeddable":true,"href":"http:\/\/www.pasadenahoy.com\/primero\/wp-json\/wp\/v2\/categories?post=11881"},{"taxonomy":"post_tag","embeddable":true,"href":"http:\/\/www.pasadenahoy.com\/primero\/wp-json\/wp\/v2\/tags?post=11881"}],"curies":[{"name":"wp","href":"https:\/\/api.w.org\/{rel}","templated":true}]}}