{"id":11885,"date":"2021-10-21T15:41:08","date_gmt":"2021-10-21T15:41:08","guid":{"rendered":"http:\/\/www.pasadenahoy.com\/primero\/?p=11885"},"modified":"2021-10-21T15:41:09","modified_gmt":"2021-10-21T15:41:09","slug":"la-policia-planifica-la-campana-de-cumplimiento-de-la-seguridad-de-ciclistas-y-peatones-el-viernes","status":"publish","type":"post","link":"http:\/\/www.pasadenahoy.com\/primero\/la-comunidad\/la-policia-planifica-la-campana-de-cumplimiento-de-la-seguridad-de-ciclistas-y-peatones-el-viernes\/","title":{"rendered":"La polic\u00eda planifica la campa\u00f1a de cumplimiento de la seguridad de ciclistas y peatones el viernes"},"content":{"rendered":"\n<figure class=\"wp-block-image alignnone size-large\"><figure class=\"alignnone\"><img loading=\"lazy\" width=\"700\" height=\"378\" src=\"http:\/\/www.pasadenahoy.com\/primero\/wp-content\/uploads\/2021\/10\/pic-6-7.jpg\" alt=\"\" class=\"wp-image-11886\" srcset=\"http:\/\/www.pasadenahoy.com\/primero\/wp-content\/uploads\/2021\/10\/pic-6-7.jpg 700w, http:\/\/www.pasadenahoy.com\/primero\/wp-content\/uploads\/2021\/10\/pic-6-7-300x162.jpg 300w, http:\/\/www.pasadenahoy.com\/primero\/wp-content\/uploads\/2021\/10\/pic-6-7-241x130.jpg 241w, http:\/\/www.pasadenahoy.com\/primero\/wp-content\/uploads\/2021\/10\/pic-6-7-333x180.jpg 333w, http:\/\/www.pasadenahoy.com\/primero\/wp-content\/uploads\/2021\/10\/pic-6-7-360x194.jpg 360w\" sizes=\"100vw\" \/><\/figure><\/figure>\n\n\n\n<p>Los oficiales de polic\u00eda de Pasadena est\u00e1n planeando una campa\u00f1a especial de cumplimiento el viernes para mejorar la seguridad de ciclistas y peatones, dijeron las autoridades.<\/p>\n\n\n\n<p>La operaci\u00f3n de aplicaci\u00f3n de la ley se llevar\u00e1 a cabo en toda la ciudad, dijo la polic\u00eda en una declaraci\u00f3n escrita.<\/p>\n\n\n\n<p>\u201cEl Departamento de Polic\u00eda de Pasadena reconoce la necesidad de proteger al p\u00fablico al buscar violaciones cometidas por ciclistas, conductores y peatones que hacen que las carreteras sean inseguras. Estas infracciones incluyen a los conductores que conducen a exceso de velocidad, hacen giros ilegales, no ceden el paso a los peatones en los cruces de peatones, no se detienen ante las se\u00f1ales y se\u00f1ales o cualquier otra infracci\u00f3n de tr\u00e1fico por parte de ciclistas o peatones \u201d, dice el comunicado.<\/p>\n\n\n\n<p>\u201cPara protegerlo a usted ya su familia, queremos asegurarnos de que todos sigan las reglas que los mantienen seguros\u201d, agreg\u00f3 el teniente Anthony Russo.<\/p>\n\n\n\n<p>La polic\u00eda ha investigado cinco colisiones mortales y 82 colisiones con lesiones que involucran a ciclistas o peatones este a\u00f1o, dijeron las autoridades.<\/p>\n\n\n\n<p>Los fondos para la campa\u00f1a del viernes son provistos por la Oficina de Seguridad del Tr\u00e1fico de California, a trav\u00e9s de la Administraci\u00f3n Nacional de Seguridad del Tr\u00e1fico en las Carreteras.<\/p>\n","protected":false},"excerpt":{"rendered":"<p>Los oficiales de polic\u00eda de Pasadena est\u00e1n planeando una campa\u00f1a especial de cumplimiento el viernes para mejorar la seguridad de ciclistas y peatones, dijeron las autoridades. La operaci\u00f3n de aplicaci\u00f3n de la ley se llevar\u00e1 a cabo en toda la ciudad, dijo la polic\u00eda en una declaraci\u00f3n escrita. \u201cEl Departamento de Polic\u00eda de Pasadena reconoce la necesidad de proteger al p\u00fablico al buscar violaciones cometidas por ciclistas, conductores y peatones que hacen que las carreteras sean inseguras. Estas infracciones incluyen [&hellip;]<\/p>\n","protected":false},"author":4,"featured_media":0,"comment_status":"open","ping_status":"closed","sticky":false,"template":"","format":"standard","meta":[],"categories":[4],"tags":[],"acf":[],"_links":{"self":[{"href":"http:\/\/www.pasadenahoy.com\/primero\/wp-json\/wp\/v2\/posts\/11885"}],"collection":[{"href":"http:\/\/www.pasadenahoy.com\/primero\/wp-json\/wp\/v2\/posts"}],"about":[{"href":"http:\/\/www.pasadenahoy.com\/primero\/wp-json\/wp\/v2\/types\/post"}],"author":[{"embeddable":true,"href":"http:\/\/www.pasadenahoy.com\/primero\/wp-json\/wp\/v2\/users\/4"}],"replies":[{"embeddable":true,"href":"http:\/\/www.pasadenahoy.com\/primero\/wp-json\/wp\/v2\/comments?post=11885"}],"version-history":[{"count":2,"href":"http:\/\/www.pasadenahoy.com\/primero\/wp-json\/wp\/v2\/posts\/11885\/revisions"}],"predecessor-version":[{"id":11888,"href":"http:\/\/www.pasadenahoy.com\/primero\/wp-json\/wp\/v2\/posts\/11885\/revisions\/11888"}],"wp:attachment":[{"href":"http:\/\/www.pasadenahoy.com\/primero\/wp-json\/wp\/v2\/media?parent=11885"}],"wp:term":[{"taxonomy":"category","embeddable":true,"href":"http:\/\/www.pasadenahoy.com\/primero\/wp-json\/wp\/v2\/categories?post=11885"},{"taxonomy":"post_tag","embeddable":true,"href":"http:\/\/www.pasadenahoy.com\/primero\/wp-json\/wp\/v2\/tags?post=11885"}],"curies":[{"name":"wp","href":"https:\/\/api.w.org\/{rel}","templated":true}]}}