{"id":11902,"date":"2021-10-22T15:15:14","date_gmt":"2021-10-22T15:15:14","guid":{"rendered":"http:\/\/www.pasadenahoy.com\/primero\/?p=11902"},"modified":"2021-10-22T15:15:16","modified_gmt":"2021-10-22T15:15:16","slug":"comision-de-supervision-de-la-policia-celebrara-su-primera-reunion-el-martes","status":"publish","type":"post","link":"http:\/\/www.pasadenahoy.com\/primero\/la-comunidad\/comision-de-supervision-de-la-policia-celebrara-su-primera-reunion-el-martes\/","title":{"rendered":"Comisi\u00f3n de Supervisi\u00f3n de la Polic\u00eda celebrar\u00e1 su primera reuni\u00f3n el martes"},"content":{"rendered":"\n<figure class=\"wp-block-image alignnone size-large\"><figure class=\"alignnone\"><img loading=\"lazy\" width=\"700\" height=\"378\" src=\"http:\/\/www.pasadenahoy.com\/primero\/wp-content\/uploads\/2021\/10\/pic3-1.png\" alt=\"\" class=\"wp-image-11903\" srcset=\"http:\/\/www.pasadenahoy.com\/primero\/wp-content\/uploads\/2021\/10\/pic3-1.png 700w, http:\/\/www.pasadenahoy.com\/primero\/wp-content\/uploads\/2021\/10\/pic3-1-300x162.png 300w, http:\/\/www.pasadenahoy.com\/primero\/wp-content\/uploads\/2021\/10\/pic3-1-241x130.png 241w, http:\/\/www.pasadenahoy.com\/primero\/wp-content\/uploads\/2021\/10\/pic3-1-333x180.png 333w, http:\/\/www.pasadenahoy.com\/primero\/wp-content\/uploads\/2021\/10\/pic3-1-360x194.png 360w\" sizes=\"100vw\" \/><\/figure><\/figure>\n\n\n\n<p>La Comisi\u00f3n de Supervisi\u00f3n de la Polic\u00eda de la ciudad celebrar\u00e1 su primera reuni\u00f3n a trav\u00e9s de Zoom a las 6 p.m. Martes.<\/p>\n\n\n\n<p>La primera reuni\u00f3n de la comisi\u00f3n de 11 miembros incluir\u00e1 comentarios del administrador de la ciudad Steve Mermell y el alcalde Victor Gordo.<\/p>\n\n\n\n<p>La reuni\u00f3n tambi\u00e9n incluir\u00e1 presentaciones sobre el proceso de la reuni\u00f3n general del Auditor Independiente de la Polic\u00eda, Brian Maxey. Maxey tambi\u00e9n servir\u00e1 como asesor de mejores pr\u00e1cticas para la comisi\u00f3n. La abogada municipal Michele Beal Bagneris tambi\u00e9n har\u00e1 una presentaci\u00f3n.<\/p>\n\n\n\n<p>La comisi\u00f3n tambi\u00e9n se ocupar\u00e1 de cuestiones organizativas generales, como la selecci\u00f3n de un presidente y un vicepresidente y la fijaci\u00f3n del d\u00eda y la hora habituales de la reuni\u00f3n.<\/p>\n\n\n\n<p>La comisi\u00f3n no puede aceptar casos que est\u00e9n siendo investigados por la ciudad o el Departamento de Polic\u00eda.<\/p>\n\n\n\n<p>Adem\u00e1s, la comisi\u00f3n deber\u00e1 obedecer todas las leyes de personal.<\/p>\n\n\n\n<p>El mes pasado, los miembros de la comisi\u00f3n dijeron que a\u00fan no est\u00e1 claro qu\u00e9 papel desempe\u00f1ar\u00e1 la junta ciudadana y c\u00f3mo funcionar\u00e1.<\/p>\n\n\n\n<p>Los pedidos de una comisi\u00f3n de supervisi\u00f3n de la polic\u00eda civil se remontan a principios de la d\u00e9cada de 1990 despu\u00e9s de que la absoluci\u00f3n de los cuatro agentes de polic\u00eda de Los \u00c1ngeles que golpearon a Rodney King de Altadena en 1992 desencaden\u00f3 los disturbios de Los \u00c1ngeles.<\/p>\n\n\n\n<p>Despu\u00e9s de los disturbios, los residentes locales Meta McCullough y Karen Hooks Roon encabezaron los llamamientos para una comisi\u00f3n de supervisi\u00f3n civil, pero esos llamamientos cayeron en o\u00eddos sordos en el Ayuntamiento.<\/p>\n\n\n\n<p>Un a\u00f1o m\u00e1s tarde, la muerte del popular barbero local Michael Bryant, involucrado por un oficial, quien fue asesinado luego de una persecuci\u00f3n policial, reaviv\u00f3 el debate.<\/p>\n\n\n\n<p>El problema volvi\u00f3 despu\u00e9s de las muertes de Maurice Clark y LaMont Robinson, involucradas por oficiales, quienes murieron con 10 d\u00edas de diferencia en incidentes relacionados con oficiales en 2004.<\/p>\n\n\n\n<p>El tema volvi\u00f3 a debatirse en 2012 despu\u00e9s de la muerte a tiros de Kendrec McDade, de 19 a\u00f1os, involucrada por un oficial.<\/p>\n\n\n\n<p>Ir\u00f3nicamente, un incidente en las afueras de Pasadena result\u00f3 ser un momento decisivo.<\/p>\n\n\n\n<p>Al igual que la golpiza policial a Rodney King, la muerte del automovilista de Minnesota George Floyd oblig\u00f3 a muchos residentes blancos a reconocer que exist\u00edan problemas policiales en todo el pa\u00eds y finalmente hizo que el Ayuntamiento de Pasadena aprobara una comisi\u00f3n de supervisi\u00f3n policial y un auditor policial independiente.<\/p>\n\n\n\n<p>El consejo de Pasadena vot\u00f3 un\u00e1nimemente para crear la Comisi\u00f3n por ordenanza en octubre de 2020. El prop\u00f3sito de la comisi\u00f3n es &#8220;mejorar, desarrollar y fortalecer las relaciones entre la comunidad y la polic\u00eda y revisar y hacer recomendaciones sobre las operaciones en curso del departamento de polic\u00eda&#8221;.<\/p>\n\n\n\n<p>Se esperaba que la agenda de la reuni\u00f3n se publicara el jueves.<\/p>\n","protected":false},"excerpt":{"rendered":"<p>La Comisi\u00f3n de Supervisi\u00f3n de la Polic\u00eda de la ciudad celebrar\u00e1 su primera reuni\u00f3n a trav\u00e9s de Zoom a las 6 p.m. Martes. La primera reuni\u00f3n de la comisi\u00f3n de 11 miembros incluir\u00e1 comentarios del administrador de la ciudad Steve Mermell y el alcalde Victor Gordo. La reuni\u00f3n tambi\u00e9n incluir\u00e1 presentaciones sobre el proceso de la reuni\u00f3n general del Auditor Independiente de la Polic\u00eda, Brian Maxey. Maxey tambi\u00e9n servir\u00e1 como asesor de mejores pr\u00e1cticas para la comisi\u00f3n. La abogada municipal [&hellip;]<\/p>\n","protected":false},"author":4,"featured_media":11903,"comment_status":"open","ping_status":"closed","sticky":false,"template":"","format":"standard","meta":[],"categories":[4],"tags":[],"acf":[],"_links":{"self":[{"href":"http:\/\/www.pasadenahoy.com\/primero\/wp-json\/wp\/v2\/posts\/11902"}],"collection":[{"href":"http:\/\/www.pasadenahoy.com\/primero\/wp-json\/wp\/v2\/posts"}],"about":[{"href":"http:\/\/www.pasadenahoy.com\/primero\/wp-json\/wp\/v2\/types\/post"}],"author":[{"embeddable":true,"href":"http:\/\/www.pasadenahoy.com\/primero\/wp-json\/wp\/v2\/users\/4"}],"replies":[{"embeddable":true,"href":"http:\/\/www.pasadenahoy.com\/primero\/wp-json\/wp\/v2\/comments?post=11902"}],"version-history":[{"count":2,"href":"http:\/\/www.pasadenahoy.com\/primero\/wp-json\/wp\/v2\/posts\/11902\/revisions"}],"predecessor-version":[{"id":11905,"href":"http:\/\/www.pasadenahoy.com\/primero\/wp-json\/wp\/v2\/posts\/11902\/revisions\/11905"}],"wp:featuredmedia":[{"embeddable":true,"href":"http:\/\/www.pasadenahoy.com\/primero\/wp-json\/wp\/v2\/media\/11903"}],"wp:attachment":[{"href":"http:\/\/www.pasadenahoy.com\/primero\/wp-json\/wp\/v2\/media?parent=11902"}],"wp:term":[{"taxonomy":"category","embeddable":true,"href":"http:\/\/www.pasadenahoy.com\/primero\/wp-json\/wp\/v2\/categories?post=11902"},{"taxonomy":"post_tag","embeddable":true,"href":"http:\/\/www.pasadenahoy.com\/primero\/wp-json\/wp\/v2\/tags?post=11902"}],"curies":[{"name":"wp","href":"https:\/\/api.w.org\/{rel}","templated":true}]}}