{"id":11906,"date":"2021-10-22T15:19:09","date_gmt":"2021-10-22T15:19:09","guid":{"rendered":"http:\/\/www.pasadenahoy.com\/primero\/?p=11906"},"modified":"2021-10-22T15:19:12","modified_gmt":"2021-10-22T15:19:12","slug":"funcionarios-de-salud-del-condado-de-los-angeles-y-pasadena-preparados-para-administrar-las-vacunas-de-refuerzo-de-la-vacuna-covid-19-de-moderna-jj","status":"publish","type":"post","link":"http:\/\/www.pasadenahoy.com\/primero\/la-comunidad\/funcionarios-de-salud-del-condado-de-los-angeles-y-pasadena-preparados-para-administrar-las-vacunas-de-refuerzo-de-la-vacuna-covid-19-de-moderna-jj\/","title":{"rendered":"Funcionarios de salud del condado de Los \u00c1ngeles y Pasadena preparados para administrar las vacunas de refuerzo de la vacuna COVID-19 de Moderna, J&#038;J"},"content":{"rendered":"\n<figure class=\"wp-block-image alignnone size-large\"><figure class=\"alignnone\"><img loading=\"lazy\" width=\"700\" height=\"378\" src=\"http:\/\/www.pasadenahoy.com\/primero\/wp-content\/uploads\/2021\/10\/pic4-2.jpg\" alt=\"\" class=\"wp-image-11907\" srcset=\"http:\/\/www.pasadenahoy.com\/primero\/wp-content\/uploads\/2021\/10\/pic4-2.jpg 700w, http:\/\/www.pasadenahoy.com\/primero\/wp-content\/uploads\/2021\/10\/pic4-2-300x162.jpg 300w, http:\/\/www.pasadenahoy.com\/primero\/wp-content\/uploads\/2021\/10\/pic4-2-241x130.jpg 241w, http:\/\/www.pasadenahoy.com\/primero\/wp-content\/uploads\/2021\/10\/pic4-2-333x180.jpg 333w, http:\/\/www.pasadenahoy.com\/primero\/wp-content\/uploads\/2021\/10\/pic4-2-360x194.jpg 360w\" sizes=\"100vw\" \/><figcaption><span class=\"caption-text\">[Im\u00e1genes: Shutterstock]<\/span><\/figcaption><\/figure><\/figure>\n\n\n\n<p>Con la aprobaci\u00f3n federal de las inyecciones de refuerzo de COVID-19 de las formulaciones de Moderna y Johnson &amp; Johnson que se esperaban para cualquier d\u00eda, uni\u00e9ndose a las inyecciones de refuerzo de Pfizer ya aprobadas, los funcionarios de salud p\u00fablica tanto del condado de Los \u00c1ngeles como de Pasadena estaban listos para comenzar a administrar las dosis tan pronto como los EE. UU. Los Centros para el Control y la Prevenci\u00f3n de Enfermedades emiten el visto bueno, dijeron las autoridades el jueves.<\/p>\n\n\n\n<p>El Comit\u00e9 Asesor de Pr\u00e1cticas de Inmunizaci\u00f3n de los CDC recomend\u00f3 la aprobaci\u00f3n de ambas formulaciones el jueves, siguiendo una recomendaci\u00f3n similar de la Administraci\u00f3n de Drogas y Alimentos de EE. UU. A principios de semana.<\/p>\n\n\n\n<p>Los funcionarios de salud locales dijeron que ya ten\u00edan planes para hacer que los refuerzos est\u00e9n ampliamente disponibles.<\/p>\n\n\n\n<p>&#8220;Una vez que el director de los CDC proporcione su aprobaci\u00f3n final, los proveedores de todo el condado podr\u00e1n administrar dosis adicionales&#8221;, seg\u00fan una declaraci\u00f3n del Departamento de Salud P\u00fablica del Condado de Los \u00c1ngeles.<\/p>\n\n\n\n<p>El Departamento de Salud P\u00fablica de Pasadena tambi\u00e9n se puso de pie para comenzar, dijo la portavoz de la ciudad Lisa Derderian.<\/p>\n\n\n\n<p>&#8220;Tenemos la infraestructura para comenzar de inmediato&#8221;, dijo.<\/p>\n\n\n\n<p>Los funcionarios del condado dijeron que proporcionar las primeras dosis a los residentes no vacunados segu\u00eda siendo la principal prioridad para combatir la propagaci\u00f3n del virus.<\/p>\n\n\n\n<p>Seg\u00fan las pautas propuestas por los CDC y la FDA, las personas pueden elegir una formulaci\u00f3n de vacuna diferente para los refuerzos que aquellos con los que se inocularon inicialmente.<\/p>\n\n\n\n<p>Sin embargo, la elegibilidad var\u00eda seg\u00fan la vacuna que se recibi\u00f3 inicialmente.<\/p>\n\n\n\n<p>Cualquiera que reciba la vacuna Johnson &amp; Johnson ser\u00eda elegible para un refuerzo dos meses despu\u00e9s de su vacunaci\u00f3n inicial, seg\u00fan el Departamento de Salud P\u00fablica del Condado de Los \u00c1ngeles.<\/p>\n\n\n\n<p>\u201cMientras tanto, la elegibilidad de refuerzo para aquellos que recibieron Pfizer o Moderna se limita actualmente a las personas que recibieron su serie primaria hace al menos seis meses y que tienen 65 a\u00f1os o m\u00e1s o tienen m\u00e1s de 18 y viven en entornos de atenci\u00f3n a largo plazo, tienen antecedentes m\u00e9dicos subyacentes. condiciones, o trabajar o vivir en entornos de alto riesgo \u201d, seg\u00fan la declaraci\u00f3n del condado.<\/p>\n\n\n\n<p>Adem\u00e1s, los funcionarios de salud de Southland tambi\u00e9n se estaban preparando para una determinaci\u00f3n federal sobre posibles vacunas para ni\u00f1os de 5 a 11 a\u00f1os, que se esperaba para principios de noviembre.<\/p>\n\n\n\n<p>\u201cUna enorme red de proveedores en todo el condado se est\u00e1 ampliando para proporcionar vacunas a ni\u00f1os de entre 5 y 11 a\u00f1os\u201d, dice el comunicado.<\/p>\n\n\n\n<p>Los funcionarios de salud de Pasadena informaron nueve nuevas infecciones por COVID-19 y ninguna muerte el jueves. Los totales pand\u00e9micos de la ciudad se situaron en 13.422 casos confirmados del virus y 363 muertes.<\/p>\n\n\n\n<p>Se detectaron un promedio de 7,6 infecciones diarias en Pasadena durante la semana anterior, seg\u00fan datos de PPDH.<\/p>\n\n\n\n<p>El Distrito Escolar Unificado de Pasadena document\u00f3 10 infecciones de estudiantes durante la semana anterior y cuatro entre los miembros del personal.<\/p>\n\n\n\n<p>El condado de Los \u00c1ngeles vio otros 1,167 casos de COVID-19 y 27 muertes, lo que eleva el total a 1,481,814 infecciones y 26,499 muertes, dijeron las autoridades.<\/p>\n\n\n\n<p>El n\u00famero de pacientes COVID-19 hospitalizados fue de 613, de los cuales el 29% fueron tratados en unidades de cuidados intensivos.<\/p>\n\n\n\n<p>La tasa de positividad de la prueba diaria en todo el condado del jueves se mantuvo estable en 0.9%, seg\u00fan los registros de LACDPH.<\/p>\n\n\n\n<p>&#8220;En general, el condado sigue experimentando una peque\u00f1a disminuci\u00f3n en todas las m\u00e9tricas&#8221;, dijo el comunicado. &#8220;El n\u00famero promedio diario de casos es de 828 al 13 de octubre, un 18% menos que la semana anterior, mientras que el promedio diario de hospitalizaciones disminuy\u00f3 un 14% para llegar a 676, y el promedio diario de muertes est\u00e1 por debajo de 10, ahora a ocho por d\u00eda&#8221;.<\/p>\n\n\n\n<p>La gran mayor\u00eda de las infecciones y hospitalizaciones continuaron afectando a las personas no vacunadas, quienes seg\u00fan los funcionarios del condado ten\u00edan seis veces m\u00e1s probabilidades de infectarse que las vacunadas, as\u00ed como 23 veces m\u00e1s probabilidades de ser hospitalizadas y 43 veces m\u00e1s probabilidades de morir a causa de la enfermedad. virus.<\/p>\n\n\n\n<p>El Departamento de Salud P\u00fablica de California inform\u00f3 el jueves 5,124 nuevos casos de COVID-19 y 148 muertes, lo que elev\u00f3 los totales del estado a 4,600,506 infecciones y 70,741 muertes.<\/p>\n\n\n\n<p>La tasa de positividad semanal en todo el estado se midi\u00f3 en 2.1%, seg\u00fan datos del CDPH.<\/p>\n\n\n\n<p>Hasta el jueves, el condado de Los \u00c1ngeles representaba el 32% de las infecciones por COVID-19 de California y el 37% de las muertes del estado.<\/p>\n","protected":false},"excerpt":{"rendered":"<p>Con la aprobaci\u00f3n federal de las inyecciones de refuerzo de COVID-19 de las formulaciones de Moderna y Johnson &amp; Johnson que se esperaban para cualquier d\u00eda, uni\u00e9ndose a las inyecciones de refuerzo de Pfizer ya aprobadas, los funcionarios de salud p\u00fablica tanto del condado de Los \u00c1ngeles como de Pasadena estaban listos para comenzar a administrar las dosis tan pronto como los EE. UU. Los Centros para el Control y la Prevenci\u00f3n de Enfermedades emiten el visto bueno, dijeron las [&hellip;]<\/p>\n","protected":false},"author":4,"featured_media":0,"comment_status":"open","ping_status":"closed","sticky":false,"template":"","format":"standard","meta":[],"categories":[4],"tags":[],"acf":[],"_links":{"self":[{"href":"http:\/\/www.pasadenahoy.com\/primero\/wp-json\/wp\/v2\/posts\/11906"}],"collection":[{"href":"http:\/\/www.pasadenahoy.com\/primero\/wp-json\/wp\/v2\/posts"}],"about":[{"href":"http:\/\/www.pasadenahoy.com\/primero\/wp-json\/wp\/v2\/types\/post"}],"author":[{"embeddable":true,"href":"http:\/\/www.pasadenahoy.com\/primero\/wp-json\/wp\/v2\/users\/4"}],"replies":[{"embeddable":true,"href":"http:\/\/www.pasadenahoy.com\/primero\/wp-json\/wp\/v2\/comments?post=11906"}],"version-history":[{"count":2,"href":"http:\/\/www.pasadenahoy.com\/primero\/wp-json\/wp\/v2\/posts\/11906\/revisions"}],"predecessor-version":[{"id":11909,"href":"http:\/\/www.pasadenahoy.com\/primero\/wp-json\/wp\/v2\/posts\/11906\/revisions\/11909"}],"wp:attachment":[{"href":"http:\/\/www.pasadenahoy.com\/primero\/wp-json\/wp\/v2\/media?parent=11906"}],"wp:term":[{"taxonomy":"category","embeddable":true,"href":"http:\/\/www.pasadenahoy.com\/primero\/wp-json\/wp\/v2\/categories?post=11906"},{"taxonomy":"post_tag","embeddable":true,"href":"http:\/\/www.pasadenahoy.com\/primero\/wp-json\/wp\/v2\/tags?post=11906"}],"curies":[{"name":"wp","href":"https:\/\/api.w.org\/{rel}","templated":true}]}}