{"id":11914,"date":"2021-10-22T15:35:12","date_gmt":"2021-10-22T15:35:12","guid":{"rendered":"http:\/\/www.pasadenahoy.com\/primero\/?p=11914"},"modified":"2021-10-22T15:35:14","modified_gmt":"2021-10-22T15:35:14","slug":"la-policia-de-pasadena-se-unira-al-dia-nacional-de-devolucion-de-medicamentos-recetados","status":"publish","type":"post","link":"http:\/\/www.pasadenahoy.com\/primero\/la-comunidad\/la-policia-de-pasadena-se-unira-al-dia-nacional-de-devolucion-de-medicamentos-recetados\/","title":{"rendered":"La polic\u00eda de Pasadena se unir\u00e1 al d\u00eda nacional de devoluci\u00f3n de medicamentos recetados"},"content":{"rendered":"\n<figure class=\"wp-block-image alignnone size-large\"><figure class=\"alignnone\"><img loading=\"lazy\" width=\"740\" height=\"400\" src=\"http:\/\/www.pasadenahoy.com\/primero\/wp-content\/uploads\/2021\/10\/pic-6-9.jpg\" alt=\"\" class=\"wp-image-11916\" srcset=\"http:\/\/www.pasadenahoy.com\/primero\/wp-content\/uploads\/2021\/10\/pic-6-9.jpg 740w, http:\/\/www.pasadenahoy.com\/primero\/wp-content\/uploads\/2021\/10\/pic-6-9-300x162.jpg 300w, http:\/\/www.pasadenahoy.com\/primero\/wp-content\/uploads\/2021\/10\/pic-6-9-241x130.jpg 241w, http:\/\/www.pasadenahoy.com\/primero\/wp-content\/uploads\/2021\/10\/pic-6-9-333x180.jpg 333w, http:\/\/www.pasadenahoy.com\/primero\/wp-content\/uploads\/2021\/10\/pic-6-9-700x378.jpg 700w, http:\/\/www.pasadenahoy.com\/primero\/wp-content\/uploads\/2021\/10\/pic-6-9-360x195.jpg 360w, http:\/\/www.pasadenahoy.com\/primero\/wp-content\/uploads\/2021\/10\/pic-6-9-720x389.jpg 720w\" sizes=\"100vw\" \/><\/figure><\/figure>\n\n\n\n<p>La polic\u00eda de Pasadena aceptar\u00e1 medicamentos recetados no deseados para su eliminaci\u00f3n la pr\u00f3xima semana como parte de una campa\u00f1a nacional liderada por la Administraci\u00f3n de Control de Drogas de Estados Unidos, dijeron las autoridades.<\/p>\n\n\n\n<p>La receta vencida o innecesaria se puede entregar entre las 10 a.m. y las 2 p.m. el 23 de octubre en el Departamento de Polic\u00eda de Pasadena, 207 N. Garfield Ave., dijo el Departamento de Polic\u00eda de Pasadena en una declaraci\u00f3n escrita.<\/p>\n\n\n\n<p>\u201cEl D\u00eda Nacional de Devoluci\u00f3n de Recetas es una forma segura, conveniente y responsable de desechar sin cargo los medicamentos recetados no utilizados, no deseados o vencidos\u201d, dice el comunicado. &#8220;Representantes del Departamento de Polic\u00eda de Pasadena, D\u00eda Uno y el Departamento de Salud P\u00fablica de Pasadena estar\u00e1n en el lugar para ayudar con el proceso y responder cualquier pregunta&#8221;.<\/p>\n\n\n\n<p>La eliminaci\u00f3n segura de los medicamentos innecesarios evita que se abuse de ellos o que terminen da\u00f1ando el medio ambiente, dijeron las autoridades.<\/p>\n\n\n\n<p>No se aceptar\u00e1n agujas y otros objetos punzantes en el evento.<\/p>\n\n\n\n<p>Puede encontrar m\u00e1s informaci\u00f3n sobre el D\u00eda Nacional de Retiro de Recetas en l\u00ednea en <a href=\"http:\/\/takebackday.dea.gov\/\">takebackday.dea.gov.<\/a><\/p>\n","protected":false},"excerpt":{"rendered":"<p>La polic\u00eda de Pasadena aceptar\u00e1 medicamentos recetados no deseados para su eliminaci\u00f3n la pr\u00f3xima semana como parte de una campa\u00f1a nacional liderada por la Administraci\u00f3n de Control de Drogas de Estados Unidos, dijeron las autoridades. La receta vencida o innecesaria se puede entregar entre las 10 a.m. y las 2 p.m. el 23 de octubre en el Departamento de Polic\u00eda de Pasadena, 207 N. Garfield Ave., dijo el Departamento de Polic\u00eda de Pasadena en una declaraci\u00f3n escrita. \u201cEl D\u00eda Nacional [&hellip;]<\/p>\n","protected":false},"author":4,"featured_media":0,"comment_status":"open","ping_status":"closed","sticky":false,"template":"","format":"standard","meta":[],"categories":[4],"tags":[],"acf":[],"_links":{"self":[{"href":"http:\/\/www.pasadenahoy.com\/primero\/wp-json\/wp\/v2\/posts\/11914"}],"collection":[{"href":"http:\/\/www.pasadenahoy.com\/primero\/wp-json\/wp\/v2\/posts"}],"about":[{"href":"http:\/\/www.pasadenahoy.com\/primero\/wp-json\/wp\/v2\/types\/post"}],"author":[{"embeddable":true,"href":"http:\/\/www.pasadenahoy.com\/primero\/wp-json\/wp\/v2\/users\/4"}],"replies":[{"embeddable":true,"href":"http:\/\/www.pasadenahoy.com\/primero\/wp-json\/wp\/v2\/comments?post=11914"}],"version-history":[{"count":2,"href":"http:\/\/www.pasadenahoy.com\/primero\/wp-json\/wp\/v2\/posts\/11914\/revisions"}],"predecessor-version":[{"id":11918,"href":"http:\/\/www.pasadenahoy.com\/primero\/wp-json\/wp\/v2\/posts\/11914\/revisions\/11918"}],"wp:attachment":[{"href":"http:\/\/www.pasadenahoy.com\/primero\/wp-json\/wp\/v2\/media?parent=11914"}],"wp:term":[{"taxonomy":"category","embeddable":true,"href":"http:\/\/www.pasadenahoy.com\/primero\/wp-json\/wp\/v2\/categories?post=11914"},{"taxonomy":"post_tag","embeddable":true,"href":"http:\/\/www.pasadenahoy.com\/primero\/wp-json\/wp\/v2\/tags?post=11914"}],"curies":[{"name":"wp","href":"https:\/\/api.w.org\/{rel}","templated":true}]}}