{"id":11922,"date":"2021-10-25T15:08:42","date_gmt":"2021-10-25T15:08:42","guid":{"rendered":"http:\/\/www.pasadenahoy.com\/primero\/?p=11922"},"modified":"2021-10-25T15:08:44","modified_gmt":"2021-10-25T15:08:44","slug":"contrato-de-administrador-municipal-interino-con-cynthia-kurtz-en-la-agenda-del-ayuntamiento-del-lunes","status":"publish","type":"post","link":"http:\/\/www.pasadenahoy.com\/primero\/el-gobierno-local\/contrato-de-administrador-municipal-interino-con-cynthia-kurtz-en-la-agenda-del-ayuntamiento-del-lunes\/","title":{"rendered":"Contrato de administrador municipal interino con Cynthia Kurtz en la agenda del ayuntamiento del lunes"},"content":{"rendered":"\n<figure class=\"wp-block-image alignnone size-large\"><figure class=\"alignnone\"><img loading=\"lazy\" width=\"700\" height=\"378\" src=\"http:\/\/www.pasadenahoy.com\/primero\/wp-content\/uploads\/2021\/10\/pic-1-9.jpg\" alt=\"\" class=\"wp-image-11923\" srcset=\"http:\/\/www.pasadenahoy.com\/primero\/wp-content\/uploads\/2021\/10\/pic-1-9.jpg 700w, http:\/\/www.pasadenahoy.com\/primero\/wp-content\/uploads\/2021\/10\/pic-1-9-300x162.jpg 300w, http:\/\/www.pasadenahoy.com\/primero\/wp-content\/uploads\/2021\/10\/pic-1-9-241x130.jpg 241w, http:\/\/www.pasadenahoy.com\/primero\/wp-content\/uploads\/2021\/10\/pic-1-9-333x180.jpg 333w, http:\/\/www.pasadenahoy.com\/primero\/wp-content\/uploads\/2021\/10\/pic-1-9-360x194.jpg 360w\" sizes=\"100vw\" \/><figcaption><span class=\"caption-text\">Cynthia Kurtz<\/span><\/figcaption><\/figure><\/figure>\n\n\n\n<p>El lunes, el Ayuntamiento discutir\u00e1 el contrato de la administradora interina de la ciudad, Cynthia Kurtz, en una sesi\u00f3n abierta.<\/p>\n\n\n\n<p>Kurtz, quien ha sido elegido para servir como administrador municipal interino con la jubilaci\u00f3n el 2 de diciembre del administrador de la ciudad Steve Mermell, se desempe\u00f1\u00f3 como administrador de la ciudad de 1997 a 2008.<\/p>\n\n\n\n<p>Seg\u00fan el contrato propuesto, a Kurtz se le pagar\u00e1 $ 145,16 la hora por 960 horas. Ella no recibir\u00e1 beneficios adicionales.<\/p>\n\n\n\n<p>Debido a que Kurtz est\u00e1 recibiendo los beneficios de CalPERS, no puede exceder las 960 horas de trabajo de la ciudad. Si lo hace, podr\u00eda perder sus beneficios de jubilaci\u00f3n.<\/p>\n\n\n\n<p>Sin embargo, las horas trabajadas durante la emergencia local provocada por la pandemia no contar\u00e1n contra el l\u00edmite de 960 horas, seg\u00fan una orden ejecutiva del gobernador Gavin Newsom.<\/p>\n\n\n\n<p>&#8220;El puesto de Administrador Municipal no quedar\u00e1 vacante hasta el 3 de diciembre y, como tal, el nombramiento de la Sra. Kurtz como Administrador Municipal interino no puede entrar en vigencia hasta esa fecha&#8221;, seg\u00fan un informe del personal de la ciudad. \u201cAdem\u00e1s, es imperativo que la ciudad tenga un liderazgo continuo en su puesto de director ejecutivo a fin de garantizar la gesti\u00f3n y el funcionamiento adecuados de la ciudad para abordar los desaf\u00edos creados por la pandemia COVID-19. Como tal, todas las horas trabajadas por la Sra. Kurtz en su rol de Administradora Interina de la Ciudad est\u00e1n sujetas a la exenci\u00f3n del l\u00edmite de 960 horas y no contar\u00e1n para el l\u00edmite de 960 horas por a\u00f1o fiscal \u201d.<\/p>\n\n\n\n<p>Kurtz comenzar\u00e1 con una \u201ccapacidad de ayuda adicional\u201d el 10 de noviembre mientras trabaja con Mermell para garantizar una transici\u00f3n sin problemas. Durante ese tiempo, ganar\u00e1 $ 120 la hora.<\/p>\n\n\n\n<p>Cuando Mermell anunci\u00f3 su retiro el mes pasado, prometi\u00f3 ayudar en la transici\u00f3n a un nuevo administrador municipal.<\/p>\n\n\n\n<p>\u201cFue un placer trabajar con Cynthia cuando se desempe\u00f1\u00f3 como administradora de la ciudad y es la persona perfecta para asumir este cargo\u201d, dijo Mermell la semana pasada. \u201cComo promet\u00ed cuando anunci\u00e9 mi jubilaci\u00f3n, har\u00e9 todo lo que est\u00e9 a mi alcance para asegurar una transici\u00f3n sin problemas y continuar\u00e9 sirviendo a los residentes de Pasadena hasta mi \u00faltimo d\u00eda de trabajo\u201d.<\/p>\n\n\n\n<p>Mermell anunci\u00f3 sus planes de retirarse el mes pasado.<\/p>\n\n\n\n<p>\u201cA lo largo de los a\u00f1os, he tenido el placer de conocer a muchos empleados de la ciudad y cuento a muchos de ustedes como amigos ya todos ustedes como colegas\u201d, escribi\u00f3 Mermell. \u201cD\u00eda tras d\u00eda brindan un servicio excepcional a nuestra comunidad y se nota. Siempre ser\u00e1 un gran motivo de orgullo para m\u00ed haber servido como su Administrador Municipal &#8220;.<\/p>\n\n\n\n<p>El nombramiento de Kurtz marca la primera vez en los \u00faltimos a\u00f1os que la ciudad sali\u00f3 del Ayuntamiento para contratar a un administrador municipal interino.<\/p>\n\n\n\n<p>Cuando Kurtz se fue en 2008, el entonces jefe de polic\u00eda Bernard Melekian fue llamado a reemplazarlo hasta que la ciudad contrat\u00f3 a Michael Beck. Despu\u00e9s de que Beck dej\u00f3 la ciudad para tomar un trabajo en UCLA en 2015, Mermell, quien fue administrador municipal asistente, se convirti\u00f3 en administrador municipal interino. El Ayuntamiento finalmente contrat\u00f3 a Mermell.<\/p>\n\n\n\n<p>Poco despu\u00e9s de que Mermell anunciara sus planes de jubilaci\u00f3n, comenzaron a circular rumores de que Kurtz era un candidato para el puesto interino.<\/p>\n\n\n\n<p>Desde que complet\u00f3 su mandato en Pasadena, Kurtz ha trabajado como administradora municipal interina tanto en Covina como en Santa Ana, as\u00ed como tambi\u00e9n como directora de operaciones de River LA. Tambi\u00e9n se desempe\u00f1\u00f3 como presidenta de la Asociaci\u00f3n Econ\u00f3mica del Valle de San Gabriel. Actualmente es vicepresidenta del Distrito Metropolitano de Agua.<\/p>\n\n\n\n<p>Kurtz recibi\u00f3 su licenciatura en Desarrollo Comunitario y Vivienda de la Universidad de Penn State. Tambi\u00e9n tiene una maestr\u00eda en transporte y desarrollo urbano de la Universidad de Iowa.<\/p>\n\n\n\n<p>El alcalde V\u00edctor Gordo y el Concejo Municipal comenzar\u00e1n una b\u00fasqueda nacional de un administrador municipal permanente en las pr\u00f3ximas semanas, con la ayuda de Kurtz y el personal de la ciudad.<\/p>\n\n\n\n<p>El administrador de la ciudad es uno de los tres puestos que el Ayuntamiento es responsable de cubrir. El consejo tambi\u00e9n contrata al secretario de la ciudad y al abogado de la ciudad.<\/p>\n\n\n\n<p>Pasadena tiene un tipo de gobierno de concejo-administrador de la ciudad, que exige que el Concejo Municipal electo sirva como el cuerpo legislativo principal de la ciudad y designe un administrador de la ciudad para supervisar las operaciones municipales diarias, redactar un presupuesto, implementar y hacer cumplir la pol\u00edticas e iniciativas legislativas del ayuntamiento, y supervisa 14 de los 16 departamentos de la ciudad.<\/p>\n","protected":false},"excerpt":{"rendered":"<p>El lunes, el Ayuntamiento discutir\u00e1 el contrato de la administradora interina de la ciudad, Cynthia Kurtz, en una sesi\u00f3n abierta. Kurtz, quien ha sido elegido para servir como administrador municipal interino con la jubilaci\u00f3n el 2 de diciembre del administrador de la ciudad Steve Mermell, se desempe\u00f1\u00f3 como administrador de la ciudad de 1997 a 2008. Seg\u00fan el contrato propuesto, a Kurtz se le pagar\u00e1 $ 145,16 la hora por 960 horas. Ella no recibir\u00e1 beneficios adicionales. Debido a que [&hellip;]<\/p>\n","protected":false},"author":4,"featured_media":11923,"comment_status":"open","ping_status":"closed","sticky":false,"template":"","format":"standard","meta":[],"categories":[6],"tags":[],"acf":[],"_links":{"self":[{"href":"http:\/\/www.pasadenahoy.com\/primero\/wp-json\/wp\/v2\/posts\/11922"}],"collection":[{"href":"http:\/\/www.pasadenahoy.com\/primero\/wp-json\/wp\/v2\/posts"}],"about":[{"href":"http:\/\/www.pasadenahoy.com\/primero\/wp-json\/wp\/v2\/types\/post"}],"author":[{"embeddable":true,"href":"http:\/\/www.pasadenahoy.com\/primero\/wp-json\/wp\/v2\/users\/4"}],"replies":[{"embeddable":true,"href":"http:\/\/www.pasadenahoy.com\/primero\/wp-json\/wp\/v2\/comments?post=11922"}],"version-history":[{"count":2,"href":"http:\/\/www.pasadenahoy.com\/primero\/wp-json\/wp\/v2\/posts\/11922\/revisions"}],"predecessor-version":[{"id":11925,"href":"http:\/\/www.pasadenahoy.com\/primero\/wp-json\/wp\/v2\/posts\/11922\/revisions\/11925"}],"wp:featuredmedia":[{"embeddable":true,"href":"http:\/\/www.pasadenahoy.com\/primero\/wp-json\/wp\/v2\/media\/11923"}],"wp:attachment":[{"href":"http:\/\/www.pasadenahoy.com\/primero\/wp-json\/wp\/v2\/media?parent=11922"}],"wp:term":[{"taxonomy":"category","embeddable":true,"href":"http:\/\/www.pasadenahoy.com\/primero\/wp-json\/wp\/v2\/categories?post=11922"},{"taxonomy":"post_tag","embeddable":true,"href":"http:\/\/www.pasadenahoy.com\/primero\/wp-json\/wp\/v2\/tags?post=11922"}],"curies":[{"name":"wp","href":"https:\/\/api.w.org\/{rel}","templated":true}]}}