{"id":11930,"date":"2021-10-25T15:16:32","date_gmt":"2021-10-25T15:16:32","guid":{"rendered":"http:\/\/www.pasadenahoy.com\/primero\/?p=11930"},"modified":"2021-10-25T15:16:35","modified_gmt":"2021-10-25T15:16:35","slug":"los-miembros-de-la-junta-escolar-discuten-los-requisitos-de-vacunas","status":"publish","type":"post","link":"http:\/\/www.pasadenahoy.com\/primero\/la-comunidad\/los-miembros-de-la-junta-escolar-discuten-los-requisitos-de-vacunas\/","title":{"rendered":"Los miembros de la junta escolar discuten los requisitos de vacunas"},"content":{"rendered":"\n<figure class=\"wp-block-image alignnone size-large\"><figure class=\"alignnone\"><img loading=\"lazy\" width=\"700\" height=\"378\" src=\"http:\/\/www.pasadenahoy.com\/primero\/wp-content\/uploads\/2021\/10\/pic-3-8.jpg\" alt=\"\" class=\"wp-image-11931\" srcset=\"http:\/\/www.pasadenahoy.com\/primero\/wp-content\/uploads\/2021\/10\/pic-3-8.jpg 700w, http:\/\/www.pasadenahoy.com\/primero\/wp-content\/uploads\/2021\/10\/pic-3-8-300x162.jpg 300w, http:\/\/www.pasadenahoy.com\/primero\/wp-content\/uploads\/2021\/10\/pic-3-8-241x130.jpg 241w, http:\/\/www.pasadenahoy.com\/primero\/wp-content\/uploads\/2021\/10\/pic-3-8-333x180.jpg 333w, http:\/\/www.pasadenahoy.com\/primero\/wp-content\/uploads\/2021\/10\/pic-3-8-360x194.jpg 360w\" sizes=\"100vw\" \/><\/figure><\/figure>\n\n\n\n<p>Sin la asistencia del presidente de la Junta de Educaci\u00f3n ni un elemento de acci\u00f3n que solicite una votaci\u00f3n, los miembros de la Junta Escolar de Pasadena en la reuni\u00f3n del jueves pasado expresaron sus opiniones sobre si el distrito deber\u00eda exigir que los estudiantes elegibles se vacunen para poder asistir a las actividades en el campus.<\/p>\n\n\n\n<p>El presidente de la Junta Escolar, Scott Phelps, decidir\u00e1 cu\u00e1ndo o si se establecer\u00e1 un requisito de vacunaci\u00f3n obligatoria para la asistencia en persona a la escuela.<\/p>\n\n\n\n<p>\u201cEn lo que a m\u00ed respecta\u201d, dijo la miembro de la junta Elizabeth Pomeroy, \u201cel siguiente paso es pedirle a nuestro presidente que escuche [un video de] esta discusi\u00f3n. Formar\u00e1 sus propias conclusiones con el superintendente y con el personal sobre si deber\u00eda haber un tema en la agenda \u201d.<\/p>\n\n\n\n<p>El distrito no carece de una pol\u00edtica de vacunas en este momento.<\/p>\n\n\n\n<p>De hecho, el PUSD fue uno de los primeros distritos escolares p\u00fablicos del estado que exigi\u00f3 que todo el personal y los estudiantes elegibles de 12 a\u00f1os o m\u00e1s se vacunen contra COVID-19 o se sometan a pruebas.<\/p>\n\n\n\n<p>La junta vot\u00f3 el 26 de agosto para requerir pruebas COVID-19 semanales para todo el personal no vacunado y algunos estudiantes a partir del 1 de septiembre.<\/p>\n\n\n\n<p>Pero el programa se ha topado con una serie de fallos, el m\u00e1s problem\u00e1tico es que a pesar de la fecha l\u00edmite obligatoria del 15 de octubre, algunos padres no han informado sobre el estado de vacunaci\u00f3n del 73% de los estudiantes del distrito, lo que significa que el distrito no sabe qu\u00e9 estudiantes no est\u00e1n vacunados y, en consecuencia, deben ser evaluados.<\/p>\n\n\n\n<p>Aproximadamente el 27% del personal del distrito tampoco ha cumplido con el requisito. De los 2,493 miembros del personal, 678 a\u00fan tienen que presentar una prueba de vacunaci\u00f3n con el distrito, dijo el jueves pasado la directora de programas de salud del PUSD, Ana Mar\u00eda \u201cR\u00eda\u201d Apodaca.<\/p>\n\n\n\n<p>A principios de este mes, el gobernador Gavin Newsom anunci\u00f3 planes para agregar la vacuna COVID-19 a la lista de vacunas requeridas para asistir a la escuela en persona cuando la vacuna reciba la aprobaci\u00f3n completa de la Administraci\u00f3n de Alimentos y Medicamentos (FDA) para los grados de secundaria y preparatoria. .<\/p>\n\n\n\n<p>Newsom propuso que su orden entrar\u00eda en vigencia para los grados 7-12 y K-6 al comienzo del per\u00edodo escolar el 1 de enero o el 1 de julio luego de la aprobaci\u00f3n total de la Administraci\u00f3n de Alimentos y Medicamentos (FDA).<\/p>\n\n\n\n<p>Actualmente, la vacuna Pfizer-BioNTech est\u00e1 totalmente aprobada solo para mayores de 16 a\u00f1os (existe una autorizaci\u00f3n de emergencia para las edades de 12 a 15).<\/p>\n\n\n\n<p>Los miembros de la junta est\u00e1n divididos en cuanto a si existe la necesidad de que el distrito instituya un mandato de vacunaci\u00f3n para los estudiantes de 16 a\u00f1os o m\u00e1s o simplemente espere a que la orden de Newsom entre en vigencia.<\/p>\n\n\n\n<p>La miembro de la junta, Tina Wu Fredericks, dijo que apoyar\u00eda la implementaci\u00f3n de un mandato de vacuna para algunos estudiantes, ya que la vacuna Pfizer ya ha sido completamente aprobada para el grupo de edad.<\/p>\n\n\n\n<p>\u201cYo apoyar\u00eda un requisito de vacunas espec\u00edfico del PUSD con un enfoque estrecho para los estudiantes de 16 a\u00f1os o m\u00e1s, ya que ya cuenta con la aprobaci\u00f3n total de la FDA. Apuntar a ese grupo de edad nos dar\u00eda una ventaja para el requisito de vacunaci\u00f3n del estado \u201d, dijo Fredericks.<\/p>\n\n\n\n<p>A\u00f1adi\u00f3 que exigir vacunas para los estudiantes de ese grupo de edad ayudar\u00e1 a los estudiantes a prepararse para la universidad y la carrera.<\/p>\n\n\n\n<p>Los miembros de la junta, Kimberly Kenne y Patrick Cahalan, coincidieron con Fredericks.<\/p>\n\n\n\n<p>Jennifer Hall Lee, miembro de la junta, expres\u00f3 su preocupaci\u00f3n por un posible litigio.<\/p>\n\n\n\n<p>Lee cit\u00f3 informes de que los distritos escolares de San Diego y Los \u00c1ngeles est\u00e1n siendo demandados por instituir requisitos antes que el estado.<\/p>\n\n\n\n<p>\u201cEl gobernador est\u00e1 esperando la aprobaci\u00f3n de la FDA. Los distritos escolares que rodearon al gobernador e hicieron el mandato est\u00e1n siendo demandados \u201d, dijo Lee. \u201cLa junta escolar est\u00e1 bajo el gobierno. No hay nadie por encima de nosotros, excepto el gobernador. Tomamos directivas del gobernador. Si le damos la vuelta al gobernador, estaremos en un terreno complicado \u201d, dijo Lee.<\/p>\n\n\n\n<p>La miembro de la junta, Michelle Richardson Bailey, tambi\u00e9n se\u00f1al\u00f3 que las conversaciones relacionadas con las vacunas ahora deber\u00edan pasar a los preparativos para la implementaci\u00f3n anticipada del mandato estatal el pr\u00f3ximo a\u00f1o.<\/p>\n\n\n\n<p>&#8220;Creo que tenemos que empezar a tratar de prepararnos para lo que se avecina para que no nos tomen desprevenidos o no nos pongan en una situaci\u00f3n en la que no podamos brindar apoyo en el aula a nuestros estudiantes&#8221;, dijo Bailey.<\/p>\n","protected":false},"excerpt":{"rendered":"<p>Sin la asistencia del presidente de la Junta de Educaci\u00f3n ni un elemento de acci\u00f3n que solicite una votaci\u00f3n, los miembros de la Junta Escolar de Pasadena en la reuni\u00f3n del jueves pasado expresaron sus opiniones sobre si el distrito deber\u00eda exigir que los estudiantes elegibles se vacunen para poder asistir a las actividades en el campus. El presidente de la Junta Escolar, Scott Phelps, decidir\u00e1 cu\u00e1ndo o si se establecer\u00e1 un requisito de vacunaci\u00f3n obligatoria para la asistencia en [&hellip;]<\/p>\n","protected":false},"author":4,"featured_media":11931,"comment_status":"open","ping_status":"closed","sticky":false,"template":"","format":"standard","meta":[],"categories":[4],"tags":[],"acf":[],"_links":{"self":[{"href":"http:\/\/www.pasadenahoy.com\/primero\/wp-json\/wp\/v2\/posts\/11930"}],"collection":[{"href":"http:\/\/www.pasadenahoy.com\/primero\/wp-json\/wp\/v2\/posts"}],"about":[{"href":"http:\/\/www.pasadenahoy.com\/primero\/wp-json\/wp\/v2\/types\/post"}],"author":[{"embeddable":true,"href":"http:\/\/www.pasadenahoy.com\/primero\/wp-json\/wp\/v2\/users\/4"}],"replies":[{"embeddable":true,"href":"http:\/\/www.pasadenahoy.com\/primero\/wp-json\/wp\/v2\/comments?post=11930"}],"version-history":[{"count":2,"href":"http:\/\/www.pasadenahoy.com\/primero\/wp-json\/wp\/v2\/posts\/11930\/revisions"}],"predecessor-version":[{"id":11933,"href":"http:\/\/www.pasadenahoy.com\/primero\/wp-json\/wp\/v2\/posts\/11930\/revisions\/11933"}],"wp:featuredmedia":[{"embeddable":true,"href":"http:\/\/www.pasadenahoy.com\/primero\/wp-json\/wp\/v2\/media\/11931"}],"wp:attachment":[{"href":"http:\/\/www.pasadenahoy.com\/primero\/wp-json\/wp\/v2\/media?parent=11930"}],"wp:term":[{"taxonomy":"category","embeddable":true,"href":"http:\/\/www.pasadenahoy.com\/primero\/wp-json\/wp\/v2\/categories?post=11930"},{"taxonomy":"post_tag","embeddable":true,"href":"http:\/\/www.pasadenahoy.com\/primero\/wp-json\/wp\/v2\/tags?post=11930"}],"curies":[{"name":"wp","href":"https:\/\/api.w.org\/{rel}","templated":true}]}}