{"id":11934,"date":"2021-10-25T15:20:49","date_gmt":"2021-10-25T15:20:49","guid":{"rendered":"http:\/\/www.pasadenahoy.com\/primero\/?p=11934"},"modified":"2021-10-25T15:20:52","modified_gmt":"2021-10-25T15:20:52","slug":"una-tormenta-rapida-que-entra-y-sale-podria-dejar-caer-una-lluvia-significativa-el-lunes","status":"publish","type":"post","link":"http:\/\/www.pasadenahoy.com\/primero\/la-comunidad\/una-tormenta-rapida-que-entra-y-sale-podria-dejar-caer-una-lluvia-significativa-el-lunes\/","title":{"rendered":"Una tormenta r\u00e1pida que entra y sale podr\u00eda dejar caer una lluvia significativa el lunes"},"content":{"rendered":"\n<figure class=\"wp-block-image alignnone size-large\"><figure class=\"alignnone\"><img loading=\"lazy\" width=\"700\" height=\"378\" src=\"http:\/\/www.pasadenahoy.com\/primero\/wp-content\/uploads\/2021\/10\/pic-4-10.jpg\" alt=\"\" class=\"wp-image-11935\" srcset=\"http:\/\/www.pasadenahoy.com\/primero\/wp-content\/uploads\/2021\/10\/pic-4-10.jpg 700w, http:\/\/www.pasadenahoy.com\/primero\/wp-content\/uploads\/2021\/10\/pic-4-10-300x162.jpg 300w, http:\/\/www.pasadenahoy.com\/primero\/wp-content\/uploads\/2021\/10\/pic-4-10-241x130.jpg 241w, http:\/\/www.pasadenahoy.com\/primero\/wp-content\/uploads\/2021\/10\/pic-4-10-333x180.jpg 333w, http:\/\/www.pasadenahoy.com\/primero\/wp-content\/uploads\/2021\/10\/pic-4-10-360x194.jpg 360w\" sizes=\"100vw\" \/><\/figure><\/figure>\n\n\n\n<p>Se espera que una tormenta que se acerque desde el noroeste caiga de media pulgada a casi 2 pulgadas de lluvia en el condado de Los \u00c1ngeles el lunes, seg\u00fan el Servicio Meteorol\u00f3gico Nacional.<\/p>\n\n\n\n<p>El frente principal del sistema de tormentas, y la lluvia m\u00e1s intensa, probablemente golpear\u00e1 el \u00e1rea de Los \u00c1ngeles alrededor del mediod\u00eda del lunes y se mover\u00e1 fuera del \u00e1rea con bastante rapidez por la tarde, dijo el NWS.<\/p>\n\n\n\n<p>El pron\u00f3stico tambi\u00e9n prev\u00e9 la posibilidad de inundaciones menores y r\u00e1fagas de viento. La temperatura bajar\u00e1; Pasadena deber\u00eda alcanzar un m\u00e1ximo de solo 62, dijeron los meteor\u00f3logos.<\/p>\n\n\n\n<p>No se esperan tormentas el\u00e9ctricas durante la tormenta, que se espera que se mueva hacia el este m\u00e1s tarde el lunes por la noche.<\/p>\n\n\n\n<p>No se espera que la tormenta traiga nieve significativa al \u00e1rea, con niveles que se mantienen muy por encima de los 8,000 pies, dijeron los meteor\u00f3logos.<\/p>\n\n\n\n<p>Se espera calentamiento y secado todos los d\u00edas de martes a viernes con vientos marinos. Se pueden esperar condiciones secas pero m\u00e1s frescas el pr\u00f3ximo fin de semana.<\/p>\n\n\n\n<p>A continuaci\u00f3n, se muestra una vista detallada del pron\u00f3stico de la semana:<\/p>\n\n\n\n<p>Lunes: Lluvia. M\u00e1xima alrededor de 62. Viento del sur sureste de 5 a 10 mph y luego llegar\u00e1 del suroeste. Los vientos pueden alcanzar r\u00e1fagas de hasta 15 mph. La probabilidad de precipitaci\u00f3n es del 100%.<\/p>\n\n\n\n<p>Lun. Por la Noche: Una probabilidad de 30 por ciento lluvia antes de las 11 p.m. Medio nublado, la m\u00ednima alrededor de 48. Viento del oeste suroeste de 5 a 10 mph y luego llegar\u00e1 del norte.<\/p>\n\n\n\n<p>Martes: Soleado, la m\u00e1xima alrededor de 70. Viento del norte alrededor de 5 mph y se pondr\u00e1 en calma.<\/p>\n\n\n\n<p>Mar. por la Noche: Mayormente despejado, la m\u00ednima alrededor de 53. Viento del suroeste de 5 a 10 mph y luego llegar\u00e1 del nor noreste despu\u00e9s de medianoche.<\/p>\n\n\n\n<p>Mi\u00e9rcoles: Soleado, la m\u00e1xima alrededor de 80.<\/p>\n\n\n\n<p>Mi\u00e9. Por la Noche: Mayormente despejado, la m\u00ednima alrededor de 57.<\/p>\n\n\n\n<p>Jueves: Soleado, la m\u00e1xima alrededor de 86.<\/p>\n\n\n\n<p>Jue. Por la Noche: Mayormente despejado, la m\u00ednima alrededor de 60.<\/p>\n\n\n\n<p>Viernes: Soleado, la m\u00e1xima alrededor de 82.<\/p>\n\n\n\n<p>Por la Noche: Mayormente despejado, la m\u00ednima alrededor de 57.<\/p>\n\n\n\n<p>S\u00e1bado: Mayormente soleado, la m\u00e1xima alrededor de 76.<\/p>\n\n\n\n<p>S\u00e1b. Por la Noche: \u00c1reas dispersadas de niebla. Si no, mayormente nublado, la m\u00ednima alrededor de 55.<\/p>\n\n\n\n<p>Domingo: \u00c1reas dispersadas de niebla. Si no, parcialmente soleado, la m\u00e1xima alrededor de 73.<\/p>\n","protected":false},"excerpt":{"rendered":"<p>Se espera que una tormenta que se acerque desde el noroeste caiga de media pulgada a casi 2 pulgadas de lluvia en el condado de Los \u00c1ngeles el lunes, seg\u00fan el Servicio Meteorol\u00f3gico Nacional. El frente principal del sistema de tormentas, y la lluvia m\u00e1s intensa, probablemente golpear\u00e1 el \u00e1rea de Los \u00c1ngeles alrededor del mediod\u00eda del lunes y se mover\u00e1 fuera del \u00e1rea con bastante rapidez por la tarde, dijo el NWS. El pron\u00f3stico tambi\u00e9n prev\u00e9 la posibilidad de [&hellip;]<\/p>\n","protected":false},"author":4,"featured_media":0,"comment_status":"open","ping_status":"closed","sticky":false,"template":"","format":"standard","meta":[],"categories":[4],"tags":[],"acf":[],"_links":{"self":[{"href":"http:\/\/www.pasadenahoy.com\/primero\/wp-json\/wp\/v2\/posts\/11934"}],"collection":[{"href":"http:\/\/www.pasadenahoy.com\/primero\/wp-json\/wp\/v2\/posts"}],"about":[{"href":"http:\/\/www.pasadenahoy.com\/primero\/wp-json\/wp\/v2\/types\/post"}],"author":[{"embeddable":true,"href":"http:\/\/www.pasadenahoy.com\/primero\/wp-json\/wp\/v2\/users\/4"}],"replies":[{"embeddable":true,"href":"http:\/\/www.pasadenahoy.com\/primero\/wp-json\/wp\/v2\/comments?post=11934"}],"version-history":[{"count":2,"href":"http:\/\/www.pasadenahoy.com\/primero\/wp-json\/wp\/v2\/posts\/11934\/revisions"}],"predecessor-version":[{"id":11937,"href":"http:\/\/www.pasadenahoy.com\/primero\/wp-json\/wp\/v2\/posts\/11934\/revisions\/11937"}],"wp:attachment":[{"href":"http:\/\/www.pasadenahoy.com\/primero\/wp-json\/wp\/v2\/media?parent=11934"}],"wp:term":[{"taxonomy":"category","embeddable":true,"href":"http:\/\/www.pasadenahoy.com\/primero\/wp-json\/wp\/v2\/categories?post=11934"},{"taxonomy":"post_tag","embeddable":true,"href":"http:\/\/www.pasadenahoy.com\/primero\/wp-json\/wp\/v2\/tags?post=11934"}],"curies":[{"name":"wp","href":"https:\/\/api.w.org\/{rel}","templated":true}]}}