{"id":11938,"date":"2021-10-25T15:24:24","date_gmt":"2021-10-25T15:24:24","guid":{"rendered":"http:\/\/www.pasadenahoy.com\/primero\/?p=11938"},"modified":"2021-10-25T15:24:26","modified_gmt":"2021-10-25T15:24:26","slug":"arresto-robado-incautado-miembro-de-una-pandilla-arrestado-despues-de-una-parada-de-trafico-en-pasadena","status":"publish","type":"post","link":"http:\/\/www.pasadenahoy.com\/primero\/la-comunidad\/arresto-robado-incautado-miembro-de-una-pandilla-arrestado-despues-de-una-parada-de-trafico-en-pasadena\/","title":{"rendered":"Arresto robado incautado, miembro de una pandilla arrestado despu\u00e9s de una parada de tr\u00e1fico en Pasadena"},"content":{"rendered":"\n<figure class=\"wp-block-image alignnone size-large\"><figure class=\"alignnone\"><img loading=\"lazy\" width=\"700\" height=\"378\" src=\"http:\/\/www.pasadenahoy.com\/primero\/wp-content\/uploads\/2021\/10\/pic-5-4.png\" alt=\"\" class=\"wp-image-11939\" srcset=\"http:\/\/www.pasadenahoy.com\/primero\/wp-content\/uploads\/2021\/10\/pic-5-4.png 700w, http:\/\/www.pasadenahoy.com\/primero\/wp-content\/uploads\/2021\/10\/pic-5-4-300x162.png 300w, http:\/\/www.pasadenahoy.com\/primero\/wp-content\/uploads\/2021\/10\/pic-5-4-241x130.png 241w, http:\/\/www.pasadenahoy.com\/primero\/wp-content\/uploads\/2021\/10\/pic-5-4-333x180.png 333w, http:\/\/www.pasadenahoy.com\/primero\/wp-content\/uploads\/2021\/10\/pic-5-4-360x194.png 360w\" sizes=\"100vw\" \/><\/figure><\/figure>\n\n\n\n<p>La polic\u00eda recuper\u00f3 una pistola robada y arrest\u00f3 a un ex convicto que se describe a s\u00ed mismo como miembro de una pandilla despu\u00e9s de detener un autom\u00f3vil por una infracci\u00f3n de tr\u00e1nsito en Pasadena el s\u00e1bado por la noche, dijeron las autoridades.<\/p>\n\n\n\n<p>Un oficial detuvo un autom\u00f3vil alrededor de las 8:50 p.m. a lo largo de Hammond Street, cerca de Raymond Avenue, seg\u00fan el teniente Anthony Burgess de la polic\u00eda de Pasadena.<\/p>\n\n\n\n<p>El conductor admiti\u00f3 no tener licencia de conducir y se le pidi\u00f3 que saliera del autom\u00f3vil, dijo. Al salir, los oficiales notaron una pistola metida en su cintura.<\/p>\n\n\n\n<p>La polic\u00eda detuvo al conductor sin incidentes y confisc\u00f3 lo que finalmente se determin\u00f3 que era una pistola cargada que se hab\u00eda reportado previamente como robada, dijo Burgess.<\/p>\n\n\n\n<p>Robert Leon Beckwith, de 47 a\u00f1os, de Los \u00c1ngeles fue fichado bajo sospecha de ser un delincuente convicto en posesi\u00f3n de un arma de fuego, seg\u00fan la polic\u00eda y los registros de registro del condado de Los \u00c1ngeles. La polic\u00eda dijo que \u00e9l tambi\u00e9n se describ\u00eda a s\u00ed mismo como un miembro de una pandilla de Pasadena.<\/p>\n\n\n\n<p>Beckwith estaba detenido en lugar de una fianza de $ 35,000 en espera de su comparecencia inicial ante el tribunal, programada para el martes en la sucursal de Pasadena del Tribunal Superior del Condado de Los \u00c1ngeles, seg\u00fan muestran los registros.<\/p>\n","protected":false},"excerpt":{"rendered":"<p>La polic\u00eda recuper\u00f3 una pistola robada y arrest\u00f3 a un ex convicto que se describe a s\u00ed mismo como miembro de una pandilla despu\u00e9s de detener un autom\u00f3vil por una infracci\u00f3n de tr\u00e1nsito en Pasadena el s\u00e1bado por la noche, dijeron las autoridades. Un oficial detuvo un autom\u00f3vil alrededor de las 8:50 p.m. a lo largo de Hammond Street, cerca de Raymond Avenue, seg\u00fan el teniente Anthony Burgess de la polic\u00eda de Pasadena. El conductor admiti\u00f3 no tener licencia de [&hellip;]<\/p>\n","protected":false},"author":4,"featured_media":0,"comment_status":"open","ping_status":"closed","sticky":false,"template":"","format":"standard","meta":[],"categories":[4],"tags":[],"acf":[],"_links":{"self":[{"href":"http:\/\/www.pasadenahoy.com\/primero\/wp-json\/wp\/v2\/posts\/11938"}],"collection":[{"href":"http:\/\/www.pasadenahoy.com\/primero\/wp-json\/wp\/v2\/posts"}],"about":[{"href":"http:\/\/www.pasadenahoy.com\/primero\/wp-json\/wp\/v2\/types\/post"}],"author":[{"embeddable":true,"href":"http:\/\/www.pasadenahoy.com\/primero\/wp-json\/wp\/v2\/users\/4"}],"replies":[{"embeddable":true,"href":"http:\/\/www.pasadenahoy.com\/primero\/wp-json\/wp\/v2\/comments?post=11938"}],"version-history":[{"count":2,"href":"http:\/\/www.pasadenahoy.com\/primero\/wp-json\/wp\/v2\/posts\/11938\/revisions"}],"predecessor-version":[{"id":11941,"href":"http:\/\/www.pasadenahoy.com\/primero\/wp-json\/wp\/v2\/posts\/11938\/revisions\/11941"}],"wp:attachment":[{"href":"http:\/\/www.pasadenahoy.com\/primero\/wp-json\/wp\/v2\/media?parent=11938"}],"wp:term":[{"taxonomy":"category","embeddable":true,"href":"http:\/\/www.pasadenahoy.com\/primero\/wp-json\/wp\/v2\/categories?post=11938"},{"taxonomy":"post_tag","embeddable":true,"href":"http:\/\/www.pasadenahoy.com\/primero\/wp-json\/wp\/v2\/tags?post=11938"}],"curies":[{"name":"wp","href":"https:\/\/api.w.org\/{rel}","templated":true}]}}