{"id":11944,"date":"2021-10-25T15:28:41","date_gmt":"2021-10-25T15:28:41","guid":{"rendered":"http:\/\/www.pasadenahoy.com\/primero\/?p=11944"},"modified":"2021-10-25T15:28:43","modified_gmt":"2021-10-25T15:28:43","slug":"la-ordenanza-sobre-el-tabaco-de-pasadena-podria-modificarse-el-lunes","status":"publish","type":"post","link":"http:\/\/www.pasadenahoy.com\/primero\/el-gobierno-local\/la-ordenanza-sobre-el-tabaco-de-pasadena-podria-modificarse-el-lunes\/","title":{"rendered":"La ordenanza sobre el tabaco de Pasadena podr\u00eda modificarse el lunes"},"content":{"rendered":"\n<figure class=\"wp-block-image alignnone size-large\"><figure class=\"alignnone\"><img loading=\"lazy\" width=\"700\" height=\"378\" src=\"http:\/\/www.pasadenahoy.com\/primero\/wp-content\/uploads\/2021\/10\/pic.jpg\" alt=\"\" class=\"wp-image-11945\" srcset=\"http:\/\/www.pasadenahoy.com\/primero\/wp-content\/uploads\/2021\/10\/pic.jpg 700w, http:\/\/www.pasadenahoy.com\/primero\/wp-content\/uploads\/2021\/10\/pic-300x162.jpg 300w, http:\/\/www.pasadenahoy.com\/primero\/wp-content\/uploads\/2021\/10\/pic-241x130.jpg 241w, http:\/\/www.pasadenahoy.com\/primero\/wp-content\/uploads\/2021\/10\/pic-333x180.jpg 333w, http:\/\/www.pasadenahoy.com\/primero\/wp-content\/uploads\/2021\/10\/pic-360x194.jpg 360w\" sizes=\"100vw\" \/><\/figure><\/figure>\n\n\n\n<p>La ordenanza sobre el tabaco de la ciudad podr\u00eda enmendarse para incluir cigarrillos con sabor y vapeo para alinearse con la ley estatal.<\/p>\n\n\n\n<p>\u201cLa ordenanza tambi\u00e9n prohibir\u00eda la venta y distribuci\u00f3n dentro de la ciudad de cigarrillos mentolados y otros productos de tabaco con sabor, incluidos productos con sabor para dispositivos electr\u00f3nicos para fumar, incluidos l\u00edquidos para dispositivos electr\u00f3nicos para fumar, puritos con sabor, narguile con sabor y productos similares al tabaco, \u201dSeg\u00fan un informe del personal de la ciudad.<\/p>\n\n\n\n<p>Los productos de tabaco aromatizados, incluida la narguile aromatizada, disfrazan la dureza del tabaco, seg\u00fan el personal de la ciudad. Seg\u00fan el Journal of the American Medical Association, el 81% de los j\u00f3venes que alguna vez han consumido productos de tabaco comenzaron con un producto con sabor.<\/p>\n\n\n\n<p>En agosto de 2020, el gobernador Gavin Newsom firm\u00f3 el Proyecto de Ley del Senado 793 que proh\u00edbe la venta de productos de tabaco con sabor en California, excepto el tabaco para narguile, el tabaco de hojas sueltas y los puros premium.<\/p>\n\n\n\n<p>En enero, un refer\u00e9ndum calific\u00f3 para la votaci\u00f3n que puso en suspenso la SB793 hasta que se pudiera llevar a cabo una votaci\u00f3n en el refer\u00e9ndum en las elecciones generales de noviembre de 2022.<br>Las enmiendas propuestas a la ordenanza garantizar\u00edan la<\/p>\n\n\n\n<p>Pasadena ha prohibido el tabaco aromatizado en lugar de esperar un a\u00f1o m\u00e1s para un refer\u00e9ndum.<\/p>\n\n\n\n<p>En la reuni\u00f3n conjunta del Consejo de la Ciudad de Pasadena y la Junta de Educaci\u00f3n del 3 de febrero de 2020, el Distrito Escolar Unificado de Pasadena adopt\u00f3 una resoluci\u00f3n para alentar a las comunidades a restringir la venta de productos de tabaco con sabor y cigarrillos mentolados.<\/p>\n\n\n\n<p>El Concejo Municipal recomend\u00f3 al personal evaluar aumentar la pena por violar la Ordenanza de Prevenci\u00f3n del Uso de Tabaco a un delito menor, prohibir que los minoristas locales vuelvan a solicitar una licencia comercial cuando se revoque debido a violaciones de la ordenanza del tabaco y prohibir la venta de tabaco aromatizado.<\/p>\n\n\n\n<p>Hay 88 minoristas de tabaco locales autorizados que venden tabaco aromatizado, incluidos siete que anuncian la venta de productos de narguile.<\/p>\n\n\n\n<p>En junio, el personal del Programa de Control del Tabaco visit\u00f3 40 de los minoristas para revisar y discutir su inventario y ventas de tabaco. La mayor\u00eda de los minoristas se negaron a compartir informaci\u00f3n de inventario y ventas.<\/p>\n\n\n\n<p>El mes pasado, el personal del Programa de Control del Tabaco visit\u00f3 los siete minoristas de Pasadena que anuncian la venta de productos de narguile para revisar la disponibilidad de productos de narguile y la participaci\u00f3n en el espacio de los estantes.<br>Seis de los siete minoristas visitados eran tiendas exclusivamente de tabaco. El s\u00e9ptimo minorista vend\u00eda tabaco y otros productos.<\/p>\n\n\n\n<p>\u201cNo se ve\u00edan productos de tabaco para narguile [con sabor o sin sabor] en ninguna de las tiendas, pero es posible que el producto est\u00e9 almacenado detr\u00e1s del mostrador de servicio\u201d, seg\u00fan el informe del personal. \u201cLa industria tabacalera se ha basado en productos aromatizados para comercializarlos con \u00e9xito entre los j\u00f3venes, y casi todo el consumo de tabaco comienza en la ni\u00f1ez y la adolescencia. En total, el 88% de los fumadores adultos que fuman a diario informan que comenzaron a fumar en la adolescencia &#8220;.<\/p>\n","protected":false},"excerpt":{"rendered":"<p>La ordenanza sobre el tabaco de la ciudad podr\u00eda enmendarse para incluir cigarrillos con sabor y vapeo para alinearse con la ley estatal. \u201cLa ordenanza tambi\u00e9n prohibir\u00eda la venta y distribuci\u00f3n dentro de la ciudad de cigarrillos mentolados y otros productos de tabaco con sabor, incluidos productos con sabor para dispositivos electr\u00f3nicos para fumar, incluidos l\u00edquidos para dispositivos electr\u00f3nicos para fumar, puritos con sabor, narguile con sabor y productos similares al tabaco, \u201dSeg\u00fan un informe del personal de la ciudad. [&hellip;]<\/p>\n","protected":false},"author":4,"featured_media":0,"comment_status":"open","ping_status":"closed","sticky":false,"template":"","format":"standard","meta":[],"categories":[6],"tags":[],"acf":[],"_links":{"self":[{"href":"http:\/\/www.pasadenahoy.com\/primero\/wp-json\/wp\/v2\/posts\/11944"}],"collection":[{"href":"http:\/\/www.pasadenahoy.com\/primero\/wp-json\/wp\/v2\/posts"}],"about":[{"href":"http:\/\/www.pasadenahoy.com\/primero\/wp-json\/wp\/v2\/types\/post"}],"author":[{"embeddable":true,"href":"http:\/\/www.pasadenahoy.com\/primero\/wp-json\/wp\/v2\/users\/4"}],"replies":[{"embeddable":true,"href":"http:\/\/www.pasadenahoy.com\/primero\/wp-json\/wp\/v2\/comments?post=11944"}],"version-history":[{"count":2,"href":"http:\/\/www.pasadenahoy.com\/primero\/wp-json\/wp\/v2\/posts\/11944\/revisions"}],"predecessor-version":[{"id":11947,"href":"http:\/\/www.pasadenahoy.com\/primero\/wp-json\/wp\/v2\/posts\/11944\/revisions\/11947"}],"wp:attachment":[{"href":"http:\/\/www.pasadenahoy.com\/primero\/wp-json\/wp\/v2\/media?parent=11944"}],"wp:term":[{"taxonomy":"category","embeddable":true,"href":"http:\/\/www.pasadenahoy.com\/primero\/wp-json\/wp\/v2\/categories?post=11944"},{"taxonomy":"post_tag","embeddable":true,"href":"http:\/\/www.pasadenahoy.com\/primero\/wp-json\/wp\/v2\/tags?post=11944"}],"curies":[{"name":"wp","href":"https:\/\/api.w.org\/{rel}","templated":true}]}}