{"id":11952,"date":"2021-10-25T15:36:42","date_gmt":"2021-10-25T15:36:42","guid":{"rendered":"http:\/\/www.pasadenahoy.com\/primero\/?p=11952"},"modified":"2021-10-25T15:36:44","modified_gmt":"2021-10-25T15:36:44","slug":"pasadena-puede-poner-fin-a-las-estructuras-de-estacionamiento-de-propiedad-de-la-ciudad-de-estacionamiento-gratuito-de-90-minutos","status":"publish","type":"post","link":"http:\/\/www.pasadenahoy.com\/primero\/la-comunidad\/pasadena-puede-poner-fin-a-las-estructuras-de-estacionamiento-de-propiedad-de-la-ciudad-de-estacionamiento-gratuito-de-90-minutos\/","title":{"rendered":"Pasadena puede poner fin a las estructuras de estacionamiento de propiedad de la ciudad de estacionamiento gratuito de 90 minutos"},"content":{"rendered":"\n<figure class=\"wp-block-image alignnone size-large\"><figure class=\"alignnone\"><img loading=\"lazy\" width=\"700\" height=\"378\" src=\"http:\/\/www.pasadenahoy.com\/primero\/wp-content\/uploads\/2021\/10\/pic-8-1.jpg\" alt=\"\" class=\"wp-image-11953\" srcset=\"http:\/\/www.pasadenahoy.com\/primero\/wp-content\/uploads\/2021\/10\/pic-8-1.jpg 700w, http:\/\/www.pasadenahoy.com\/primero\/wp-content\/uploads\/2021\/10\/pic-8-1-300x162.jpg 300w, http:\/\/www.pasadenahoy.com\/primero\/wp-content\/uploads\/2021\/10\/pic-8-1-241x130.jpg 241w, http:\/\/www.pasadenahoy.com\/primero\/wp-content\/uploads\/2021\/10\/pic-8-1-333x180.jpg 333w, http:\/\/www.pasadenahoy.com\/primero\/wp-content\/uploads\/2021\/10\/pic-8-1-360x194.jpg 360w\" sizes=\"100vw\" \/><\/figure><\/figure>\n\n\n\n<p>La ciudad de Pasadena puede poner fin al privilegio de estacionamiento gratuito de 90 minutos en las nueve estructuras de estacionamiento p\u00fablico propiedad de la ciudad cobrando una tarifa m\u00ednima de $ 1, a partir de julio de 2022, para financiar reparaciones y trabajos de mantenimiento en las instalaciones.<\/p>\n\n\n\n<p>Esto es lo que recomienda el Departamento de Transporte despu\u00e9s de que una evaluaci\u00f3n reciente mostr\u00f3 que todas las estructuras de estacionamiento de propiedad de la ciudad necesitan reparaci\u00f3n y que la mayor parte del trabajo de reparaci\u00f3n debe completarse para fines del a\u00f1o fiscal 2024 para mantener esas instalaciones. en la operaci\u00f3n.<\/p>\n\n\n\n<p>Los fondos para estas reparaciones no est\u00e1n (y no estar\u00e1n) disponibles, a menos que la Ciudad aumente las tarifas de estacionamiento.<\/p>\n\n\n\n<p>Las nuevas tarifas de estacionamiento recomendadas son $ 1 por las primeras dos horas, $ 2 por cada hora subsiguiente y $ 12 por la tarifa diaria m\u00e1xima.<\/p>\n\n\n\n<p>La evaluaci\u00f3n realizada por la firma de ingenier\u00eda Wiss, Janney, Elstner (WJE) Associates Inc. identific\u00f3 m\u00e1s de $ 12.15 millones en reparaciones necesarias en toda la cartera de garajes de la Ciudad. Aproximadamente $ 9.5 millones en estas reparaciones deben completarse en 2024.<\/p>\n\n\n\n<p>La priorizaci\u00f3n para reparaciones urgentes, mostr\u00f3 la evaluaci\u00f3n, se bas\u00f3 en la antig\u00fcedad de los equipos actuales que deben reemplazarse y las partes de las estructuras que deben repararse para garantizar la viabilidad futura de las estructuras.<\/p>\n\n\n\n<p>Algunos de los trabajos que deben realizarse antes de fines de 2024 incluyen reparaciones y actualizaciones en los sistemas de escape de mon\u00f3xido de carbono en tres garajes propiedad de la ciudad, mejora de los sistemas y carros de ascensores antiguos en ocho garajes, instalaci\u00f3n de un nuevo revestimiento en la azotea en un garaje, y mejorar los sistemas de iluminaci\u00f3n en las nueve estructuras.<\/p>\n\n\n\n<p>La recomendaci\u00f3n del Departamento de Transporte ser\u00e1 tomada por el Comit\u00e9 de Servicios Municipales del Concejo Municipal el martes 26 de octubre, antes de ser abordada en la reuni\u00f3n completa del Concejo Municipal el lunes 1 de noviembre.<\/p>\n\n\n\n<p>Al enfatizar que el Fondo de Garajes de Estacionamiento de la Ciudad (Fondo 407) no tiene fondos disponibles para las reparaciones necesarias, el Departamento dijo que las tarifas de estacionamiento en los garajes de la Ciudad se han mantenido estables durante los \u00faltimos 20 a\u00f1os, mientras que los gastos, principalmente en aumentos de salario, materiales y suministros y el costo de las reparaciones y actualizaciones, se han incrementado en aproximadamente un tres por ciento por a\u00f1o.<\/p>\n\n\n\n<p>\u201cEl Fondo 407 finaliz\u00f3 el a\u00f1o fiscal 2020 con un saldo de fondos de $ 429,186, que es aproximadamente $ 5,000,000 menos. Se proyecta que el Fondo 407 terminar\u00e1 el a\u00f1o fiscal 2022 con un saldo de fondo negativo de &#8211; $ 1,519,796 \u201d, dijo el Departamento de Transporte en un Informe de la Agenda para el Concejo Municipal.<\/p>\n\n\n\n<p>El informe tambi\u00e9n dijo que el personal del Departamento de Transporte trabajar\u00e1 con las empresas locales cerca de los garajes propiedad de la Ciudad para crear un programa de validaci\u00f3n para que estas empresas puedan proporcionar estacionamiento a sus clientes. El Departamento tambi\u00e9n ha completado los esfuerzos de divulgaci\u00f3n para involucrar a la comunidad local y los propietarios de negocios y recopilar informaci\u00f3n para proponer las medidas recomendadas.<\/p>\n\n\n\n<p>El informe dijo que si se aprueban los cambios recomendados, el Fondo de Garajes de Estacionamiento podr\u00eda aumentar potencialmente en alrededor de $ 2.9 millones anuales.<\/p>\n\n\n\n<p>El personal del Departamento de Transporte explicar\u00e1 los detalles de las recomendaciones en la reuni\u00f3n del Comit\u00e9 de Servicios Municipales del martes, que comienza a las 4 p.m.<\/p>\n\n\n\n<p>Los miembros del p\u00fablico pueden acceder a la reuni\u00f3n a trav\u00e9s de <a href=\"http:\/\/pasadena.granicus.com\/MediaPlayer.php?publish_id=9\">http:\/\/pasadena.granicus.com\/MediaPlayer.php?publish_id=9<\/a> y<a href=\"http:\/\/www.pasadenamedia.org\/\"> www.pasadenamedia.org.<\/a><\/p>\n","protected":false},"excerpt":{"rendered":"<p>La ciudad de Pasadena puede poner fin al privilegio de estacionamiento gratuito de 90 minutos en las nueve estructuras de estacionamiento p\u00fablico propiedad de la ciudad cobrando una tarifa m\u00ednima de $ 1, a partir de julio de 2022, para financiar reparaciones y trabajos de mantenimiento en las instalaciones. Esto es lo que recomienda el Departamento de Transporte despu\u00e9s de que una evaluaci\u00f3n reciente mostr\u00f3 que todas las estructuras de estacionamiento de propiedad de la ciudad necesitan reparaci\u00f3n y que [&hellip;]<\/p>\n","protected":false},"author":4,"featured_media":0,"comment_status":"open","ping_status":"closed","sticky":false,"template":"","format":"standard","meta":[],"categories":[4],"tags":[],"acf":[],"_links":{"self":[{"href":"http:\/\/www.pasadenahoy.com\/primero\/wp-json\/wp\/v2\/posts\/11952"}],"collection":[{"href":"http:\/\/www.pasadenahoy.com\/primero\/wp-json\/wp\/v2\/posts"}],"about":[{"href":"http:\/\/www.pasadenahoy.com\/primero\/wp-json\/wp\/v2\/types\/post"}],"author":[{"embeddable":true,"href":"http:\/\/www.pasadenahoy.com\/primero\/wp-json\/wp\/v2\/users\/4"}],"replies":[{"embeddable":true,"href":"http:\/\/www.pasadenahoy.com\/primero\/wp-json\/wp\/v2\/comments?post=11952"}],"version-history":[{"count":2,"href":"http:\/\/www.pasadenahoy.com\/primero\/wp-json\/wp\/v2\/posts\/11952\/revisions"}],"predecessor-version":[{"id":11955,"href":"http:\/\/www.pasadenahoy.com\/primero\/wp-json\/wp\/v2\/posts\/11952\/revisions\/11955"}],"wp:attachment":[{"href":"http:\/\/www.pasadenahoy.com\/primero\/wp-json\/wp\/v2\/media?parent=11952"}],"wp:term":[{"taxonomy":"category","embeddable":true,"href":"http:\/\/www.pasadenahoy.com\/primero\/wp-json\/wp\/v2\/categories?post=11952"},{"taxonomy":"post_tag","embeddable":true,"href":"http:\/\/www.pasadenahoy.com\/primero\/wp-json\/wp\/v2\/tags?post=11952"}],"curies":[{"name":"wp","href":"https:\/\/api.w.org\/{rel}","templated":true}]}}