{"id":11956,"date":"2021-10-25T15:43:46","date_gmt":"2021-10-25T15:43:46","guid":{"rendered":"http:\/\/www.pasadenahoy.com\/primero\/?p=11956"},"modified":"2021-10-25T15:43:48","modified_gmt":"2021-10-25T15:43:48","slug":"el-departamento-de-policia-de-pasadena-k-9-kyra-se-retiro-luego-de-un-diagnostico-de-cancer","status":"publish","type":"post","link":"http:\/\/www.pasadenahoy.com\/primero\/la-comunidad\/el-departamento-de-policia-de-pasadena-k-9-kyra-se-retiro-luego-de-un-diagnostico-de-cancer\/","title":{"rendered":"El Departamento de Polic\u00eda de Pasadena K-9 &#8216;Kyra&#8217; se retir\u00f3 luego de un diagn\u00f3stico de c\u00e1ncer"},"content":{"rendered":"\n<figure class=\"wp-block-image alignnone size-large\"><figure class=\"alignnone\"><img loading=\"lazy\" width=\"700\" height=\"378\" src=\"http:\/\/www.pasadenahoy.com\/primero\/wp-content\/uploads\/2021\/10\/pic-9-1.jpg\" alt=\"\" class=\"wp-image-11957\" srcset=\"http:\/\/www.pasadenahoy.com\/primero\/wp-content\/uploads\/2021\/10\/pic-9-1.jpg 700w, http:\/\/www.pasadenahoy.com\/primero\/wp-content\/uploads\/2021\/10\/pic-9-1-300x162.jpg 300w, http:\/\/www.pasadenahoy.com\/primero\/wp-content\/uploads\/2021\/10\/pic-9-1-241x130.jpg 241w, http:\/\/www.pasadenahoy.com\/primero\/wp-content\/uploads\/2021\/10\/pic-9-1-333x180.jpg 333w, http:\/\/www.pasadenahoy.com\/primero\/wp-content\/uploads\/2021\/10\/pic-9-1-360x194.jpg 360w\" sizes=\"100vw\" \/><figcaption><span class=\"caption-text\">El oficial de polic\u00eda de Pasadena, Cameron Prestiwich, y su compa\u00f1era de K-9, Kyra, en una foto sin fecha proporcionada por el Departamento de Polic\u00eda de Pasadena.<\/span><\/figcaption><\/figure><\/figure>\n\n\n\n<p>Despu\u00e9s de servir en el Departamento de Polic\u00eda de Pasadena durante m\u00e1s de cinco a\u00f1os, K-9 &#8216;Kyra&#8217; se retir\u00f3 luego de un diagn\u00f3stico de c\u00e1ncer de h\u00edgado y vivir\u00e1 sus d\u00edas c\u00f3modamente en la casa de su manejador, dijeron las autoridades.<\/p>\n\n\n\n<p>Kyra fue la primera mujer K-9 del departamento y la primera K-9 en formar parte del equipo SWAT del departamento, dijo el PPD en una declaraci\u00f3n escrita. Se asoci\u00f3 con el oficial Cameron Prestwich.<\/p>\n\n\n\n<div class=\"wp-block-image alignright\"><figure class=\"alignright size-large\"><img loading=\"lazy\" width=\"300\" height=\"400\" src=\"http:\/\/www.pasadenahoy.com\/primero\/wp-content\/uploads\/2021\/10\/9a.jpg\" alt=\"\" class=\"wp-image-11958\" srcset=\"http:\/\/www.pasadenahoy.com\/primero\/wp-content\/uploads\/2021\/10\/9a.jpg 300w, http:\/\/www.pasadenahoy.com\/primero\/wp-content\/uploads\/2021\/10\/9a-225x300.jpg 225w, http:\/\/www.pasadenahoy.com\/primero\/wp-content\/uploads\/2021\/10\/9a-98x130.jpg 98w, http:\/\/www.pasadenahoy.com\/primero\/wp-content\/uploads\/2021\/10\/9a-135x180.jpg 135w\" sizes=\"100vw\" \/><figcaption><span class=\"caption-text\">El oficial de polic\u00eda de Pasadena, Cameron Prestiwich, y su compa\u00f1era de K-9, Kyra, en una foto sin fecha proporcionada por el Departamento de Polic\u00eda de Pasadena.<\/span><\/figcaption><\/figure><\/div>\n\n\n\n<p>\u201cA principios de este mes, Kyra se enferm\u00f3 y despu\u00e9s de varias pruebas le diagnosticaron c\u00e1ncer de h\u00edgado\u201d, seg\u00fan el comunicado.<\/p>\n\n\n\n<p><br>Kyra es un pastor holand\u00e9s atigrado de 8 a\u00f1os y medio, nacido en los Pa\u00edses Bajos, dijo la polic\u00eda.<\/p>\n\n\n\n<p>La condici\u00f3n del animal ha mejorado despu\u00e9s del tratamiento m\u00e9dico y el cuidado &#8220;diligente&#8221; de su manejador, pero ya no estar\u00e1 empleada en el servicio policial, dijeron las autoridades.<\/p>\n\n\n\n<p>&#8220;Kyra ser\u00e1 transferida oficialmente al oficial Prestwich, donde podr\u00e1 vivir el resto de su vida en un entorno libre de estr\u00e9s&#8221;, seg\u00fan el comunicado. &#8220;Esperamos que tenga muchos a\u00f1os para hacerlo&#8221;.<\/p>\n","protected":false},"excerpt":{"rendered":"<p>Despu\u00e9s de servir en el Departamento de Polic\u00eda de Pasadena durante m\u00e1s de cinco a\u00f1os, K-9 &#8216;Kyra&#8217; se retir\u00f3 luego de un diagn\u00f3stico de c\u00e1ncer de h\u00edgado y vivir\u00e1 sus d\u00edas c\u00f3modamente en la casa de su manejador, dijeron las autoridades. Kyra fue la primera mujer K-9 del departamento y la primera K-9 en formar parte del equipo SWAT del departamento, dijo el PPD en una declaraci\u00f3n escrita. Se asoci\u00f3 con el oficial Cameron Prestwich. \u201cA principios de este mes, [&hellip;]<\/p>\n","protected":false},"author":4,"featured_media":0,"comment_status":"open","ping_status":"closed","sticky":false,"template":"","format":"standard","meta":[],"categories":[4],"tags":[],"acf":[],"_links":{"self":[{"href":"http:\/\/www.pasadenahoy.com\/primero\/wp-json\/wp\/v2\/posts\/11956"}],"collection":[{"href":"http:\/\/www.pasadenahoy.com\/primero\/wp-json\/wp\/v2\/posts"}],"about":[{"href":"http:\/\/www.pasadenahoy.com\/primero\/wp-json\/wp\/v2\/types\/post"}],"author":[{"embeddable":true,"href":"http:\/\/www.pasadenahoy.com\/primero\/wp-json\/wp\/v2\/users\/4"}],"replies":[{"embeddable":true,"href":"http:\/\/www.pasadenahoy.com\/primero\/wp-json\/wp\/v2\/comments?post=11956"}],"version-history":[{"count":2,"href":"http:\/\/www.pasadenahoy.com\/primero\/wp-json\/wp\/v2\/posts\/11956\/revisions"}],"predecessor-version":[{"id":11960,"href":"http:\/\/www.pasadenahoy.com\/primero\/wp-json\/wp\/v2\/posts\/11956\/revisions\/11960"}],"wp:attachment":[{"href":"http:\/\/www.pasadenahoy.com\/primero\/wp-json\/wp\/v2\/media?parent=11956"}],"wp:term":[{"taxonomy":"category","embeddable":true,"href":"http:\/\/www.pasadenahoy.com\/primero\/wp-json\/wp\/v2\/categories?post=11956"},{"taxonomy":"post_tag","embeddable":true,"href":"http:\/\/www.pasadenahoy.com\/primero\/wp-json\/wp\/v2\/tags?post=11956"}],"curies":[{"name":"wp","href":"https:\/\/api.w.org\/{rel}","templated":true}]}}