{"id":11982,"date":"2021-10-26T15:16:33","date_gmt":"2021-10-26T15:16:33","guid":{"rendered":"http:\/\/www.pasadenahoy.com\/primero\/?p=11982"},"modified":"2021-10-26T15:16:36","modified_gmt":"2021-10-26T15:16:36","slug":"pasadena-prohibe-la-venta-de-productos-de-tabaco-aromatizados","status":"publish","type":"post","link":"http:\/\/www.pasadenahoy.com\/primero\/la-comunidad\/pasadena-prohibe-la-venta-de-productos-de-tabaco-aromatizados\/","title":{"rendered":"Pasadena proh\u00edbe la venta de productos de tabaco aromatizados"},"content":{"rendered":"\n<figure class=\"wp-block-image alignnone size-large\"><figure class=\"alignnone\"><img loading=\"lazy\" width=\"700\" height=\"378\" src=\"http:\/\/www.pasadenahoy.com\/primero\/wp-content\/uploads\/2021\/10\/pic-4-11.jpg\" alt=\"\" class=\"wp-image-11983\" srcset=\"http:\/\/www.pasadenahoy.com\/primero\/wp-content\/uploads\/2021\/10\/pic-4-11.jpg 700w, http:\/\/www.pasadenahoy.com\/primero\/wp-content\/uploads\/2021\/10\/pic-4-11-300x162.jpg 300w, http:\/\/www.pasadenahoy.com\/primero\/wp-content\/uploads\/2021\/10\/pic-4-11-241x130.jpg 241w, http:\/\/www.pasadenahoy.com\/primero\/wp-content\/uploads\/2021\/10\/pic-4-11-333x180.jpg 333w, http:\/\/www.pasadenahoy.com\/primero\/wp-content\/uploads\/2021\/10\/pic-4-11-360x194.jpg 360w\" sizes=\"100vw\" \/><\/figure><\/figure>\n\n\n\n<p>El Ayuntamiento de Pasadena aprob\u00f3 cambios a la licencia de venta minorista de tabaco de la ciudad y las ordenanzas de prevenci\u00f3n del consumo de tabaco que proh\u00edben efectivamente la distribuci\u00f3n y venta dentro de la ciudad de productos de tabaco aromatizados, incluidos los l\u00edquidos para dispositivos electr\u00f3nicos para fumar y los productos de narguile aromatizados.<\/p>\n\n\n\n<p>Los miembros del consejo votaron por unanimidad para aprobar las enmiendas durante la reuni\u00f3n del consejo el lunes.<\/p>\n\n\n\n<p>\u201cLo m\u00e1s importante en nuestra ciudad es la salud de nuestra gente\u201d, dijo el concejal Tyron Hampton. &#8220;Es la elecci\u00f3n de cualquier adulto fumar y hacer lo que le gusta hacer para su disfrute, pero si est\u00e1 buscando comprar humo con sabor en la ciudad de Pasadena, lamento que este no sea el lugar&#8221;.<\/p>\n\n\n\n<p>&#8220;Tenemos que escuchar a nuestra juventud, tenemos que pensar en nuestro futuro&#8221;, agreg\u00f3 Hampton.<\/p>\n\n\n\n<p>Las enmiendas alinean las ordenanzas de la ciudad con la ley estatal actual. Su intenci\u00f3n es mitigar el n\u00famero de j\u00f3venes que consumen tabaco. Un informe del personal de la ciudad dijo que, seg\u00fan el Journal of the American Medical Association, el 81% de los j\u00f3venes que alguna vez han consumido productos de tabaco comenzaron con un producto con sabor.<\/p>\n\n\n\n<p>Las ordenanzas enmendadas afectar\u00e1n a 88 minoristas de tabaco con licencia en Pasadena que venden tabaco aromatizado, incluidos siete que anuncian la venta de productos de narguile.<\/p>\n\n\n\n<p>La lista de art\u00edculos prohibidos para la venta y distribuci\u00f3n en Pasadena incluye cigarrillos mentolados y otros productos de tabaco aromatizados, incluidos productos aromatizados para dispositivos electr\u00f3nicos para fumar, incluidos l\u00edquidos para dispositivos electr\u00f3nicos para fumar, peque\u00f1os puros aromatizados, narguile aromatizado y productos similares al tabaco.<\/p>\n\n\n\n<p>Las enmiendas no proh\u00edben el uso de productos de tabaco aromatizados, excepto en \u00e1reas espec\u00edficas donde est\u00e1 prohibido fumar.<\/p>\n\n\n\n<p>La ley del estado de California proh\u00edbe fumar en lugares cerrados, mientras que el C\u00f3digo Municipal de Pasadena proh\u00edbe fumar en ciertos espacios p\u00fablicos al aire libre, incluidas las \u00e1reas no cerradas de bares y restaurantes.<\/p>\n\n\n\n<p>Hay un n\u00famero creciente de estados y ciudades del pa\u00eds que proh\u00edben la venta de productos de tabaco aromatizados y mentolados.<\/p>\n\n\n\n<p>Solo en California, 109 jurisdicciones, incluidas \u00e1reas no incorporadas del condado de Los \u00c1ngeles y las ciudades de Beverly Hills, Burbank, Carson, Compton, Culver City, Cudahy, El Monte, Glendale, Hermosa Beach, Laguna Niguel, Long Beach, Manhattan Beach, Maywood , Redondo Beach, West Hollywood y Ventura ya aprobaron la prohibici\u00f3n de la venta de tabaco aromatizado.<\/p>\n\n\n\n<p>De las 109 jurisdicciones con una prohibici\u00f3n de saborizantes, solo 8 tienen una exenci\u00f3n de narguile.<\/p>\n\n\n\n<p>En abril de 2021, la Administraci\u00f3n de Drogas y Alimentos de los EE. UU. (&#8220;FDA&#8221;) anunci\u00f3 que est\u00e1 trabajando para emitir est\u00e1ndares de productos propuestos durante el pr\u00f3ximo a\u00f1o para prohibir el mentol como sabor caracter\u00edstico en los cigarrillos y prohibir todos los sabores caracter\u00edsticos (incluido el mentol) en los cigarros. La FDA no ha proporcionado un cronograma que explique cu\u00e1ndo entrar\u00e1 en vigencia dicha prohibici\u00f3n.<\/p>\n","protected":false},"excerpt":{"rendered":"<p>El Ayuntamiento de Pasadena aprob\u00f3 cambios a la licencia de venta minorista de tabaco de la ciudad y las ordenanzas de prevenci\u00f3n del consumo de tabaco que proh\u00edben efectivamente la distribuci\u00f3n y venta dentro de la ciudad de productos de tabaco aromatizados, incluidos los l\u00edquidos para dispositivos electr\u00f3nicos para fumar y los productos de narguile aromatizados. Los miembros del consejo votaron por unanimidad para aprobar las enmiendas durante la reuni\u00f3n del consejo el lunes. \u201cLo m\u00e1s importante en nuestra ciudad [&hellip;]<\/p>\n","protected":false},"author":4,"featured_media":0,"comment_status":"open","ping_status":"closed","sticky":false,"template":"","format":"standard","meta":[],"categories":[4],"tags":[],"acf":[],"_links":{"self":[{"href":"http:\/\/www.pasadenahoy.com\/primero\/wp-json\/wp\/v2\/posts\/11982"}],"collection":[{"href":"http:\/\/www.pasadenahoy.com\/primero\/wp-json\/wp\/v2\/posts"}],"about":[{"href":"http:\/\/www.pasadenahoy.com\/primero\/wp-json\/wp\/v2\/types\/post"}],"author":[{"embeddable":true,"href":"http:\/\/www.pasadenahoy.com\/primero\/wp-json\/wp\/v2\/users\/4"}],"replies":[{"embeddable":true,"href":"http:\/\/www.pasadenahoy.com\/primero\/wp-json\/wp\/v2\/comments?post=11982"}],"version-history":[{"count":2,"href":"http:\/\/www.pasadenahoy.com\/primero\/wp-json\/wp\/v2\/posts\/11982\/revisions"}],"predecessor-version":[{"id":11985,"href":"http:\/\/www.pasadenahoy.com\/primero\/wp-json\/wp\/v2\/posts\/11982\/revisions\/11985"}],"wp:attachment":[{"href":"http:\/\/www.pasadenahoy.com\/primero\/wp-json\/wp\/v2\/media?parent=11982"}],"wp:term":[{"taxonomy":"category","embeddable":true,"href":"http:\/\/www.pasadenahoy.com\/primero\/wp-json\/wp\/v2\/categories?post=11982"},{"taxonomy":"post_tag","embeddable":true,"href":"http:\/\/www.pasadenahoy.com\/primero\/wp-json\/wp\/v2\/tags?post=11982"}],"curies":[{"name":"wp","href":"https:\/\/api.w.org\/{rel}","templated":true}]}}