{"id":11990,"date":"2021-10-26T15:23:48","date_gmt":"2021-10-26T15:23:48","guid":{"rendered":"http:\/\/www.pasadenahoy.com\/primero\/?p=11990"},"modified":"2021-10-26T15:23:50","modified_gmt":"2021-10-26T15:23:50","slug":"el-consejo-finalmente-realiza-la-primera-lectura-de-la-ordenanza-enmendada-sobre-el-cannabis","status":"publish","type":"post","link":"http:\/\/www.pasadenahoy.com\/primero\/el-gobierno-local\/el-consejo-finalmente-realiza-la-primera-lectura-de-la-ordenanza-enmendada-sobre-el-cannabis\/","title":{"rendered":"El Consejo finalmente realiza la primera lectura de la ordenanza enmendada sobre el cannabis"},"content":{"rendered":"\n<figure class=\"wp-block-image alignnone size-large\"><figure class=\"alignnone\"><img loading=\"lazy\" width=\"700\" height=\"379\" src=\"http:\/\/www.pasadenahoy.com\/primero\/wp-content\/uploads\/2021\/10\/pic-6-5.png\" alt=\"\" class=\"wp-image-11991\" srcset=\"http:\/\/www.pasadenahoy.com\/primero\/wp-content\/uploads\/2021\/10\/pic-6-5.png 700w, http:\/\/www.pasadenahoy.com\/primero\/wp-content\/uploads\/2021\/10\/pic-6-5-300x162.png 300w, http:\/\/www.pasadenahoy.com\/primero\/wp-content\/uploads\/2021\/10\/pic-6-5-240x130.png 240w, http:\/\/www.pasadenahoy.com\/primero\/wp-content\/uploads\/2021\/10\/pic-6-5-332x180.png 332w, http:\/\/www.pasadenahoy.com\/primero\/wp-content\/uploads\/2021\/10\/pic-6-5-360x195.png 360w\" sizes=\"100vw\" \/><\/figure><\/figure>\n\n\n\n<p>Despu\u00e9s de presentar el tema hace un mes, el Ayuntamiento el lunes finalmente llev\u00f3 a cabo la primera lectura de la ordenanza de cannabis enmendada de la ciudad.<\/p>\n\n\n\n<p>&#8220;Creo que es ir\u00f3nico que estemos votando para prohibir los sabores de tabaco, pero estamos votando para agregar m\u00e1s cannabis&#8221;, dijo la concejal Felicia Williams. \u201cEste es un problema de salud. Debemos ser consistentes y debemos pensar en la gente &#8220;.<\/p>\n\n\n\n<p>Williams no vot\u00f3 junto con John Kennedy y Gene Masuda.<\/p>\n\n\n\n<p>Kennedy se\u00f1al\u00f3 que esa ordenanza colocar\u00eda dispensarios adicionales en su \u00e1rea.<\/p>\n\n\n\n<p>Los miembros del consejo que apoyaron la ordenanza afirmaron que estaban siguiendo las \u00f3rdenes de los votantes, pero los residentes locales votaron para permitir un dispensario por distrito del consejo.<\/p>\n\n\n\n<p>En 2018, los votantes aprobaron la Medida CC, que permite un m\u00e1ximo de seis dispensarios y requiere que cada tienda mantenga una distancia de otros dispensarios, as\u00ed como de iglesias, escuelas, bibliotecas y parques.<\/p>\n\n\n\n<p>El consejo pospuso la primera lectura de la ley enmendada para que se pudiera hacer m\u00e1s trabajo despu\u00e9s de votar para enmendar la ordenanza para aumentar el n\u00famero de dispensarios permitidos en la ciudad y cambiar los requisitos de distancia entre esos puntos de venta.<\/p>\n\n\n\n<p>Las nuevas regulaciones, como se redactaron originalmente, permitir\u00edan que el n\u00famero de minoristas de cannabis aumente en el Distrito 3 y disminuya la distancia requerida entre los minoristas de 1,000 pies a 450 pies.<\/p>\n\n\n\n<p>\u201cEsta legislaci\u00f3n es necesaria para permitir sitios potenciales adicionales en los que se pueda establecer un uso minorista de cannabis\u201d, seg\u00fan un informe del personal de la ciudad. \u201cLa disminuci\u00f3n en la distancia de separaci\u00f3n y el aumento de hasta tres sitios por distrito del consejo abrir\u00e1n sitios potenciales adicionales. Se mantendr\u00e1 el l\u00edmite de seis permisos en toda la ciudad, por lo que no aumentar\u00e1 el n\u00famero potencial absoluto de minoristas. Esta legislaci\u00f3n tambi\u00e9n es necesaria para corregir un error en la separaci\u00f3n de la distancia de los laboratorios de cannabis y otros usos del cannabis, para que sean compatibles con otros requisitos de separaci\u00f3n similares.<\/p>\n\n\n\n<p>Finalmente, esta legislaci\u00f3n es necesaria para aumentar el tiempo dentro del cual un solicitante puede obtener un permiso de cannabis dado el tiempo que tomar\u00e1 procesar las solicitudes en los sitios de mayor potencial &#8220;.<\/p>\n\n\n\n<p>Los residentes locales han pedido un programa de equidad social para los afroamericanos y latinos que han soportado la peor parte de las acciones policiales durante d\u00e9cadas por las actividades ilegales de cannabis en ese momento, pero ahora se est\u00e1n eliminando los beneficios econ\u00f3micos de vender cannabis legalmente.<\/p>\n\n\n\n<p>En Pasadena, cost\u00f3 $ 14,000 solo para ingresar al proceso de aprobaci\u00f3n de cannabis de la ciudad, que algunos dicen que mantuvo a las minor\u00edas fuera del proceso.<\/p>\n\n\n\n<p>No se espera que la ciudad considere implementar un programa de equidad social para el comercio de cannabis hasta el pr\u00f3ximo a\u00f1o.<\/p>\n\n\n\n<p>Las enmiendas propuestas eliminar\u00edan esos l\u00edmites de distancia mediante la adopci\u00f3n de requisitos impuestos por el estado.<\/p>\n\n\n\n<p>La ciudad eligi\u00f3 seis dispensarios en 2019 para avanzar en su proceso con Integral, Atrium, Sweetflower, Medmen, Harvest y Tony Fong.<\/p>\n\n\n\n<p>Hasta ahora, solo dos de esos dispensarios, Integral y Tony Fong, han abierto. Seg\u00fan un informe del personal, Harvest tiene planes de abrir en el Distrito 3.<\/p>\n","protected":false},"excerpt":{"rendered":"<p>Despu\u00e9s de presentar el tema hace un mes, el Ayuntamiento el lunes finalmente llev\u00f3 a cabo la primera lectura de la ordenanza de cannabis enmendada de la ciudad. &#8220;Creo que es ir\u00f3nico que estemos votando para prohibir los sabores de tabaco, pero estamos votando para agregar m\u00e1s cannabis&#8221;, dijo la concejal Felicia Williams. \u201cEste es un problema de salud. Debemos ser consistentes y debemos pensar en la gente &#8220;. Williams no vot\u00f3 junto con John Kennedy y Gene Masuda. Kennedy [&hellip;]<\/p>\n","protected":false},"author":4,"featured_media":0,"comment_status":"open","ping_status":"closed","sticky":false,"template":"","format":"standard","meta":[],"categories":[6],"tags":[],"acf":[],"_links":{"self":[{"href":"http:\/\/www.pasadenahoy.com\/primero\/wp-json\/wp\/v2\/posts\/11990"}],"collection":[{"href":"http:\/\/www.pasadenahoy.com\/primero\/wp-json\/wp\/v2\/posts"}],"about":[{"href":"http:\/\/www.pasadenahoy.com\/primero\/wp-json\/wp\/v2\/types\/post"}],"author":[{"embeddable":true,"href":"http:\/\/www.pasadenahoy.com\/primero\/wp-json\/wp\/v2\/users\/4"}],"replies":[{"embeddable":true,"href":"http:\/\/www.pasadenahoy.com\/primero\/wp-json\/wp\/v2\/comments?post=11990"}],"version-history":[{"count":2,"href":"http:\/\/www.pasadenahoy.com\/primero\/wp-json\/wp\/v2\/posts\/11990\/revisions"}],"predecessor-version":[{"id":11993,"href":"http:\/\/www.pasadenahoy.com\/primero\/wp-json\/wp\/v2\/posts\/11990\/revisions\/11993"}],"wp:attachment":[{"href":"http:\/\/www.pasadenahoy.com\/primero\/wp-json\/wp\/v2\/media?parent=11990"}],"wp:term":[{"taxonomy":"category","embeddable":true,"href":"http:\/\/www.pasadenahoy.com\/primero\/wp-json\/wp\/v2\/categories?post=11990"},{"taxonomy":"post_tag","embeddable":true,"href":"http:\/\/www.pasadenahoy.com\/primero\/wp-json\/wp\/v2\/tags?post=11990"}],"curies":[{"name":"wp","href":"https:\/\/api.w.org\/{rel}","templated":true}]}}