{"id":12001,"date":"2021-10-27T15:20:39","date_gmt":"2021-10-27T15:20:39","guid":{"rendered":"http:\/\/www.pasadenahoy.com\/primero\/?p=12001"},"modified":"2021-10-27T15:28:23","modified_gmt":"2021-10-27T15:28:23","slug":"los-limites-del-financiamiento-de-la-campana-volveran-al-comite-de-politica-legislativa-para-otra-ronda","status":"publish","type":"post","link":"http:\/\/www.pasadenahoy.com\/primero\/el-gobierno-local\/los-limites-del-financiamiento-de-la-campana-volveran-al-comite-de-politica-legislativa-para-otra-ronda\/","title":{"rendered":"Los l\u00edmites del financiamiento de la campa\u00f1a volver\u00e1n al Comit\u00e9 de Pol\u00edtica Legislativa para otra ronda"},"content":{"rendered":"\n<figure class=\"wp-block-image alignnone size-large\"><figure class=\"alignnone\"><img loading=\"lazy\" width=\"700\" height=\"378\" src=\"http:\/\/www.pasadenahoy.com\/primero\/wp-content\/uploads\/2021\/10\/pic-2-12.jpg\" alt=\"\" class=\"wp-image-12003\" srcset=\"http:\/\/www.pasadenahoy.com\/primero\/wp-content\/uploads\/2021\/10\/pic-2-12.jpg 700w, http:\/\/www.pasadenahoy.com\/primero\/wp-content\/uploads\/2021\/10\/pic-2-12-300x162.jpg 300w, http:\/\/www.pasadenahoy.com\/primero\/wp-content\/uploads\/2021\/10\/pic-2-12-241x130.jpg 241w, http:\/\/www.pasadenahoy.com\/primero\/wp-content\/uploads\/2021\/10\/pic-2-12-333x180.jpg 333w, http:\/\/www.pasadenahoy.com\/primero\/wp-content\/uploads\/2021\/10\/pic-2-12-360x194.jpg 360w\" sizes=\"100vw\" \/><\/figure><\/figure>\n\n\n\n<p>Con el tiempo corriendo, el presidente de Pol\u00edtica Legislativa, Steve Madison, opt\u00f3 por traer una posible ordenanza de reforma financiera de campa\u00f1a al comit\u00e9 del consejo de la ciudad el pr\u00f3ximo mes.<\/p>\n\n\n\n<p>El comit\u00e9 escuch\u00f3 el tema el martes, pero no tuvo una discusi\u00f3n sustancial sobre el asunto debido a la reuni\u00f3n del Comit\u00e9 de Servicios Municipales que estaba programada para comenzar a las 4 p.m. inmediatamente despu\u00e9s de la pol\u00edtica legislativa.<\/p>\n\n\n\n<p>Desde enero, los l\u00edmites de contribuci\u00f3n a la campa\u00f1a est\u00e1n regulados por una ley estatal que limita las contribuciones a $ 4,900 por persona.<\/p>\n\n\n\n<p>Hist\u00f3ricamente, la ciudad no ha tenido l\u00edmites en las donaciones de campa\u00f1a, lo que no le sienta bien a los residentes locales.<\/p>\n\n\n\n<p>\u201cTodos los oradores de la \u00faltima audiencia y todos los oradores del 26 de octubre [17 en total] les pidieron que mantuvieran los l\u00edmites de contribuci\u00f3n de $ 4,900\u201d, dijo Denise Robb, residente y profesora de Ciencias Pol\u00edticas.<\/p>\n\n\n\n<p>Varios residentes afirmaron que los l\u00edmites de la campa\u00f1a eliminar\u00edan la corrupci\u00f3n de la pol\u00edtica local, pero el concejal Madison se\u00f1al\u00f3 que actualmente ning\u00fan concejal est\u00e1 siendo investigado por corrupci\u00f3n.<\/p>\n\n\n\n<p>&#8220;Si alguien sabe de corrupci\u00f3n, por favor ll\u00e1meme a m\u00ed o al secretario de la ciudad o al abogado de la ciudad&#8221;, dijo Madison.<\/p>\n\n\n\n<p>Seg\u00fan Jonathan Mehta Stein, director ejecutivo de Common Cause, quien habl\u00f3 en la reuni\u00f3n, dijo que los l\u00edmites de contribuci\u00f3n son esenciales porque limitan el quid pro quo, legalizan la corrupci\u00f3n o una &#8220;inclinaci\u00f3n sutil hacia la persona que dona y perciben la corrupci\u00f3n&#8221;.<\/p>\n\n\n\n<p>Stein dijo que las ciudades comparables a Pasadena en poblaci\u00f3n y elecciones tienen l\u00edmites de campa\u00f1a mucho m\u00e1s bajos.<\/p>\n\n\n\n<p>Seg\u00fan Stein, el 77% de todos los estadounidenses apoyan los l\u00edmites de contribuci\u00f3n para crear m\u00e1s confianza en nuestra democracia y credibilidad entre los candidatos.<\/p>\n\n\n\n<p>Pero las contribuciones de campa\u00f1a no fueron las \u00fanicas preocupaciones del comit\u00e9.<\/p>\n\n\n\n<p>Gordo y Madison expresaron abiertamente su preocupaci\u00f3n por los gastos independientes. El concejal Gene Masuda tambi\u00e9n pareci\u00f3 preocupado.<\/p>\n\n\n\n<p>Gordo desafi\u00f3 a Stein directamente, sosteniendo la portada de una hoja de informes por un gasto independiente de $ 35,000 y pregunt\u00e1ndole a Stein si pod\u00eda identificar qui\u00e9n hizo el gasto.<\/p>\n\n\n\n<p>Un gasto independiente apoya la elecci\u00f3n o derrota de un candidato claramente identificado, pero no se realiza en coordinaci\u00f3n con ning\u00fan candidato o campa\u00f1a.<\/p>\n\n\n\n<p>El dinero se puede utilizar para anuncios, llamadas autom\u00e1ticas, anuncios publicitarios, letreros en el patio y otras comunicaciones que brindan al candidato una amplia visibilidad.<\/p>\n\n\n\n<p>Para empeorar las cosas, los gastos independientes son m\u00e1s dif\u00edciles de rastrear que las contribuciones de campa\u00f1a.<\/p>\n\n\n\n<p>El IE de $ 35,000 fue presentado por el Comit\u00e9 de Soluciones de Vivienda de la Asociaci\u00f3n de Apartamentos de California.<\/p>\n\n\n\n<p>Durante un foro de la alcald\u00eda, el ex alcalde Tornek dijo que se reuni\u00f3 con el grupo, pero dijo que no estaba al tanto del gasto hasta que Gordo le pregunt\u00f3 al respecto.<\/p>\n\n\n\n<p>Los gastos independientes est\u00e1n dise\u00f1ados para ser independientes de la campa\u00f1a del candidato y pueden realizarse sin el conocimiento de la campa\u00f1a. Durante las \u00faltimas elecciones, Masuda dijo que no estaba al tanto de un gasto independiente presentado por la Asociaci\u00f3n de Oficiales de Polic\u00eda de Pasadena.<\/p>\n\n\n\n<p>\u201cEsos tendr\u00e1n m\u00e1s peso\u201d, dijo Madison.<\/p>\n\n\n\n<p>La ciudad podr\u00eda adoptar una ordenanza que obligue a la divulgaci\u00f3n de anuncios y anuncios publicitarios pagados con gastos independientes.<\/p>\n\n\n\n<p>\u201cLa gente puede mirar los formularios y ver los nombres de las personas que me dan dinero\u201d, dijo Gordo. &#8220;Pero no pueden ver qui\u00e9n present\u00f3 el gasto independiente&#8221;.<\/p>\n\n\n\n<p>Si la ciudad va a tomar medidas sobre la reforma de la campa\u00f1a, lo m\u00e1s probable es que lo haga antes de la fecha de presentaci\u00f3n de candidatos en febrero. Los esca\u00f1os en los distritos 3, 5 y 7 se decidir\u00e1n en las elecciones de junio.<\/p>\n\n\n\n<p>Jess Rivas, titular del Distrito 5, ya ha expresado su apoyo a los l\u00edmites de la campa\u00f1a y actualmente est\u00e1 recaudando fondos por debajo de los $ 4,900 del estado.<\/p>\n\n\n\n<p>\u201cLa mayor\u00eda de los ciudadanos ya creen que los ricos controlan todos los aspectos de nuestro gobierno\u201d, dijo la residente Areta Crowell. \u201c\u00a1Si bien cuesta llevar a cabo una campa\u00f1a, lo mejor sucede cuando el candidato conoce a la gente y conoce al candidato! Se fomenta la participaci\u00f3n amplia cuando hay l\u00edmites. Cada voz cuenta. La participaci\u00f3n de las bases es necesaria para restaurar la confianza de que los mejores intereses de toda la comunidad guiar\u00e1n las decisiones de nuestros funcionarios electos &#8220;.<\/p>\n","protected":false},"excerpt":{"rendered":"<p>Con el tiempo corriendo, el presidente de Pol\u00edtica Legislativa, Steve Madison, opt\u00f3 por traer una posible ordenanza de reforma financiera de campa\u00f1a al comit\u00e9 del consejo de la ciudad el pr\u00f3ximo mes. El comit\u00e9 escuch\u00f3 el tema el martes, pero no tuvo una discusi\u00f3n sustancial sobre el asunto debido a la reuni\u00f3n del Comit\u00e9 de Servicios Municipales que estaba programada para comenzar a las 4 p.m. inmediatamente despu\u00e9s de la pol\u00edtica legislativa. Desde enero, los l\u00edmites de contribuci\u00f3n a la [&hellip;]<\/p>\n","protected":false},"author":4,"featured_media":12003,"comment_status":"open","ping_status":"closed","sticky":false,"template":"","format":"standard","meta":[],"categories":[6],"tags":[],"acf":[],"_links":{"self":[{"href":"http:\/\/www.pasadenahoy.com\/primero\/wp-json\/wp\/v2\/posts\/12001"}],"collection":[{"href":"http:\/\/www.pasadenahoy.com\/primero\/wp-json\/wp\/v2\/posts"}],"about":[{"href":"http:\/\/www.pasadenahoy.com\/primero\/wp-json\/wp\/v2\/types\/post"}],"author":[{"embeddable":true,"href":"http:\/\/www.pasadenahoy.com\/primero\/wp-json\/wp\/v2\/users\/4"}],"replies":[{"embeddable":true,"href":"http:\/\/www.pasadenahoy.com\/primero\/wp-json\/wp\/v2\/comments?post=12001"}],"version-history":[{"count":2,"href":"http:\/\/www.pasadenahoy.com\/primero\/wp-json\/wp\/v2\/posts\/12001\/revisions"}],"predecessor-version":[{"id":12005,"href":"http:\/\/www.pasadenahoy.com\/primero\/wp-json\/wp\/v2\/posts\/12001\/revisions\/12005"}],"wp:featuredmedia":[{"embeddable":true,"href":"http:\/\/www.pasadenahoy.com\/primero\/wp-json\/wp\/v2\/media\/12003"}],"wp:attachment":[{"href":"http:\/\/www.pasadenahoy.com\/primero\/wp-json\/wp\/v2\/media?parent=12001"}],"wp:term":[{"taxonomy":"category","embeddable":true,"href":"http:\/\/www.pasadenahoy.com\/primero\/wp-json\/wp\/v2\/categories?post=12001"},{"taxonomy":"post_tag","embeddable":true,"href":"http:\/\/www.pasadenahoy.com\/primero\/wp-json\/wp\/v2\/tags?post=12001"}],"curies":[{"name":"wp","href":"https:\/\/api.w.org\/{rel}","templated":true}]}}