{"id":12015,"date":"2021-10-27T15:35:50","date_gmt":"2021-10-27T15:35:50","guid":{"rendered":"http:\/\/www.pasadenahoy.com\/primero\/?p=12015"},"modified":"2021-10-27T15:35:53","modified_gmt":"2021-10-27T15:35:53","slug":"el-comite-de-la-ciudad-vota-para-eliminar-el-estacionamiento-gratuito-de-90-minutos-en-las-estructuras-de-estacionamiento-publico-de-pasadena","status":"publish","type":"post","link":"http:\/\/www.pasadenahoy.com\/primero\/la-comunidad\/el-comite-de-la-ciudad-vota-para-eliminar-el-estacionamiento-gratuito-de-90-minutos-en-las-estructuras-de-estacionamiento-publico-de-pasadena\/","title":{"rendered":"El Comit\u00e9 de la Ciudad vota para eliminar el estacionamiento gratuito de 90 minutos en las estructuras de estacionamiento p\u00fablico de Pasadena"},"content":{"rendered":"\n<figure class=\"wp-block-image alignnone size-large\"><figure class=\"alignnone\"><img loading=\"lazy\" width=\"700\" height=\"378\" src=\"http:\/\/www.pasadenahoy.com\/primero\/wp-content\/uploads\/2021\/10\/pic-5-9.jpg\" alt=\"\" class=\"wp-image-12016\" srcset=\"http:\/\/www.pasadenahoy.com\/primero\/wp-content\/uploads\/2021\/10\/pic-5-9.jpg 700w, http:\/\/www.pasadenahoy.com\/primero\/wp-content\/uploads\/2021\/10\/pic-5-9-300x162.jpg 300w, http:\/\/www.pasadenahoy.com\/primero\/wp-content\/uploads\/2021\/10\/pic-5-9-241x130.jpg 241w, http:\/\/www.pasadenahoy.com\/primero\/wp-content\/uploads\/2021\/10\/pic-5-9-333x180.jpg 333w, http:\/\/www.pasadenahoy.com\/primero\/wp-content\/uploads\/2021\/10\/pic-5-9-360x194.jpg 360w\" sizes=\"100vw\" \/><\/figure><\/figure>\n\n\n\n<p>El Comit\u00e9 de Servicios Municipales aprob\u00f3 el martes por unanimidad la eliminaci\u00f3n del per\u00edodo de estacionamiento gratuito de 90 minutos para todas las estructuras de estacionamiento propiedad de la ciudad dentro de Pasadena.<\/p>\n\n\n\n<p>Se considera que la medida generar\u00e1 m\u00e1s ingresos, que el departamento de transporte planea utilizar para las reparaciones y mejoras necesarias en las nueve estructuras de estacionamiento de la ciudad y para cubrir los costos crecientes de gastos para el mantenimiento de los espacios de estacionamiento de la ciudad.<\/p>\n\n\n\n<p>La propuesta del departamento de transporte recomienda cobrar $ 1 por las primeras 2 horas y $ 2 por cada hora subsiguiente de estacionamiento, con una tarifa m\u00e1xima diaria de estacionamiento de $ 12, a partir del 1 de julio de 2022.<\/p>\n\n\n\n<p>La Ciudad posee nueve estacionamientos ubicados en las \u00e1reas del Civic Center y Old Pasadena.<\/p>\n\n\n\n<p>La tarifa m\u00e1xima diaria se aplicar\u00eda no solo a los garajes que actualmente ofrecen 90 minutos de estacionamiento gratuito (a saber, Marriott Garage, Schoolhouse Block Garage, De Lacey Garage y Del Mar Station Garage) sino a todas las dem\u00e1s instalaciones de estacionamiento de la ciudad con la excepci\u00f3n del Garaje Plaza Las Fuentes, donde la tarifa diaria es de $ 19.<\/p>\n\n\n\n<p>&#8220;Cualquier cosa que hagamos que no nos mueva m\u00e1s hacia el mercado es un subsidio&#8221;, dijo el administrador de la ciudad Steve Mermell.<\/p>\n\n\n\n<p>Continu\u00f3: \u201cHubo un tiempo en que la ciudad pod\u00eda pagar eso. Realmente ya no podemos permitirnos el lujo de hacerlo porque necesitamos una reinversi\u00f3n significativa en estas estructuras de estacionamiento o van a fallar y no podremos usarlas &#8220;.<\/p>\n\n\n\n<p>Durante la reuni\u00f3n, Jon Hamblen, administrador de estacionamiento de la ciudad, dijo que debido a los 90 minutos de estacionamiento gratuito, aproximadamente el 55 por ciento de las transacciones en los garajes de la estaci\u00f3n Del Mar y Old Pasadena son gratis.<\/p>\n\n\n\n<p>Tambi\u00e9n mencion\u00f3 que las tarifas del garaje se han mantenido estables durante los \u00faltimos 20 a\u00f1os, mientras que los gastos han aumentado en un 3 por ciento cada a\u00f1o desde 2001.<\/p>\n\n\n\n<p>Seg\u00fan Hamblen, la estructura de tarifas propuesta es &#8220;insignificante&#8221; y &#8220;extremadamente asequible&#8221;. Agreg\u00f3 que las tarifas tambi\u00e9n siguen por debajo de las tarifas que cobran otras ciudades por el estacionamiento.<\/p>\n\n\n\n<p>\u201cCualquier per\u00edodo de estacionamiento gratuito es un subsidio. Y realmente no existe, como decimos todo el tiempo en la industria del estacionamiento, no existe el &#8216;estacionamiento gratuito&#8217;. Alguien tiene que pagar la factura al final del d\u00eda &#8220;.<\/p>\n\n\n\n<p>\u201cSentimos que esta era una buena oportunidad para impulsar la eliminaci\u00f3n de ese estacionamiento gratuito de 90 minutos para que nuestros ciudadanos se acostumbren al concepto de pagar por el estacionamiento\u201d, dijo Hamblen.<\/p>\n\n\n\n<p>Seg\u00fan Hamblen, se espera que los cambios recomendados generen un ingreso adicional estimado de $ 2.9 millones por a\u00f1o.<\/p>\n\n\n\n<p>El concejal Tyron Hampton, durante la reuni\u00f3n, inst\u00f3 al personal a estudiar la posibilidad de ofrecer tarifas con descuento para los residentes de Pasadena, ya que expres\u00f3 su preocupaci\u00f3n de que la eliminaci\u00f3n del estacionamiento gratuito los disuadir\u00e1 de patrocinar los negocios locales.<\/p>\n\n\n\n<p>\u201cHay muchos lugares ahora que han duplicado nuestra estructura en Old Pasadena. Puedes ir a Glendale y estacionar gratis \u201d, dijo Hampton. &#8220;Simplemente creo que si tenemos una tarifa para residentes, ser\u00eda un incentivo para que nuestros residentes contin\u00faen patrocinando los negocios locales&#8221;.<\/p>\n\n\n\n<p>Mientras tanto, la concejal Felicia Williams y el vicealcalde Andy Wilson pidieron al personal que considerara proporcionar un \u201cper\u00edodo de gracia\u201d de 20 a 30 minutos a las personas para cargar y descargar.<\/p>\n\n\n\n<p>Hamblen se comprometi\u00f3 a considerar las sugerencias de los concejales.<\/p>\n\n\n\n<p>A\u00f1adi\u00f3 que el personal de la ciudad ahora se est\u00e1 preparando para un plan estrat\u00e9gico de estacionamiento que abordar\u00e1 la demanda de estacionamiento a corto plazo.<\/p>\n\n\n\n<p>&#8220;Nos deshacemos de esos 90 minutos gratis y la gente busca estacionamiento por per\u00edodos m\u00e1s cortos&#8221;.<\/p>\n\n\n\n<p>&#8220;Eso es algo que el plan estrat\u00e9gico de estacionamiento nos ayudar\u00e1 a abordar&#8221;.<\/p>\n\n\n\n<p>El departamento de transporte presentar\u00e1 el plan estrat\u00e9gico de estacionamiento al Comit\u00e9 de Servicios Municipales antes de la primavera, seg\u00fan Hamblen.<\/p>\n\n\n\n<p>Mientras tanto, en la misma reuni\u00f3n, el Comit\u00e9 de Servicios Municipales tambi\u00e9n aprob\u00f3 la recomendaci\u00f3n del departamento de transporte para que la ciudad celebre un contrato de tres a\u00f1os por $ 9,028,819 con Parking Concepts Inc. para la administraci\u00f3n, operaci\u00f3n y mantenimiento de los nueve estacionamientos de propiedad de la ciudad. estructuras.<\/p>\n\n\n\n<p>Actualmente, los estacionamientos est\u00e1n siendo operados por tres proveedores contratados por separado.<\/p>\n\n\n\n<p>Se considera que la propuesta de adjudicar el contrato a un solo operador de garaje reducir\u00e1 los gastos de operaci\u00f3n de los garajes en $ 2 millones por a\u00f1o y aumentar\u00e1 la eficiencia operativa, seg\u00fan el personal de la ciudad.<\/p>\n","protected":false},"excerpt":{"rendered":"<p>El Comit\u00e9 de Servicios Municipales aprob\u00f3 el martes por unanimidad la eliminaci\u00f3n del per\u00edodo de estacionamiento gratuito de 90 minutos para todas las estructuras de estacionamiento propiedad de la ciudad dentro de Pasadena. Se considera que la medida generar\u00e1 m\u00e1s ingresos, que el departamento de transporte planea utilizar para las reparaciones y mejoras necesarias en las nueve estructuras de estacionamiento de la ciudad y para cubrir los costos crecientes de gastos para el mantenimiento de los espacios de estacionamiento de [&hellip;]<\/p>\n","protected":false},"author":4,"featured_media":0,"comment_status":"open","ping_status":"closed","sticky":false,"template":"","format":"standard","meta":[],"categories":[4],"tags":[],"acf":[],"_links":{"self":[{"href":"http:\/\/www.pasadenahoy.com\/primero\/wp-json\/wp\/v2\/posts\/12015"}],"collection":[{"href":"http:\/\/www.pasadenahoy.com\/primero\/wp-json\/wp\/v2\/posts"}],"about":[{"href":"http:\/\/www.pasadenahoy.com\/primero\/wp-json\/wp\/v2\/types\/post"}],"author":[{"embeddable":true,"href":"http:\/\/www.pasadenahoy.com\/primero\/wp-json\/wp\/v2\/users\/4"}],"replies":[{"embeddable":true,"href":"http:\/\/www.pasadenahoy.com\/primero\/wp-json\/wp\/v2\/comments?post=12015"}],"version-history":[{"count":2,"href":"http:\/\/www.pasadenahoy.com\/primero\/wp-json\/wp\/v2\/posts\/12015\/revisions"}],"predecessor-version":[{"id":12018,"href":"http:\/\/www.pasadenahoy.com\/primero\/wp-json\/wp\/v2\/posts\/12015\/revisions\/12018"}],"wp:attachment":[{"href":"http:\/\/www.pasadenahoy.com\/primero\/wp-json\/wp\/v2\/media?parent=12015"}],"wp:term":[{"taxonomy":"category","embeddable":true,"href":"http:\/\/www.pasadenahoy.com\/primero\/wp-json\/wp\/v2\/categories?post=12015"},{"taxonomy":"post_tag","embeddable":true,"href":"http:\/\/www.pasadenahoy.com\/primero\/wp-json\/wp\/v2\/tags?post=12015"}],"curies":[{"name":"wp","href":"https:\/\/api.w.org\/{rel}","templated":true}]}}