{"id":12027,"date":"2021-10-28T15:14:39","date_gmt":"2021-10-28T15:14:39","guid":{"rendered":"http:\/\/www.pasadenahoy.com\/primero\/?p=12027"},"modified":"2021-10-28T15:14:42","modified_gmt":"2021-10-28T15:14:42","slug":"la-policia-llevara-a-cabo-una-reunion-comunitaria-para-discutir-la-reciente-serie-de-tiroteos","status":"publish","type":"post","link":"http:\/\/www.pasadenahoy.com\/primero\/la-comunidad\/la-policia-llevara-a-cabo-una-reunion-comunitaria-para-discutir-la-reciente-serie-de-tiroteos\/","title":{"rendered":"La polic\u00eda llevar\u00e1 a cabo una reuni\u00f3n comunitaria para discutir la reciente serie de tiroteos"},"content":{"rendered":"\n<figure class=\"wp-block-image alignnone size-large\"><figure class=\"alignnone\"><img loading=\"lazy\" width=\"700\" height=\"378\" src=\"http:\/\/www.pasadenahoy.com\/primero\/wp-content\/uploads\/2021\/10\/pic-1-4.png\" alt=\"\" class=\"wp-image-12028\" srcset=\"http:\/\/www.pasadenahoy.com\/primero\/wp-content\/uploads\/2021\/10\/pic-1-4.png 700w, http:\/\/www.pasadenahoy.com\/primero\/wp-content\/uploads\/2021\/10\/pic-1-4-300x162.png 300w, http:\/\/www.pasadenahoy.com\/primero\/wp-content\/uploads\/2021\/10\/pic-1-4-241x130.png 241w, http:\/\/www.pasadenahoy.com\/primero\/wp-content\/uploads\/2021\/10\/pic-1-4-333x180.png 333w, http:\/\/www.pasadenahoy.com\/primero\/wp-content\/uploads\/2021\/10\/pic-1-4-360x194.png 360w\" sizes=\"100vw\" \/><\/figure><\/figure>\n\n\n\n<p>La polic\u00eda ha reforzado las patrullas y est\u00e1 planeando una reuni\u00f3n comunitaria el jueves en respuesta a una reciente ola de violencia en Pasadena, que ha incluido cuatro tiroteos desde el lunes.<\/p>\n\n\n\n<p>M\u00e1s recientemente, poco despu\u00e9s de que se anunciara la reuni\u00f3n comunitaria, se produjo un tiroteo entre autom\u00f3viles alrededor de las 8:15 p.m. a lo largo de Washington Boulevard, al oeste de Los Robles Avenue.<\/p>\n\n\n\n<p>El martes, un hombre recibi\u00f3 un disparo y result\u00f3 gravemente herido alrededor de las 5:30 p.m. en Robinson Park, 1081 N. Fair Oaks Ave., seg\u00fan el Departamento de Polic\u00eda de Pasadena.<\/p>\n\n\n\n<div class=\"wp-block-image alignright\"><figure class=\"alignright size-large\"><img loading=\"lazy\" width=\"434\" height=\"666\" src=\"http:\/\/www.pasadenahoy.com\/primero\/wp-content\/uploads\/2021\/10\/pic-1a.jpg\" alt=\"\" class=\"wp-image-12029\" srcset=\"http:\/\/www.pasadenahoy.com\/primero\/wp-content\/uploads\/2021\/10\/pic-1a.jpg 434w, http:\/\/www.pasadenahoy.com\/primero\/wp-content\/uploads\/2021\/10\/pic-1a-195x300.jpg 195w, http:\/\/www.pasadenahoy.com\/primero\/wp-content\/uploads\/2021\/10\/pic-1a-85x130.jpg 85w, http:\/\/www.pasadenahoy.com\/primero\/wp-content\/uploads\/2021\/10\/pic-1a-117x180.jpg 117w, http:\/\/www.pasadenahoy.com\/primero\/wp-content\/uploads\/2021\/10\/pic-1a-360x552.jpg 360w\" sizes=\"100vw\" \/><\/figure><\/div>\n\n\n\n<p>Dos hombres fueron baleados y gravemente heridos poco antes de las 10 p.m. Lunes en la cuadra 100 de North Summit Avenue. Y los autos estacionados recibieron disparos, pero no se reportaron heridos, cuando se escucharon disparos en un estacionamiento en Fair Oaks Avenue y Washington Boulevard alrededor de las 10:45 a.m. del lunes.<\/p>\n\n\n\n<p>El Departamento del Sheriff del condado de Los \u00c1ngeles tambi\u00e9n investig\u00f3 un tiroteo el domingo por la tarde en las cercan\u00edas de la biblioteca de Altadena en el que dos hombres resultaron heridos y hospitalizados en condici\u00f3n estable, pero no se dispuso de m\u00e1s detalles sobre el tiroteo el mi\u00e9rcoles.<\/p>\n\n\n\n<p>Hemos visto un aumento reciente en la violencia con armas de fuego tanto en Altadena como en Pasadena para incluir el \u00e1rea de Robinson Park \u201d, dijo el teniente de la polic\u00eda de Pasadena William Grisafe el mi\u00e9rcoles por la noche.<\/p>\n\n\n\n<p>&#8220;El tiroteo de ayer en Robinson Park es extremadamente preocupante, ya que hab\u00eda varios ni\u00f1os en el parque que participaban en pr\u00e1cticas deportivas en el momento del tiroteo&#8221;, dijo.<\/p>\n\n\n\n<p>Casualmente, los oficiales acababan de llegar a otra secci\u00f3n del parque momentos antes de que ocurriera el tiroteo, dijo Grisafe.<\/p>\n\n\n\n<p>Las investigaciones estaban en curso, pero se vieron obstaculizadas por una aparente falta de cooperaci\u00f3n de los testigos, seg\u00fan el teniente.<\/p>\n\n\n\n<p>Los oficiales de polic\u00eda y el concejal de la ciudad de Pasadena, John Kennedy, estaban planeando una reuni\u00f3n comunitaria de emergencia a las 6 p.m. El jueves en Robinson Park para discutir la violencia reciente.<\/p>\n\n\n\n<p>La subdirectora de polic\u00eda Cheryl Moody dijo que el departamento estaba tomando medidas para abordar el aumento en los tiroteos.<\/p>\n\n\n\n<p>\u201cDurante los \u00faltimos dos a\u00f1os, la violencia con armas de fuego en Pasadena ha afectado negativamente a varias comunidades y ha provocado que numerosas personas resulten heridas\u201d, dijo.<\/p>\n\n\n\n<p>\u201cEs especialmente preocupante cuando los responsables disparan imprudentemente en un parque de la ciudad, donde los ni\u00f1os hacen deporte. Los parques son para que disfruten las familias y los ni\u00f1os, no un lugar donde deban tener miedo de ser alcanzados por disparos \u201d, dijo Moody. &#8220;El departamento de polic\u00eda aumentar\u00e1 nuestra visibilidad de las \u00e1reas afectadas mientras trabaja con otros departamentos de la ciudad y organizaciones comunitarias para ayudar a disuadir cualquier violencia futura&#8221;.<\/p>\n\n\n\n<p>Cualquier persona que tenga informaci\u00f3n puede comunicarse con el Departamento de Polic\u00eda de Pasadena al (626) 744-450. Las pistas tambi\u00e9n se pueden enviar de forma an\u00f3nima a L.A. Regional Crime Stoppers al (800) 222-8477.<\/p>\n\n\n\n<p>Relacionado:<\/p>\n\n\n\n<p><a href=\"https:\/\/www.pasadenanow.com\/main\/man-severely-wounded-in-shooting-at-robinson-park-in-pasadena\">Hombre gravemente herido en tiroteo en Robinson Park en Pasadena<\/a><\/p>\n\n\n\n<p><a href=\"https:\/\/www.pasadenanow.com\/main\/2-men-critically-wounded-in-pasadena-shooting\">2 hombres gravemente heridos en tiroteo en Pasadena<\/a><\/p>\n","protected":false},"excerpt":{"rendered":"<p>La polic\u00eda ha reforzado las patrullas y est\u00e1 planeando una reuni\u00f3n comunitaria el jueves en respuesta a una reciente ola de violencia en Pasadena, que ha incluido cuatro tiroteos desde el lunes. M\u00e1s recientemente, poco despu\u00e9s de que se anunciara la reuni\u00f3n comunitaria, se produjo un tiroteo entre autom\u00f3viles alrededor de las 8:15 p.m. a lo largo de Washington Boulevard, al oeste de Los Robles Avenue. El martes, un hombre recibi\u00f3 un disparo y result\u00f3 gravemente herido alrededor de las [&hellip;]<\/p>\n","protected":false},"author":4,"featured_media":12028,"comment_status":"open","ping_status":"closed","sticky":false,"template":"","format":"standard","meta":[],"categories":[4],"tags":[],"acf":[],"_links":{"self":[{"href":"http:\/\/www.pasadenahoy.com\/primero\/wp-json\/wp\/v2\/posts\/12027"}],"collection":[{"href":"http:\/\/www.pasadenahoy.com\/primero\/wp-json\/wp\/v2\/posts"}],"about":[{"href":"http:\/\/www.pasadenahoy.com\/primero\/wp-json\/wp\/v2\/types\/post"}],"author":[{"embeddable":true,"href":"http:\/\/www.pasadenahoy.com\/primero\/wp-json\/wp\/v2\/users\/4"}],"replies":[{"embeddable":true,"href":"http:\/\/www.pasadenahoy.com\/primero\/wp-json\/wp\/v2\/comments?post=12027"}],"version-history":[{"count":2,"href":"http:\/\/www.pasadenahoy.com\/primero\/wp-json\/wp\/v2\/posts\/12027\/revisions"}],"predecessor-version":[{"id":12031,"href":"http:\/\/www.pasadenahoy.com\/primero\/wp-json\/wp\/v2\/posts\/12027\/revisions\/12031"}],"wp:featuredmedia":[{"embeddable":true,"href":"http:\/\/www.pasadenahoy.com\/primero\/wp-json\/wp\/v2\/media\/12028"}],"wp:attachment":[{"href":"http:\/\/www.pasadenahoy.com\/primero\/wp-json\/wp\/v2\/media?parent=12027"}],"wp:term":[{"taxonomy":"category","embeddable":true,"href":"http:\/\/www.pasadenahoy.com\/primero\/wp-json\/wp\/v2\/categories?post=12027"},{"taxonomy":"post_tag","embeddable":true,"href":"http:\/\/www.pasadenahoy.com\/primero\/wp-json\/wp\/v2\/tags?post=12027"}],"curies":[{"name":"wp","href":"https:\/\/api.w.org\/{rel}","templated":true}]}}