{"id":12036,"date":"2021-10-28T15:23:45","date_gmt":"2021-10-28T15:23:45","guid":{"rendered":"http:\/\/www.pasadenahoy.com\/primero\/?p=12036"},"modified":"2021-10-28T15:23:48","modified_gmt":"2021-10-28T15:23:48","slug":"no-se-reportaron-muertes-por-covid-19-en-pasadena-durante-3-semanas-19-infecciones-detectadas-el-miercoles","status":"publish","type":"post","link":"http:\/\/www.pasadenahoy.com\/primero\/la-comunidad\/no-se-reportaron-muertes-por-covid-19-en-pasadena-durante-3-semanas-19-infecciones-detectadas-el-miercoles\/","title":{"rendered":"No se reportaron muertes por COVID-19 en Pasadena durante 3 semanas, 19 infecciones detectadas el mi\u00e9rcoles"},"content":{"rendered":"\n<figure class=\"wp-block-image alignnone size-large\"><figure class=\"alignnone\"><img loading=\"lazy\" width=\"700\" height=\"378\" src=\"http:\/\/www.pasadenahoy.com\/primero\/wp-content\/uploads\/2021\/04\/Covid-Update-1-1-1-700x378-1.jpg\" alt=\"\" class=\"wp-image-7899\" srcset=\"http:\/\/www.pasadenahoy.com\/primero\/wp-content\/uploads\/2021\/04\/Covid-Update-1-1-1-700x378-1.jpg 700w, http:\/\/www.pasadenahoy.com\/primero\/wp-content\/uploads\/2021\/04\/Covid-Update-1-1-1-700x378-1-300x162.jpg 300w, http:\/\/www.pasadenahoy.com\/primero\/wp-content\/uploads\/2021\/04\/Covid-Update-1-1-1-700x378-1-241x130.jpg 241w, http:\/\/www.pasadenahoy.com\/primero\/wp-content\/uploads\/2021\/04\/Covid-Update-1-1-1-700x378-1-333x180.jpg 333w, http:\/\/www.pasadenahoy.com\/primero\/wp-content\/uploads\/2021\/04\/Covid-Update-1-1-1-700x378-1-360x194.jpg 360w\" sizes=\"100vw\" \/><\/figure><\/figure>\n\n\n\n<p>El Departamento de Salud P\u00fablica de Pasadena report\u00f3 19 nuevas infecciones por COVID-19, pero cero muertes, el jueves, marcando tres semanas seguidas sin una fatalidad, muestran los registros.<\/p>\n\n\n\n<p>Los 19 nuevos casos elevaron el total de la pandemia de la ciudad a 13.499 infecciones, mientras que el n\u00famero de muertes se mantuvo en 363, seg\u00fan datos de PPHD.<\/p>\n\n\n\n<p>El n\u00famero promedio de infecciones diarias en Pasadena ha aumentado levemente durante la \u00faltima semana, de 7.6 el 21 de octubre a 12.4 el mi\u00e9rcoles.<\/p>\n\n\n\n<p>Los funcionarios del Distrito Escolar Unificado de Pasadena documentaron 17 casos del virus entre los estudiantes, as\u00ed como tres casos entre los miembros del personal, durante la semana anterior.<\/p>\n\n\n\n<p>Los funcionarios del Departamento de Salud P\u00fablica del Condado de Los \u00c1ngeles informaron el mi\u00e9rcoles 909 nuevas infecciones y 11 muertes, lo que elev\u00f3 el total de pandemias del condado a 1,487,502 casos de COVID-19 y 26,578 muertes.<\/p>\n\n\n\n<p>Las autoridades enumeraron a 650 pacientes de COVID-19 que estaban siendo tratados en hospitales del condado de Los \u00c1ngeles, y el 28% de ellos estaban alojados en unidades de cuidados intensivos.<\/p>\n\n\n\n<p>La tasa de positividad de la prueba diaria el mi\u00e9rcoles aument\u00f3 a 1.2%.<\/p>\n\n\n\n<p>La directora de salud p\u00fablica del condado de Los \u00c1ngeles, Barbara Ferrer, dijo que el condado estaba trabajando con centros de enfermer\u00eda especializada para ayudar a garantizar que los residentes elegibles puedan acceder a las vacunas de refuerzo.<\/p>\n\n\n\n<p>\u201cInstamos a otras personas elegibles para dosis de refuerzo, particularmente a aquellas con mayor riesgo de enfermedad grave si est\u00e1n infectadas, a que aprovechen la protecci\u00f3n mejorada que brindan los refuerzos, especialmente antes de las reuniones navide\u00f1as que crean m\u00e1s oportunidades para que se propague el COVID-19\u201d, dijo.<\/p>\n\n\n\n<p>El Departamento de Salud P\u00fablica de California enumer\u00f3 4.378 nuevos casos de COVID-19 y 113 muertes el mi\u00e9rcoles, lo que eleva los totales del estado a 4.635.540 infecciones y 71.295 muertes.<\/p>\n\n\n\n<p>La tasa de positividad semanal en todo el estado se midi\u00f3 en 2.2%.<\/p>\n\n\n\n<p>Hasta el mi\u00e9rcoles, el condado de Los \u00c1ngeles representaba el 32% de las infecciones por COVID-19 de California y el 37% de las muertes del estado.<\/p>\n","protected":false},"excerpt":{"rendered":"<p>El Departamento de Salud P\u00fablica de Pasadena report\u00f3 19 nuevas infecciones por COVID-19, pero cero muertes, el jueves, marcando tres semanas seguidas sin una fatalidad, muestran los registros. Los 19 nuevos casos elevaron el total de la pandemia de la ciudad a 13.499 infecciones, mientras que el n\u00famero de muertes se mantuvo en 363, seg\u00fan datos de PPHD. El n\u00famero promedio de infecciones diarias en Pasadena ha aumentado levemente durante la \u00faltima semana, de 7.6 el 21 de octubre a [&hellip;]<\/p>\n","protected":false},"author":4,"featured_media":7899,"comment_status":"open","ping_status":"closed","sticky":false,"template":"","format":"standard","meta":[],"categories":[4],"tags":[],"acf":[],"_links":{"self":[{"href":"http:\/\/www.pasadenahoy.com\/primero\/wp-json\/wp\/v2\/posts\/12036"}],"collection":[{"href":"http:\/\/www.pasadenahoy.com\/primero\/wp-json\/wp\/v2\/posts"}],"about":[{"href":"http:\/\/www.pasadenahoy.com\/primero\/wp-json\/wp\/v2\/types\/post"}],"author":[{"embeddable":true,"href":"http:\/\/www.pasadenahoy.com\/primero\/wp-json\/wp\/v2\/users\/4"}],"replies":[{"embeddable":true,"href":"http:\/\/www.pasadenahoy.com\/primero\/wp-json\/wp\/v2\/comments?post=12036"}],"version-history":[{"count":2,"href":"http:\/\/www.pasadenahoy.com\/primero\/wp-json\/wp\/v2\/posts\/12036\/revisions"}],"predecessor-version":[{"id":12038,"href":"http:\/\/www.pasadenahoy.com\/primero\/wp-json\/wp\/v2\/posts\/12036\/revisions\/12038"}],"wp:featuredmedia":[{"embeddable":true,"href":"http:\/\/www.pasadenahoy.com\/primero\/wp-json\/wp\/v2\/media\/7899"}],"wp:attachment":[{"href":"http:\/\/www.pasadenahoy.com\/primero\/wp-json\/wp\/v2\/media?parent=12036"}],"wp:term":[{"taxonomy":"category","embeddable":true,"href":"http:\/\/www.pasadenahoy.com\/primero\/wp-json\/wp\/v2\/categories?post=12036"},{"taxonomy":"post_tag","embeddable":true,"href":"http:\/\/www.pasadenahoy.com\/primero\/wp-json\/wp\/v2\/tags?post=12036"}],"curies":[{"name":"wp","href":"https:\/\/api.w.org\/{rel}","templated":true}]}}